{"id":268527,"date":"2025-07-23T17:25:21","date_gmt":"2025-07-23T17:25:21","guid":{"rendered":"https:\/\/www.europesays.com\/fr\/268527\/"},"modified":"2025-07-23T17:25:21","modified_gmt":"2025-07-23T17:25:21","slug":"une-histoire-damour-avec-les-defauts-urbains","status":"publish","type":"post","link":"https:\/\/www.europesays.com\/fr\/268527\/","title":{"rendered":"une histoire d\u2019amour avec les \u00ab\u00a0d\u00e9fauts urbains\u00a0\u00bb"},"content":{"rendered":"<p>Ladamenrouge d\u00e9crit sa d\u00e9marche comme une histoire d\u2019amour avec les \u00ab\u00a0d\u00e9fauts urbains\u00a0\u00bb. \u00ab\u00a0Les fissures, les asp\u00e9rit\u00e9s m\u2019inspirent plein d\u2019id\u00e9es spontan\u00e9ment, explique l\u2019artiste. Mon travail se situe \u00e0 la fronti\u00e8re entre le d\u00e9tournement urbain et le street art pur.\u00a0\u00bb L\u00e0 o\u00f9 les fresques n\u00e9cessitent une conception minutieuse, Ladamenrouge privil\u00e9gie la spontan\u00e9it\u00e9, laissant l\u2019environnement dicter ses cr\u00e9ations.<\/p>\n<p>De l\u2019humour pour faire r\u00e9fl\u00e9chir<\/p>\n<p>Si Ladamenrouge ne surfe pas sur des th\u00e8mes d\u2019actualit\u00e9 \u00e0 la mani\u00e8re de certains de ses pairs, l\u2019artiste n\u2019h\u00e9site pas \u00e0 s\u2019exprimer lorsque certains \u00e9v\u00e9nements le touchent particuli\u00e8rement. \u00ab\u00a0De temps en temps, j\u2019ai envie de r\u00e9gler mes comptes avec quelqu\u2019un,&#8230;<\/p>\n","protected":false},"excerpt":{"rendered":"Ladamenrouge d\u00e9crit sa d\u00e9marche comme une histoire d\u2019amour avec les \u00ab\u00a0d\u00e9fauts urbains\u00a0\u00bb. \u00ab\u00a0Les fissures, les asp\u00e9rit\u00e9s m\u2019inspirent plein&hellip;\n","protected":false},"author":2,"featured_media":268528,"comment_status":"","ping_status":"","sticky":false,"template":"","format":"standard","meta":{"footnotes":""},"categories":[9653],"tags":[1111,11,2430,1687,7539,1777,674,2271,1011,27,12,25,4001,7538],"class_list":{"0":"post-268527","1":"post","2":"type-post","3":"status-publish","4":"format-standard","5":"has-post-thumbnail","7":"category-saint-etienne","8":"tag-actu","9":"tag-actualites","10":"tag-auvergne-rhone-alpes","11":"tag-culture-loisirs","12":"tag-edition-loire-sud","13":"tag-eu","14":"tag-europe","15":"tag-exposition-arts-plastiques","16":"tag-fr","17":"tag-france","18":"tag-news","19":"tag-republique-francaise","20":"tag-saint-etienne","21":"tag-saint-etienne-ville"},"share_on_mastodon":{"url":"https:\/\/pubeurope.com\/@fr\/114903719756243292","error":""},"_links":{"self":[{"href":"https:\/\/www.europesays.com\/fr\/wp-json\/wp\/v2\/posts\/268527","targetHints":{"allow":["GET"]}}],"collection":[{"href":"https:\/\/www.europesays.com\/fr\/wp-json\/wp\/v2\/posts"}],"about":[{"href":"https:\/\/www.europesays.com\/fr\/wp-json\/wp\/v2\/types\/post"}],"author":[{"embeddable":true,"href":"https:\/\/www.europesays.com\/fr\/wp-json\/wp\/v2\/users\/2"}],"replies":[{"embeddable":true,"href":"https:\/\/www.europesays.com\/fr\/wp-json\/wp\/v2\/comments?post=268527"}],"version-history":[{"count":0,"href":"https:\/\/www.europesays.com\/fr\/wp-json\/wp\/v2\/posts\/268527\/revisions"}],"wp:featuredmedia":[{"embeddable":true,"href":"https:\/\/www.europesays.com\/fr\/wp-json\/wp\/v2\/media\/268528"}],"wp:attachment":[{"href":"https:\/\/www.europesays.com\/fr\/wp-json\/wp\/v2\/media?parent=268527"}],"wp:term":[{"taxonomy":"category","embeddable":true,"href":"https:\/\/www.europesays.com\/fr\/wp-json\/wp\/v2\/categories?post=268527"},{"taxonomy":"post_tag","embeddable":true,"href":"https:\/\/www.europesays.com\/fr\/wp-json\/wp\/v2\/tags?post=268527"}],"curies":[{"name":"wp","href":"https:\/\/api.w.org\/{rel}","templated":true}]}}