{"id":268529,"date":"2025-07-23T17:26:10","date_gmt":"2025-07-23T17:26:10","guid":{"rendered":"https:\/\/www.europesays.com\/fr\/268529\/"},"modified":"2025-07-23T17:26:10","modified_gmt":"2025-07-23T17:26:10","slug":"des-soldes-decevants-pour-les-commercants","status":"publish","type":"post","link":"https:\/\/www.europesays.com\/fr\/268529\/","title":{"rendered":"des soldes d\u00e9cevants pour les commer\u00e7ants"},"content":{"rendered":"<p>\u00ab\u00a0Aujourd\u2019hui, les soldes n\u2019ont plus vraiment d\u2019impact\u00a0\u00bb, affirme cat\u00e9goriquement Anne-Marie Kacem, responsable du magasin \u00c0 l\u2019ombre des marques, situ\u00e9 place de l\u2019H\u00f4tel-de-Ville. Pr\u00e9sente dans le m\u00e9tier depuis trente ans, la commer\u00e7ante constate une baisse de 15\u00a0% de leur chiffre d\u2019affaires par rapport \u00e0 la m\u00eame p\u00e9riode l\u2019an dernier.<\/p>\n<p>Dans la bouche des commer\u00e7ants comme des consommateurs, cette p\u00e9riode, auparavant tr\u00e8s attendue, semble avoir perdu de sa magie. Les r\u00e9ductions massives ne suffisent plus et la fr\u00e9n\u00e9sie habituelle semble avoir quitt\u00e9 les all\u00e9es des magasins.<\/p>\n<p>Centre-ville et centres commerciaux\u00a0: m\u00eame d\u00e9saffection\u00a0?<\/p>\n<p>En&#8230;<\/p>\n","protected":false},"excerpt":{"rendered":"\u00ab\u00a0Aujourd\u2019hui, les soldes n\u2019ont plus vraiment d\u2019impact\u00a0\u00bb, affirme cat\u00e9goriquement Anne-Marie Kacem, responsable du magasin \u00c0 l\u2019ombre des marques,&hellip;\n","protected":false},"author":2,"featured_media":268530,"comment_status":"","ping_status":"","sticky":false,"template":"","format":"standard","meta":{"footnotes":""},"categories":[9653],"tags":[1111,11,2430,4406,130,33,7539,1777,674,1011,27,12,25,4001,7538],"class_list":{"0":"post-268529","1":"post","2":"type-post","3":"status-publish","4":"format-standard","5":"has-post-thumbnail","7":"category-saint-etienne","8":"tag-actu","9":"tag-actualites","10":"tag-auvergne-rhone-alpes","11":"tag-commerce-et-services","12":"tag-consommation","13":"tag-economie","14":"tag-edition-loire-sud","15":"tag-eu","16":"tag-europe","17":"tag-fr","18":"tag-france","19":"tag-news","20":"tag-republique-francaise","21":"tag-saint-etienne","22":"tag-saint-etienne-ville"},"share_on_mastodon":{"url":"https:\/\/pubeurope.com\/@fr\/114903723819332966","error":""},"_links":{"self":[{"href":"https:\/\/www.europesays.com\/fr\/wp-json\/wp\/v2\/posts\/268529","targetHints":{"allow":["GET"]}}],"collection":[{"href":"https:\/\/www.europesays.com\/fr\/wp-json\/wp\/v2\/posts"}],"about":[{"href":"https:\/\/www.europesays.com\/fr\/wp-json\/wp\/v2\/types\/post"}],"author":[{"embeddable":true,"href":"https:\/\/www.europesays.com\/fr\/wp-json\/wp\/v2\/users\/2"}],"replies":[{"embeddable":true,"href":"https:\/\/www.europesays.com\/fr\/wp-json\/wp\/v2\/comments?post=268529"}],"version-history":[{"count":0,"href":"https:\/\/www.europesays.com\/fr\/wp-json\/wp\/v2\/posts\/268529\/revisions"}],"wp:featuredmedia":[{"embeddable":true,"href":"https:\/\/www.europesays.com\/fr\/wp-json\/wp\/v2\/media\/268530"}],"wp:attachment":[{"href":"https:\/\/www.europesays.com\/fr\/wp-json\/wp\/v2\/media?parent=268529"}],"wp:term":[{"taxonomy":"category","embeddable":true,"href":"https:\/\/www.europesays.com\/fr\/wp-json\/wp\/v2\/categories?post=268529"},{"taxonomy":"post_tag","embeddable":true,"href":"https:\/\/www.europesays.com\/fr\/wp-json\/wp\/v2\/tags?post=268529"}],"curies":[{"name":"wp","href":"https:\/\/api.w.org\/{rel}","templated":true}]}}