{"id":268531,"date":"2025-07-23T17:27:13","date_gmt":"2025-07-23T17:27:13","guid":{"rendered":"https:\/\/www.europesays.com\/fr\/268531\/"},"modified":"2025-07-23T17:27:13","modified_gmt":"2025-07-23T17:27:13","slug":"apres-le-concert-dherve-vilard-ce-maire-se-lache-sur-lartiste","status":"publish","type":"post","link":"https:\/\/www.europesays.com\/fr\/268531\/","title":{"rendered":"apr\u00e8s le concert d&rsquo;Herv\u00e9 Vilard, ce maire se l\u00e2che sur l&rsquo;artiste"},"content":{"rendered":"<p>            Par<br \/>\n        <strong><br \/>\n            <a href=\"https:\/\/actu.fr\/auteur\/amandine-mehl\" title=\"Consulter tous les articles de Amandine Mehl\" rel=\"nofollow noopener\" target=\"_blank\">Amandine Mehl<\/a><br \/>\n        <\/strong><\/p>\n<p>        Publi\u00e9 le<\/p>\n<p>            23 juil. 2025 \u00e0 18h21        <\/p>\n<p>En mai dernier, le concert d\u2019<a href=\"https:\/\/actu.fr\/grand-est\/vandoeuvre-les-nancy_54547\/artiste-irrespectueux-d-une-arrogance-inouie-un-concert-d-herve-vilard-vire-au-reglement-de-comptes_62623689.html\" rel=\"nofollow noopener\" target=\"_blank\">Herv\u00e9 Vilard<\/a> au <strong>parc des expositions de Vand\u0153uvre-l\u00e8s-Nancy<\/strong> virait au <strong>r\u00e8glement de comptes<\/strong> sur les r\u00e9seaux sociaux. \u00ab\u2009Artiste irrespectueux\u2009\u00bb, \u00ab\u2009d\u2019une arrogance inou\u00efe\u2009\u00bb\u2026 de nombreux spectateurs <strong>ont d\u00e9plor\u00e9 le comportement<\/strong> de l\u2019interpr\u00e8te de Capri c\u2019est fini.<br \/>Si de l\u2019eau a coul\u00e9 sous les ponts depuis, <strong>Patrice Donati<\/strong>, maire de Vand\u0153uvre-l\u00e8s-Nancy, est revenu sur l\u2019\u00e9v\u00e9nement lors du dernier conseil municipal de la commune. Et, le moins que l\u2019on puisse dire, c\u2019est qu\u2019il n\u2019a pas m\u00e2ch\u00e9 ses mots.<\/p>\n<p>\u00ab\u2009Un monsieur qui, je dirai, n\u2019\u00e9tait pas tr\u00e8s content de vieillir\u2009\u00bb<\/p>\n<p class=\" wall-content\">\u00ab\u2009On esp\u00e9rait \u00e9videmment que le <a href=\"https:\/\/actu.fr\/loisirs-culture\/concert\" rel=\"nofollow noopener\" target=\"_blank\">concert<\/a> se d\u00e9roule autrement, mais on a trouv\u00e9 un monsieur qui, je dirai, <strong>n\u2019\u00e9tait pas tr\u00e8s content de vieillir<\/strong> hein. Il faut dire les choses. Et qui nous <strong>a amen\u00e9 beaucoup de contraintes<\/strong>\u2009\u00bb, a entam\u00e9 M. Donati.<\/p>\n<p class=\" wall-content\">Alors que le chanteur s\u2019est plaint \u00e0 plusieurs reprises de la <strong>qualit\u00e9 du son et de la salle<\/strong>, l\u2019\u00e9lu a avou\u00e9 que l\u2019acoustique du parc des expositions n\u2019est \u00ab\u2009pas bonne\u2009\u00bb et que \u00ab\u2009mettre 1\u2009400\u00a0personnes dans la salle n\u2019est pas bien non plus\u2009\u00bb.<\/p>\n<p>Pas d\u2019interdiction d\u2019utiliser des \u00e9crans g\u00e9ants, mais de filmer Herv\u00e9 Vilard<\/p>\n<p class=\" wall-content\">Le maire a aussi fait part de son regret quant \u00e0 l\u2019<strong>absence d\u2019\u00e9crans g\u00e9ants<\/strong>, ce qui n\u2019a pas permis aux spectateurs qui se trouvaient au fond de la salle de voir la sc\u00e8ne.<\/p>\n<blockquote class=\"ac-article-quote wall-content\">\n<p>L\u00e0, j&rsquo;\u00e9tais maire, donc j&rsquo;\u00e9tais au premier rang. Mais avant, comme je n&rsquo;arrivais jamais en avance, je me mettais comme tout le monde [comprendre pas devant la sc\u00e8ne] et bien souvent, on ne voit pas bien quand on est loin et on entend mal. Ce ne sont pas des bonnes conditions. Jusqu&rsquo;\u00e0 pr\u00e9sent, les chanteurs ont fait leur prestation, leur maximum. On a lou\u00e9 des grands \u00e9crans ann\u00e9e apr\u00e8s ann\u00e9e et \u00e7a permettait de voir quelque chose sans \u00eatre frustr\u00e9.<\/p>\n<p>    <strong>Patrice Donati<\/strong><br \/>\n        Maire de Vand\u0153uvre-l\u00e8s-Nancy    <\/p><\/blockquote>\n<p class=\" wall-content\">S\u2019il a d\u2019abord indiqu\u00e9 que cette absence \u00e9tait li\u00e9e \u00e0 un refus d\u2019Herv\u00e9 Vilard, le conseiller municipal <strong>Jean-Pierre Becker<\/strong>, qui a \u00ab\u2009trouv\u00e9 que le concert \u00e9tait de grande qualit\u00e9\u2009\u00bb, a fait savoir que le chanteur <strong>n\u2019avait pas interdit l\u2019utilisation des \u00e9crans<\/strong>, <strong>mais le fait d\u2019\u00eatre film\u00e9<\/strong>. \u00ab\u2009On n\u2019avait pas pris la pr\u00e9caution de l\u2019indiquer dans le contrat, c\u2019est notre faute. Et, il n\u2019a pas fait de faute qui nous aurait permis de ne pas le payer\u2009\u00bb, a-t-il ajout\u00e9.<\/p>\n<p>\u00ab\u2009Le soir, j\u2019ai mang\u00e9 avec lui, il a \u00e9t\u00e9 d\u00e9sagr\u00e9able\u2009\u00bb<\/p>\n<p class=\" wall-content\">M\u00eame son de cloche du c\u00f4t\u00e9 de Patrice Donati\u2009: \u00ab<strong>\u2009Il a critiqu\u00e9 tout le temps<\/strong>. Le soir, j\u2019ai mang\u00e9 avec lui, <strong>il a \u00e9t\u00e9 d\u00e9sagr\u00e9able<\/strong>. Il faut dire les choses\u2009! Mais il a fait sa prestation suivant le contrat, donc on ne peut pas dire\u2009:\u2009\u00bb T\u2019as pas \u00e9t\u00e9 gentil, on ne paie pas \u00ab. \u00c7a ne marche pas comme \u00e7a\u2009\u00bb.<\/p>\n<blockquote class=\"ac-article-quote wall-content\">\n<p>C&rsquo;est un peu dommage, on est tous nostalgiques de Capri c&rsquo;est fini ! Pour nous, les anciens, c&rsquo;est quelque chose, \u00e7a nous fait r\u00eaver. Mais il faut que ce soit une f\u00eate. En plus, il nous a chant\u00e9 des chansons qui \u00e9taient nouvelles, de grande qualit\u00e9, Aragon, etc., mais ce n&rsquo;est pas ce que les habitants attendaient.\u00a0<\/p>\n<p>    <strong>Patrice Donati<\/strong><br \/>\n        Maire de Vandoeuvre-l\u00e8s-Nancy    <\/p><\/blockquote>\n<p>Une organisation diff\u00e9rente pour le spectacle de l\u2019an prochain<\/p>\n<p class=\" wall-content\">Une chose est certaine, la Ville veut \u00e9viter que ce genre de situation se reproduise. Ainsi, le spectacle de l\u2019ann\u00e9e prochaine <strong>se d\u00e9roulera dans la salle des f\u00eates<\/strong>. \u00ab\u2009Il n\u2019y aura pas un concert, mais <strong>une m\u00eame personne qui chantera trois fois<\/strong> de fa\u00e7on que \u00e7a se passe dans de bonnes conditions et avec une meilleure acoustique\u2009\u00bb.<\/p>\n<p class=\" wall-content\">\u00ab\u2009Je sais que j\u2019appr\u00e9cierai le chanteur qui va \u00eatre invit\u00e9 et <strong>j\u2019esp\u00e8re simplement qu\u2019il sera plus souriant<\/strong>\u2009\u00bb, a conclu Patrice Donati.<\/p>\n<p class=\" wall-content\">Suivez toute l\u2019actualit\u00e9 de vos villes et m\u00e9dias favoris en vous inscrivant \u00e0 <a href=\"https:\/\/moncompte.actu.fr\" title=\"D\u00e9couvez Mon Actu\" rel=\"nofollow noopener\" data-trk=\"{&quot;cta&quot;:{&quot;action&quot;:&quot;https:\\\/\\\/moncompte.actu.fr&quot;,&quot;category&quot;:&quot;mon compte&quot;,&quot;from&quot;:&quot;article footer&quot;,&quot;name&quot;:&quot;Mon actu&quot;,&quot;type&quot;:&quot;cta&quot;}}\" target=\"_blank\">Mon Actu<\/a>.<\/p>\n","protected":false},"excerpt":{"rendered":"Par Amandine Mehl Publi\u00e9 le 23 juil. 2025 \u00e0 18h21 En mai dernier, le concert d\u2019Herv\u00e9 Vilard au&hellip;\n","protected":false},"author":2,"featured_media":268532,"comment_status":"","ping_status":"","sticky":false,"template":"","format":"standard","meta":{"footnotes":""},"categories":[9635],"tags":[1111,11,1697,1777,674,1011,27,775,1702,12,25,104],"class_list":{"0":"post-268531","1":"post","2":"type-post","3":"status-publish","4":"format-standard","5":"has-post-thumbnail","7":"category-nancy","8":"tag-actu","9":"tag-actualites","10":"tag-concert","11":"tag-eu","12":"tag-europe","13":"tag-fr","14":"tag-france","15":"tag-grand-est","16":"tag-nancy","17":"tag-news","18":"tag-republique-francaise","19":"tag-societe"},"share_on_mastodon":{"url":"https:\/\/pubeurope.com\/@fr\/114903727833001163","error":""},"_links":{"self":[{"href":"https:\/\/www.europesays.com\/fr\/wp-json\/wp\/v2\/posts\/268531","targetHints":{"allow":["GET"]}}],"collection":[{"href":"https:\/\/www.europesays.com\/fr\/wp-json\/wp\/v2\/posts"}],"about":[{"href":"https:\/\/www.europesays.com\/fr\/wp-json\/wp\/v2\/types\/post"}],"author":[{"embeddable":true,"href":"https:\/\/www.europesays.com\/fr\/wp-json\/wp\/v2\/users\/2"}],"replies":[{"embeddable":true,"href":"https:\/\/www.europesays.com\/fr\/wp-json\/wp\/v2\/comments?post=268531"}],"version-history":[{"count":0,"href":"https:\/\/www.europesays.com\/fr\/wp-json\/wp\/v2\/posts\/268531\/revisions"}],"wp:featuredmedia":[{"embeddable":true,"href":"https:\/\/www.europesays.com\/fr\/wp-json\/wp\/v2\/media\/268532"}],"wp:attachment":[{"href":"https:\/\/www.europesays.com\/fr\/wp-json\/wp\/v2\/media?parent=268531"}],"wp:term":[{"taxonomy":"category","embeddable":true,"href":"https:\/\/www.europesays.com\/fr\/wp-json\/wp\/v2\/categories?post=268531"},{"taxonomy":"post_tag","embeddable":true,"href":"https:\/\/www.europesays.com\/fr\/wp-json\/wp\/v2\/tags?post=268531"}],"curies":[{"name":"wp","href":"https:\/\/api.w.org\/{rel}","templated":true}]}}