{"id":268533,"date":"2025-07-23T17:28:13","date_gmt":"2025-07-23T17:28:13","guid":{"rendered":"https:\/\/www.europesays.com\/fr\/268533\/"},"modified":"2025-07-23T17:28:13","modified_gmt":"2025-07-23T17:28:13","slug":"proligue-nancy-handball-une-reprise-aux-airs-denterrement","status":"publish","type":"post","link":"https:\/\/www.europesays.com\/fr\/268533\/","title":{"rendered":"Proligue. Nancy Handball\u00a0: une reprise aux airs d\u2019enterrement"},"content":{"rendered":"<p>Dans leurs maillots et leurs shorts disparates, les joueurs du Nancy Handball d\u00e9barquent par petites vagues \u00e0 la \u00ab\u00a0Box Vinkere\u00a0\u00bb. Les retrouvailles sont, certes, chaleureuses, mais les visages sont graves. Nul besoin d\u2019\u00eatre grand psychologue pour constater que le c\u0153ur n\u2019y est pas\u00a0! Et pour cause\u2026<\/p>\n<p>Ce mercredi matin, les Bleu et or sont venus honorer \u00ab\u00a0la reprise de l\u2019entra\u00eenement\u00a0\u00bb. Comme convenu. Enfin, \u00e0 quelques d\u00e9tails pr\u00e8s\u00a0! Toujours dans l\u2019attente de leur salaire du mois de juin (\u00e0 l\u2019instar du staff et plus g\u00e9n\u00e9ralement, de la vingtaine de salari\u00e9s de la SASP), de leur dotation en \u00e9quipement et d\u2019une \u00ab\u00a0communication claire\u00a0\u00bb de la direction du club, Antoine Blanc et ses partenaires ne croiseront d\u2019ailleurs \u00e0 Tomblaine aucun de leurs dirigeants. Il faut pr\u00e9ciser qu\u2019en ce jour de rentr\u00e9e \u00ab\u00a0fant\u00f4me\u00a0\u00bb &#8211; comme certains l\u2019ont surnomm\u00e9e &#8211; ils sont accueillis gracieusement par leur pr\u00e9parateur physique Samy Cortes, le patron de la salle, qui s\u2019est refus\u00e9 \u00e0 laisser les gars \u00e0 la rue.<\/p>\n<p>En l\u2019absence d\u2019Ulrich Chaduteaud (1), le directeur sportif Yann Ducreux tente de trouver les mots, face \u00e0 une situation qui le ronge\u2026 Pris en tenaille entre une direction dont il d\u00e9plore lui aussi le silence et un groupe compos\u00e9 (au moins pour moiti\u00e9) \u00ab\u00a0de smicards\u00a0\u00bb, confront\u00e9s \u00e0 leur tour aux premiers impay\u00e9s, voire aux menaces de leurs bailleurs. Tel est l\u2019\u00e9tat des troupes du \u00ab\u00a0NH\u00a0\u00bb en cette fin juillet, \u00e0 tout juste une semaine <a href=\"https:\/\/www.estrepublicain.fr\/sport\/2025\/06\/17\/le-nancy-handball-exclu-du-championnat-de-proligue\" target=\"_blank\" rel=\"noopener\">de la \u00ab\u00a0conciliation\u00a0\u00bb de la derni\u00e8re chance<\/a> (et d\u2019une audience tripartite entre le CNOSF, la F\u00e9d\u00e9ration et le club lorrain)\u00a0: <a href=\"https:\/\/www.estrepublicain.fr\/sport\/2025\/07\/10\/lucas-ghiani-directeur-general-du-nancy-handball-notre-position-continuer-a-se-battre\" target=\"_blank\" rel=\"noopener\">un ultime recours (2)<\/a> auquel ils ne sont plus nombreux \u00e0 croire dans le vestiaire lorrain, o\u00f9 pr\u00e9dominent d\u00e9sormais amertume, col\u00e8re, \u00e9c\u0153urement et sentiment d\u2019abandon\u2026<\/p>\n<p>  Yann Ducreux\u00a0: \u00ab\u00a0J\u2019ai l\u2019impression qu\u2019on s\u2019est servi de moi\u00a0\u00bb<\/p>\n<p>\u00ab\u00a0Le staff m\u00e9dical n\u2019ayant pas \u00e9t\u00e9 pay\u00e9, nous nous sommes \u00e9galement assis sur la visite de rentr\u00e9e\u00a0\u00bb, compl\u00e8te Yann Ducreux, sans chercher \u00e0 cacher son exasp\u00e9ration. \u00ab\u00a0Je suis tr\u00e8s remont\u00e9, tr\u00e8s d\u00e9\u00e7u. Je prends cela comme une trahison (Ndlr. Il n\u2019est pas le seul \u00e0 utiliser ce terme). J\u2019ai un peu l\u2019impression qu\u2019on s\u2019est un peu servi de moi car je n\u2019avais aucune connaissance des \u2018\u2019dossiers\u2019\u2019. On m\u2019a toujours rassur\u00e9 en me laissant imaginer que les efforts financiers consentis, notamment sur la partie sportive, seraient suffisants. En deux ans, on a diminu\u00e9 de 40 \u00e0 50\u00a0% la masse salariale. On m\u2019a demand\u00e9 de monter une \u00e9quipe de smicards et, potentiellement, je me retrouve face \u00e0 une \u00e9quipe de futurs ch\u00f4meurs\u00a0! Aujourd\u2019hui, je suis forc\u00e9ment d\u00e9sol\u00e9 vis-\u00e0-vis des gars \u00e0 qui j\u2019ai vendu un projet et que je mets dans la m\u2026 (sic). Je suis avec eux, ils le savent\u00a0\u00bb, insiste, sans m\u00e2cher ses mots, l\u2019ancien ailier, qui avoue ne plus esp\u00e9rer une issue positive.<\/p>\n<p>\u00ab\u00a0On a du mal \u00e0 y croire, comme on a du mal \u00e0 croire \u00e0 la parole de nos d\u00e9cideurs. Ce que je n\u2019accepte pas, c\u2019est qu\u2019on joue avec la vie de ces gar\u00e7ons. Si (Ndlr. En cas d\u2019\u00e9chec de la conciliation) 50\u00a0% d\u2019entre eux retrouvent quelque chose cette saison, ce sera un miracle. Pour l\u2019instant, on essaie simplement de les maintenir en forme\u00a0\u00bb, conclut Yann Ducreux, qui a donc pr\u00e9vu pour les semaines \u00e0 venir un programme d\u2019entretien minimaliste alternant entre \u00ab\u00a0pr\u00e9pa physique et ballon\u00a0\u00bb (\u00e0 Vandoeuvre). Dans l\u2019attente d\u2019une d\u00e9cision qui n\u2019interviendra pas avant la premi\u00e8re semaine d\u2019ao\u00fbt, avec ses deux issues possibles\u00a0: le difficile r\u00e9tablissement de l\u2019activit\u00e9, en d\u00e9pit d\u2019une confiance pour le moins entam\u00e9e\u2026 ou le d\u00e9p\u00f4t le bilan\u00a0!<\/p>\n<p class=\"note\">(1) Rattrap\u00e9 par des soucis m\u00e9dicaux, le coach nanc\u00e9ien (en arr\u00eat maladie) n\u2019a pas particip\u00e9 \u00e0 ce premier entra\u00eenement. Pas plus qu\u2019\u00c9milien Deschamps (convalescent). Annonc\u00e9s \u00e0 Nancy sous forme de pr\u00eat(s), le pivot <a href=\"https:\/\/www.estrepublicain.fr\/sport\/2025\/03\/20\/nancy-handball-erwan-modeste-pivote-en-direction-de-la-lorraine\" target=\"_blank\" rel=\"noopener\">Erwan Modeste (Tremblay)<\/a> et l\u2019arri\u00e8re gauche <a href=\"https:\/\/www.estrepublicain.fr\/sport\/2025\/05\/29\/nancy-handball-noah-kouadio-le-dernier-renfort\" target=\"_blank\" rel=\"noopener\">Noah Kouadio (Saint-Rapha\u00ebl)<\/a> ont, eux, obtenu l\u2019annulation des d\u00e9marches\u2026 (2) Sans le feu vert de la F\u00e9d\u00e9 et celui de la Ligue, le NH ne peut aujourd\u2019hui d\u00e9bloquer certaines rentr\u00e9es financi\u00e8res &#8211; publiques ou priv\u00e9es &#8211; conditionn\u00e9es \u00e0 son maintien en D2.<\/p>\n","protected":false},"excerpt":{"rendered":"Dans leurs maillots et leurs shorts disparates, les joueurs du Nancy Handball d\u00e9barquent par petites vagues \u00e0 la&hellip;\n","protected":false},"author":2,"featured_media":268534,"comment_status":"","ping_status":"","sticky":false,"template":"","format":"standard","meta":{"footnotes":""},"categories":[9635],"tags":[1111,11,3602,1707,1704,1706,1705,1777,674,107,1701,1795,1011,27,775,1792,1702,13622,1703,12,25,517,1700,1632],"class_list":{"0":"post-268533","1":"post","2":"type-post","3":"status-publish","4":"format-standard","5":"has-post-thumbnail","7":"category-nancy","8":"tag-actu","9":"tag-actualites","10":"tag-edition-bar-le-duc","11":"tag-edition-luneville","12":"tag-edition-nancy-et-agglomeration","13":"tag-edition-pont-a-mousson","14":"tag-edition-toul","15":"tag-eu","16":"tag-europe","17":"tag-fil-info","18":"tag-fil-info-sport","19":"tag-fil-web","20":"tag-fr","21":"tag-france","22":"tag-grand-est","23":"tag-handball","24":"tag-nancy","25":"tag-nancy-handball","26":"tag-nancy-ville-54b","27":"tag-news","28":"tag-republique-francaise","29":"tag-sport","30":"tag-sport-lorrain","31":"tag-volley-ball"},"share_on_mastodon":{"url":"https:\/\/pubeurope.com\/@fr\/114903731650595247","error":""},"_links":{"self":[{"href":"https:\/\/www.europesays.com\/fr\/wp-json\/wp\/v2\/posts\/268533","targetHints":{"allow":["GET"]}}],"collection":[{"href":"https:\/\/www.europesays.com\/fr\/wp-json\/wp\/v2\/posts"}],"about":[{"href":"https:\/\/www.europesays.com\/fr\/wp-json\/wp\/v2\/types\/post"}],"author":[{"embeddable":true,"href":"https:\/\/www.europesays.com\/fr\/wp-json\/wp\/v2\/users\/2"}],"replies":[{"embeddable":true,"href":"https:\/\/www.europesays.com\/fr\/wp-json\/wp\/v2\/comments?post=268533"}],"version-history":[{"count":0,"href":"https:\/\/www.europesays.com\/fr\/wp-json\/wp\/v2\/posts\/268533\/revisions"}],"wp:featuredmedia":[{"embeddable":true,"href":"https:\/\/www.europesays.com\/fr\/wp-json\/wp\/v2\/media\/268534"}],"wp:attachment":[{"href":"https:\/\/www.europesays.com\/fr\/wp-json\/wp\/v2\/media?parent=268533"}],"wp:term":[{"taxonomy":"category","embeddable":true,"href":"https:\/\/www.europesays.com\/fr\/wp-json\/wp\/v2\/categories?post=268533"},{"taxonomy":"post_tag","embeddable":true,"href":"https:\/\/www.europesays.com\/fr\/wp-json\/wp\/v2\/tags?post=268533"}],"curies":[{"name":"wp","href":"https:\/\/api.w.org\/{rel}","templated":true}]}}