{"id":268541,"date":"2025-07-23T17:32:10","date_gmt":"2025-07-23T17:32:10","guid":{"rendered":"https:\/\/www.europesays.com\/fr\/268541\/"},"modified":"2025-07-23T17:32:10","modified_gmt":"2025-07-23T17:32:10","slug":"om-le-club-officialise-une-nouvelle-recrue-en-provenance-de-montpellier","status":"publish","type":"post","link":"https:\/\/www.europesays.com\/fr\/268541\/","title":{"rendered":"OM. Le club officialise une nouvelle recrue en provenance de Montpellier"},"content":{"rendered":"<p><a href=\"https:\/\/www.laprovence.com\/article\/om\/65705940807598\/mercato-om-contretemps-dans-l-arrivee-d-aubameyang-a-marseille\" target=\"_blank\" rel=\"noopener\">\u00c0 d\u00e9faut d\u2019avoir pu officialiser l\u2019arriv\u00e9e de Pierre-Emerick Aubameyang ce mercredi<\/a>, le Gabonais continuant de s\u2019entretenir en Italie pendant que l\u2019OM et ses repr\u00e9sentants r\u00e8glent quelques probl\u00e8mes li\u00e9s \u00e0 son futur contrat en Provence, l\u2019Olympique a enregistr\u00e9 une nouvelle recrue. Celle-ci n\u2019\u00e9tait pas vraiment attendue par les supporters olympiens, suspendus aux dossiers Paixao, Weah et \u00ab\u00a0Auba\u00a0\u00bb. Son nom ne leur dira sans doute rien. Du moins, pour l\u2019instant.<\/p>\n<p>S\u00e9lectionn\u00e9 dans les \u00e9quipes de France de jeunes<\/p>\n<p>Pladi N\u2019Zinga Pambani, jeune d\u00e9fenseur central (18\u00a0ans), s\u2019est engag\u00e9 avec l\u2019OM jusqu\u2019en\u00a02028, en provenance de Montpellier. Le Francilien, de naissance, \u00e9toffera dans un premier temps l\u2019\u00e9quipe Pro2 du club, entra\u00een\u00e9e par Romain Ferrier. Ce grand gaillard (1m94) a connu plusieurs s\u00e9lections chez les \u00e9quipes de France de jeunes, en U16 et U17.<\/p>\n","protected":false},"excerpt":{"rendered":"\u00c0 d\u00e9faut d\u2019avoir pu officialiser l\u2019arriv\u00e9e de Pierre-Emerick Aubameyang ce mercredi, le Gabonais continuant de s\u2019entretenir en Italie&hellip;\n","protected":false},"author":2,"featured_media":268542,"comment_status":"","ping_status":"","sticky":false,"template":"","format":"standard","meta":{"footnotes":""},"categories":[9599],"tags":[17,1111,11,5244,1777,674,1011,27,2208,12,2043,2680,28960,149,20733,30328,25,96],"class_list":{"0":"post-268541","1":"post","2":"type-post","3":"status-publish","4":"format-standard","5":"has-post-thumbnail","7":"category-montpellier","8":"tag-17","9":"tag-actu","10":"tag-actualites","11":"tag-club","12":"tag-eu","13":"tag-europe","14":"tag-fr","15":"tag-france","16":"tag-montpellier","17":"tag-news","18":"tag-nouvelle","19":"tag-occitanie","20":"tag-officialise","21":"tag-om","22":"tag-provenance","23":"tag-recrue","24":"tag-republique-francaise","25":"tag-une"},"share_on_mastodon":{"url":"https:\/\/pubeurope.com\/@fr\/114903747352623525","error":""},"_links":{"self":[{"href":"https:\/\/www.europesays.com\/fr\/wp-json\/wp\/v2\/posts\/268541","targetHints":{"allow":["GET"]}}],"collection":[{"href":"https:\/\/www.europesays.com\/fr\/wp-json\/wp\/v2\/posts"}],"about":[{"href":"https:\/\/www.europesays.com\/fr\/wp-json\/wp\/v2\/types\/post"}],"author":[{"embeddable":true,"href":"https:\/\/www.europesays.com\/fr\/wp-json\/wp\/v2\/users\/2"}],"replies":[{"embeddable":true,"href":"https:\/\/www.europesays.com\/fr\/wp-json\/wp\/v2\/comments?post=268541"}],"version-history":[{"count":0,"href":"https:\/\/www.europesays.com\/fr\/wp-json\/wp\/v2\/posts\/268541\/revisions"}],"wp:featuredmedia":[{"embeddable":true,"href":"https:\/\/www.europesays.com\/fr\/wp-json\/wp\/v2\/media\/268542"}],"wp:attachment":[{"href":"https:\/\/www.europesays.com\/fr\/wp-json\/wp\/v2\/media?parent=268541"}],"wp:term":[{"taxonomy":"category","embeddable":true,"href":"https:\/\/www.europesays.com\/fr\/wp-json\/wp\/v2\/categories?post=268541"},{"taxonomy":"post_tag","embeddable":true,"href":"https:\/\/www.europesays.com\/fr\/wp-json\/wp\/v2\/tags?post=268541"}],"curies":[{"name":"wp","href":"https:\/\/api.w.org\/{rel}","templated":true}]}}