{"id":268550,"date":"2025-07-23T17:37:18","date_gmt":"2025-07-23T17:37:18","guid":{"rendered":"https:\/\/www.europesays.com\/fr\/268550\/"},"modified":"2025-07-23T17:37:18","modified_gmt":"2025-07-23T17:37:18","slug":"laxe-ferme-dans-le-sens-interieur","status":"publish","type":"post","link":"https:\/\/www.europesays.com\/fr\/268550\/","title":{"rendered":"l&rsquo;axe ferm\u00e9 dans le sens int\u00e9rieur"},"content":{"rendered":"<p>            Par<br \/>\n        <strong><br \/>\n            <a href=\"https:\/\/actu.fr\/auteur\/brian-legoff\" title=\"Consulter tous les articles de Brian Le Goff\" target=\"_blank\" rel=\"noopener\">Brian Le Goff<\/a><br \/>\n        <\/strong><\/p>\n<p>        Publi\u00e9 le<\/p>\n<p>            23 juil. 2025 \u00e0 18h51        <\/p>\n<p>Situation compliqu\u00e9e sur la rocade de Rennes, mercredi 23 juillet. Un accident mortel s\u2019est produit en cette fin de journ\u00e9e, entre les portes d\u2019Angers et d\u2019Alma.<\/p>\n<p>    <img   decoding=\"async\" loading=\"lazy\" src=\"https:\/\/www.europesays.com\/fr\/wp-content\/uploads\/2025\/07\/biosn-fute-960x640.png\" alt=\"Les informations indiqu\u00e9es sur Bison Fut\u00e9.\" width=\"960\" height=\"640\"\/><br \/>\n    Les informations indiqu\u00e9es sur Bison Fut\u00e9. (\u00a9 Bison Fut\u00e9)<\/p>\n<p class=\" wall-content\">Selon les informations recueillies sur place aupr\u00e8s du pompier commandant des op\u00e9rations, un homme de 37 ans a \u00e9t\u00e9 signal\u00e9 aux alentours de 17h50 sur la bande d\u2019arr\u00eat d\u2019urgence avant de se jeter contre un bus.<\/p>\n<p class=\" wall-content\">Tr\u00e8s rapidement intervenus sur les lieux, les pompiers ont apport\u00e9 les premiers secours et tent\u00e9 de r\u00e9animer l\u2019homme avec l\u2019appui du Samu, sans succ\u00e8s. La victime a \u00e9t\u00e9 d\u00e9clar\u00e9e d\u00e9c\u00e9d\u00e9e par le m\u00e9decin du Samu.<\/p>\n<p class=\" wall-content\">L\u2019axe est ferm\u00e9 \u00e0 la circulation dans le sens int\u00e9rieur, entre les portes d\u2019Angers et d\u2019Alma. Certains v\u00e9hicules ont d\u00fb faire demi-tour pour sortir de la rocade. Plusieurs kilom\u00e8tres se sont form\u00e9s dans les deux sens.<\/p>\n<p class=\" wall-content\">La police est \u00e9galement sur place pour proc\u00e9der aux premi\u00e8res constatations. La circulation rouvrira ensuite au cours de la soir\u00e9e.<\/p>\n<p class=\" wall-content\">Suivez toute l\u2019actualit\u00e9 de vos villes et m\u00e9dias favoris en vous inscrivant \u00e0 <a href=\"https:\/\/moncompte.actu.fr\" title=\"D\u00e9couvez Mon Actu\" rel=\"nofollow noopener\" data-trk=\"{&quot;cta&quot;:{&quot;action&quot;:&quot;https:\\\/\\\/moncompte.actu.fr&quot;,&quot;category&quot;:&quot;mon compte&quot;,&quot;from&quot;:&quot;article footer&quot;,&quot;name&quot;:&quot;Mon actu&quot;,&quot;type&quot;:&quot;cta&quot;}}\" target=\"_blank\">Mon Actu<\/a>.<\/p>\n","protected":false},"excerpt":{"rendered":"Par Brian Le Goff Publi\u00e9 le 23 juil. 2025 \u00e0 18h51 Situation compliqu\u00e9e sur la rocade de Rennes,&hellip;\n","protected":false},"author":2,"featured_media":268551,"comment_status":"","ping_status":"","sticky":false,"template":"","format":"standard","meta":{"footnotes":""},"categories":[2821],"tags":[119,1111,11,829,1777,674,118,1011,27,12,584,25,4797],"class_list":{"0":"post-268550","1":"post","2":"type-post","3":"status-publish","4":"format-standard","5":"has-post-thumbnail","7":"category-rennes","8":"tag-accident","9":"tag-actu","10":"tag-actualites","11":"tag-bretagne","12":"tag-eu","13":"tag-europe","14":"tag-faits-divers","15":"tag-fr","16":"tag-france","17":"tag-news","18":"tag-rennes","19":"tag-republique-francaise","20":"tag-rocade"},"share_on_mastodon":{"url":"https:\/\/pubeurope.com\/@fr\/114903767093840520","error":""},"_links":{"self":[{"href":"https:\/\/www.europesays.com\/fr\/wp-json\/wp\/v2\/posts\/268550","targetHints":{"allow":["GET"]}}],"collection":[{"href":"https:\/\/www.europesays.com\/fr\/wp-json\/wp\/v2\/posts"}],"about":[{"href":"https:\/\/www.europesays.com\/fr\/wp-json\/wp\/v2\/types\/post"}],"author":[{"embeddable":true,"href":"https:\/\/www.europesays.com\/fr\/wp-json\/wp\/v2\/users\/2"}],"replies":[{"embeddable":true,"href":"https:\/\/www.europesays.com\/fr\/wp-json\/wp\/v2\/comments?post=268550"}],"version-history":[{"count":0,"href":"https:\/\/www.europesays.com\/fr\/wp-json\/wp\/v2\/posts\/268550\/revisions"}],"wp:featuredmedia":[{"embeddable":true,"href":"https:\/\/www.europesays.com\/fr\/wp-json\/wp\/v2\/media\/268551"}],"wp:attachment":[{"href":"https:\/\/www.europesays.com\/fr\/wp-json\/wp\/v2\/media?parent=268550"}],"wp:term":[{"taxonomy":"category","embeddable":true,"href":"https:\/\/www.europesays.com\/fr\/wp-json\/wp\/v2\/categories?post=268550"},{"taxonomy":"post_tag","embeddable":true,"href":"https:\/\/www.europesays.com\/fr\/wp-json\/wp\/v2\/tags?post=268550"}],"curies":[{"name":"wp","href":"https:\/\/api.w.org\/{rel}","templated":true}]}}