{"id":268556,"date":"2025-07-23T17:40:18","date_gmt":"2025-07-23T17:40:18","guid":{"rendered":"https:\/\/www.europesays.com\/fr\/268556\/"},"modified":"2025-07-23T17:40:18","modified_gmt":"2025-07-23T17:40:18","slug":"au-tribunal-la-mort-de-laccuse-de-voyeurisme-a-la-piscine-clot-le-dossier","status":"publish","type":"post","link":"https:\/\/www.europesays.com\/fr\/268556\/","title":{"rendered":"au tribunal, la mort de l&rsquo;accus\u00e9 de voyeurisme \u00e0 la piscine cl\u00f4t le dossier"},"content":{"rendered":"<p>\u00ab\u00a0Il s\u2019est suicid\u00e9.\u00a0\u00bb La nouvelle a \u00e9t\u00e9 annonc\u00e9e mercredi 23\u00a0juillet, au d\u00e9but de l\u2019audience des comparutions imm\u00e9diates au cours de laquelle le Strasbourgeois devait \u00eatre jug\u00e9. Le tribunal n\u2019a pu que constater l\u2019extinction de l\u2019action publique en raison de sa mort.<\/p>\n<p>L\u2019homme, \u00e2g\u00e9 de 52 ans, s\u2019est positionn\u00e9 sur les voies de chemin de fer qui croisent l\u2019avenue Racine, aux confins des quartiers de Hautepierre et de Cronenbourg \u00e0 Strasbourg, lundi 21\u00a0juillet vers 16\u00a0h. Percut\u00e9 par un train de marchandises, il a \u00e9t\u00e9 <a href=\"https:\/\/www.dna.fr\/faits-divers-justice\/2025\/07\/21\/un-homme-decede-apres-avoir-ete-percute-par-un-train-de-fret\" target=\"_blank\" rel=\"noopener\">d\u00e9clar\u00e9 d\u00e9c\u00e9d\u00e9 \u00e0 l\u2019arriv\u00e9e des sapeurs-pompiers<\/a> et du Samu.<\/p>\n<p>  \u00ab\u00a0Cette mise \u00e0 mort virtuelle a conduit \u00e0 sa mise \u00e0 mort r\u00e9elle\u00a0\u00bb<\/p>\n<p>\u00ab\u00a0On voit les d\u00e9g\u00e2ts que peut faire la m\u00e9diatisation de ce genre d\u2019affaire\u00a0\u00bb, bl\u00e2me son conseil, Me Laura Javaux. Le p\u00e8re d\u2019une des parties civiles avait \u00ab\u00a0fortement mobilis\u00e9 la presse\u00a0\u00bb, r\u00e9prouve-t-elle. \u00ab\u00a0Cette m\u00e9diatisation a engendr\u00e9 un grand nombre de r\u00e9actions, des commentaires, tous plus affligeants les uns que les autres, sur les r\u00e9seaux sociaux. Cette mise \u00e0 mort virtuelle a conduit \u00e0 sa mise \u00e0 mort r\u00e9elle\u00a0\u00bb, estime l\u2019avocate.<\/p>\n<p>Son client \u00e9tait poursuivi pour \u00ab\u00a0voyeurisme commis sur un mineur\u00a0\u00bb et pour \u00ab\u00a0atteinte \u00e0 l\u2019intimit\u00e9 de la vie priv\u00e9e par fixation, enregistrement ou transmission de l\u2019image d\u2019une personne pr\u00e9sentant un caract\u00e8re sexuel\u00a0\u00bb. Il lui \u00e9tait reproch\u00e9 d\u2019avoir film\u00e9, \u00e0 leur insu, une soixantaine d\u2019enfants dans des piscines municipales de Strasbourg, entre janvier\u00a02023 et juin\u00a02025.<\/p>\n<p>  Une cam\u00e9ra miniature, plac\u00e9e dans une chaussure<\/p>\n<p>Il avait \u00e9t\u00e9 <a href=\"https:\/\/www.dna.fr\/faits-divers-justice\/2025\/06\/22\/les-voyeurs-sous-surveillance-dans-les-piscines-alsaciennes\" target=\"_blank\" rel=\"noopener\">pris sur le fait dimanche 9\u00a0juin<\/a>. Un p\u00e8re de famille, intrigu\u00e9 par son comportement, l\u2019avait surpris en train de filmer deux fillettes de 4 et 5 ans, d\u00e9v\u00eatues dans une cabine de change. Il \u00e9tait \u00e9quip\u00e9 d\u2019une cam\u00e9ra miniature, plac\u00e9e dans une chaussure, qu\u2019il glissait sous la cloison de fa\u00e7on \u00e0 saisir des images en contre-plong\u00e9e.<\/p>\n<p>Ma\u00eetris\u00e9 manu militari , puis remis \u00e0 la police, le quinquag\u00e9naire avait reconnu l\u2019int\u00e9gralit\u00e9 des faits. En garde \u00e0 vue, un premier examen de son t\u00e9l\u00e9phone avait r\u00e9v\u00e9l\u00e9 l\u2019existence d\u2019une soixantaine de vid\u00e9os de mineurs, non identifi\u00e9s. Des analyses plus pouss\u00e9es de son mat\u00e9riel informatique avaient \u00e9t\u00e9 ordonn\u00e9es.<\/p>\n<p>  Laiss\u00e9 libre sous contr\u00f4le judiciaire<\/p>\n<p>Le mis en cause, salari\u00e9 et parfaitement ins\u00e9r\u00e9 dans la soci\u00e9t\u00e9, avait \u00e9t\u00e9 convoqu\u00e9 une premi\u00e8re fois devant la chambre des comparutions imm\u00e9diates du tribunal correctionnel, le 12\u00a0juin dernier, pour r\u00e9pondre de ses actes. Les juges avaient ordonn\u00e9 une expertise psychiatrique et le dossier avait \u00e9t\u00e9 renvoy\u00e9 six semaines plus tard.<\/p>\n<p>Dans l\u2019attente de cette audience, le pr\u00e9venu avait \u00e9t\u00e9 laiss\u00e9 libre sous contr\u00f4le judiciaire, avec l\u2019interdiction de se rendre dans les piscines et aux abords des plans d\u2019eau, ainsi que d\u2019exercer une activit\u00e9 en lien avec des mineurs.<\/p>\n<p>  Il laisse derri\u00e8re lui \u00ab\u00a0une m\u00e8re, une femme et deux jeunes enfants\u00a0\u00bb<\/p>\n<p>\u00ab\u00a0L\u2019expertise\u00a0\u00bb psychiatrique, \u00e0 laquelle il a \u00e9t\u00e9 soumis, \u00ab\u00a0n\u2019a pas relev\u00e9 une dangerosit\u00e9 criminologique, au sens scientifique du terme\u00a0\u00bb, r\u00e9v\u00e8le Me Gr\u00e9gory Thuan Dit Dieudonn\u00e9, conseil de l\u2019association Innocence en danger, qui s\u2019\u00e9tait constitu\u00e9e partie civile. Le m\u00e9decin pr\u00e9conisait \u00ab\u00a0un suivi psychologique et psychiatrique\u00a0\u00bb. Il sugg\u00e9rait aussi de mettre en place \u00ab\u00a0un suivi sociojudiciaire de ce monsieur\u00a0\u00bb.<\/p>\n<p>\u00ab\u00a0C\u2019est quelqu\u2019un qui a rapidement pris la mesure de la gravit\u00e9 des actes qu\u2019il avait commis\u00a0\u00bb, reconna\u00eet Me Thuan Dit Dieudonn\u00e9. Il en ressentait \u00ab\u00a0une honte tr\u00e8s intense et tr\u00e8s profonde qui a certainement d\u00fb jouer dans son passage \u00e0 l\u2019acte\u00a0\u00bb. Me Javaux d\u00e9crit \u00ab\u00a0un homme d\u00e9sesp\u00e9r\u00e9, accul\u00e9, effondr\u00e9\u00a0\u00bb qui laisse derri\u00e8re lui \u00ab\u00a0une m\u00e8re, une femme et deux jeunes enfants\u00a0\u00bb.<\/p>\n<p>  \u00ab\u00a0Essayer d\u2019obtenir des am\u00e9nagements dans les piscines\u00a0\u00bb<\/p>\n<p>\u00ab\u00a0Les parties civiles ne souhaitent pas aggraver cette dramatique annonce [\u2026] et souhaitent respecter le deuil de la famille\u00a0\u00bb, assure Me Fleur Toutain, conseil des parents de deux fillettes film\u00e9es \u00e0 leur insu. Ses clients vont n\u00e9anmoins \u00ab\u00a0continuer leur combat aupr\u00e8s de la ville de Strasbourg pour essayer d\u2019obtenir des am\u00e9nagements dans les piscines\u00a0\u00bb, indique-t-elle.<\/p>\n<p>Le p\u00e8re de famille qui avait d\u00e9masqu\u00e9 le voyeur indique qu\u2019il a \u00e9t\u00e9 \u00ab\u00a0re\u00e7u fin juin\u00a0\u00bb par une \u00e9quipe de l\u2019Eurom\u00e9tropole de Strasbourg. \u00ab\u00a0Des pistes\u00a0\u00bb ont \u00e9t\u00e9 \u00e9voqu\u00e9es, comme la cr\u00e9ation d\u2019une \u00ab\u00a0safe zone\u00a0\u00bb pour \u00ab\u00a0les familles\u00a0\u00bb dans l\u2019espace de change \u00ab\u00a0o\u00f9 la pr\u00e9sence d\u2019un homme seul ne serait pas possible\u00a0\u00bb, pr\u00e9cise-t-il. \u00ab\u00a0Des stickers\u00a0\u00bb seraient en cours d\u2019installation pour signaliser ces espaces r\u00e9serv\u00e9s.<\/p>\n","protected":false},"excerpt":{"rendered":"\u00ab\u00a0Il s\u2019est suicid\u00e9.\u00a0\u00bb La nouvelle a \u00e9t\u00e9 annonc\u00e9e mercredi 23\u00a0juillet, au d\u00e9but de l\u2019audience des comparutions imm\u00e9diates au&hellip;\n","protected":false},"author":2,"featured_media":268557,"comment_status":"","ping_status":"","sticky":false,"template":"","format":"standard","meta":{"footnotes":""},"categories":[2820],"tags":[1111,11,2389,2649,2880,1777,674,274,107,1011,27,775,12,25,640,2879],"class_list":{"0":"post-268556","1":"post","2":"type-post","3":"status-publish","4":"format-standard","5":"has-post-thumbnail","7":"category-strasbourg","8":"tag-actu","9":"tag-actualites","10":"tag-alsace","11":"tag-bas-rhin","12":"tag-edition-strasbourg","13":"tag-eu","14":"tag-europe","15":"tag-faits-divers-justice","16":"tag-fil-info","17":"tag-fr","18":"tag-france","19":"tag-grand-est","20":"tag-news","21":"tag-republique-francaise","22":"tag-strasbourg","23":"tag-strasbourg-ville"},"share_on_mastodon":{"url":"https:\/\/pubeurope.com\/@fr\/114903778838464261","error":""},"_links":{"self":[{"href":"https:\/\/www.europesays.com\/fr\/wp-json\/wp\/v2\/posts\/268556","targetHints":{"allow":["GET"]}}],"collection":[{"href":"https:\/\/www.europesays.com\/fr\/wp-json\/wp\/v2\/posts"}],"about":[{"href":"https:\/\/www.europesays.com\/fr\/wp-json\/wp\/v2\/types\/post"}],"author":[{"embeddable":true,"href":"https:\/\/www.europesays.com\/fr\/wp-json\/wp\/v2\/users\/2"}],"replies":[{"embeddable":true,"href":"https:\/\/www.europesays.com\/fr\/wp-json\/wp\/v2\/comments?post=268556"}],"version-history":[{"count":0,"href":"https:\/\/www.europesays.com\/fr\/wp-json\/wp\/v2\/posts\/268556\/revisions"}],"wp:featuredmedia":[{"embeddable":true,"href":"https:\/\/www.europesays.com\/fr\/wp-json\/wp\/v2\/media\/268557"}],"wp:attachment":[{"href":"https:\/\/www.europesays.com\/fr\/wp-json\/wp\/v2\/media?parent=268556"}],"wp:term":[{"taxonomy":"category","embeddable":true,"href":"https:\/\/www.europesays.com\/fr\/wp-json\/wp\/v2\/categories?post=268556"},{"taxonomy":"post_tag","embeddable":true,"href":"https:\/\/www.europesays.com\/fr\/wp-json\/wp\/v2\/tags?post=268556"}],"curies":[{"name":"wp","href":"https:\/\/api.w.org\/{rel}","templated":true}]}}