{"id":268560,"date":"2025-07-23T17:42:10","date_gmt":"2025-07-23T17:42:10","guid":{"rendered":"https:\/\/www.europesays.com\/fr\/268560\/"},"modified":"2025-07-23T17:42:10","modified_gmt":"2025-07-23T17:42:10","slug":"un-homme-mis-en-examen-pour-le-viol-dune-jeune-femme-affaiblie-par-une-surdose-de-medicaments","status":"publish","type":"post","link":"https:\/\/www.europesays.com\/fr\/268560\/","title":{"rendered":"Un homme mis en examen pour le viol d\u2019une jeune femme affaiblie par une surdose de m\u00e9dicaments"},"content":{"rendered":"<p>A <a href=\"https:\/\/www.20minutes.fr\/nice\/\" class=\"color-ultramarine c-link\" target=\"_blank\" rel=\"noopener\">Nice<\/a>, une jeune femme de 22 ans, en \u00e9tat de d\u00e9tresse apr\u00e8s une tentative de <a href=\"https:\/\/www.20minutes.fr\/dossier\/suicide\" target=\"_blank\" class=\"color-ultramarine c-link\" rel=\"noopener\">suicide<\/a>, a \u00e9t\u00e9 viol\u00e9e sur la place Garibaldi dans la nuit de dimanche \u00e0 lundi. Un homme de 48 ans a \u00e9t\u00e9 interpell\u00e9 puis plac\u00e9 en d\u00e9tention provisoire. Les faits, rapport\u00e9s par Nice-Matin et confirm\u00e9s par <a href=\"https:\/\/www.lefigaro.fr\/nice\/nice-une-jeune-femme-violee-apres-une-tentative-de-suicide-20250722\" rel=\"nofollow noopener\" target=\"_blank\" class=\"color-ultramarine c-link\">Le Figaro<\/a>, soul\u00e8vent une certaine inqui\u00e9tude dans un quartier r\u00e9guli\u00e8rement confront\u00e9 \u00e0 la pr\u00e9carit\u00e9 et \u00e0 l\u2019ins\u00e9curit\u00e9 nocturne.<\/p>\n<p>Il est environ 4 heures du matin lorsque les secours interviennent sur la place. Une jeune femme y a \u00e9t\u00e9 retrouv\u00e9e dans un \u00e9tat second, apr\u00e8s avoir, semble-t-il, aval\u00e9 une importante quantit\u00e9 de <a href=\"https:\/\/www.20minutes.fr\/dossier\/medicament\" target=\"_blank\" class=\"color-ultramarine c-link\" rel=\"noopener\">m\u00e9dicaments<\/a> dans une tentative de mettre fin \u00e0 ses jours. Selon les premiers \u00e9l\u00e9ments de l\u2019enqu\u00eate confi\u00e9e au service local de la <a href=\"https:\/\/www.20minutes.fr\/dossier\/police_judiciaire\" target=\"_blank\" class=\"color-ultramarine c-link\" rel=\"noopener\">police judiciaire<\/a> (SLPJ), c\u2019est dans cet instant de grande vuln\u00e9rabilit\u00e9 qu\u2019un homme aurait profit\u00e9 de sa faiblesse pour la <a href=\"https:\/\/www.20minutes.fr\/dossier\/viol\" target=\"_blank\" class=\"color-ultramarine c-link\" rel=\"noopener\">violer<\/a> avant de s\u2019enfuir.<\/p>\n<\/p>\n<p>Un suspect d\u00e9j\u00e0 connu de la justice<\/p>\n<p>L\u2019alerte est donn\u00e9e par un t\u00e9moin direct de la sc\u00e8ne, permettant aux policiers municipaux de lancer des recherches dans le secteur. Vers 6h30, l\u2019homme suspect\u00e9 d\u2019avoir commis l\u2019<a href=\"https:\/\/www.20minutes.fr\/dossier\/agression_sexuelle\" target=\"_blank\" class=\"color-ultramarine c-link\" rel=\"noopener\">agression<\/a> est localis\u00e9 dans les ruelles du Vieux Nice. Il est interpell\u00e9 sans incident. Le suspect n\u2019est pas inconnu des services de justice. En\u00a02022, il avait \u00e9t\u00e9 condamn\u00e9 pour des faits d\u2019\u00ab\u00a0exhibition sexuelle\u00a0\u00bb.<\/p>\n<p><a href=\"https:\/\/www.20minutes.fr\/nice\/\" target=\"_blank\" class=\"c-link c-btn c-btn--primary\" rel=\"noopener\">Toute l&rsquo;actualit\u00e9 ni\u00e7oise<\/a><\/p>\n<p>Plac\u00e9 en garde \u00e0 vue, il a \u00e9t\u00e9 d\u00e9f\u00e9r\u00e9 mardi apr\u00e8s-midi, puis mis en examen pour \u00ab\u00a0viol sur personne vuln\u00e9rable\u00a0\u00bb. Il a \u00e9t\u00e9 incarc\u00e9r\u00e9 dans la soir\u00e9e. Il encourt jusqu\u2019\u00e0 20 ans de r\u00e9clusion criminelle pour les faits qui lui sont reproch\u00e9s. L\u2019<a href=\"https:\/\/www.20minutes.fr\/dossier\/enquete\" target=\"_blank\" class=\"color-ultramarine c-link\" rel=\"noopener\">enqu\u00eate<\/a> se poursuit pour \u00e9tablir pr\u00e9cis\u00e9ment le d\u00e9roul\u00e9 de la nuit et recueillir l\u2019ensemble des \u00e9l\u00e9ments \u00e0 charge.<\/p>\n","protected":false},"excerpt":{"rendered":"A Nice, une jeune femme de 22 ans, en \u00e9tat de d\u00e9tresse apr\u00e8s une tentative de suicide, a&hellip;\n","protected":false},"author":2,"featured_media":268561,"comment_status":"","ping_status":"","sticky":false,"template":"","format":"standard","meta":{"footnotes":""},"categories":[2819],"tags":[1111,47,11,1267,2898,1067,1777,674,118,1011,27,7774,225,12,2401,883,882,25,22128,1265],"class_list":{"0":"post-268560","1":"post","2":"type-post","3":"status-publish","4":"format-standard","5":"has-post-thumbnail","7":"category-nice","8":"tag-actu","9":"tag-actualite","10":"tag-actualites","11":"tag-agression-sexuelle","12":"tag-alpes-maritimes","13":"tag-enquete","14":"tag-eu","15":"tag-europe","16":"tag-faits-divers","17":"tag-fr","18":"tag-france","19":"tag-garde-a-vue","20":"tag-medicament","21":"tag-news","22":"tag-nice","23":"tag-paca","24":"tag-provence-alpes-cote-dazur","25":"tag-republique-francaise","26":"tag-tentative-de-suicide","27":"tag-viol"},"share_on_mastodon":{"url":"https:\/\/pubeurope.com\/@fr\/114903786769291116","error":""},"_links":{"self":[{"href":"https:\/\/www.europesays.com\/fr\/wp-json\/wp\/v2\/posts\/268560","targetHints":{"allow":["GET"]}}],"collection":[{"href":"https:\/\/www.europesays.com\/fr\/wp-json\/wp\/v2\/posts"}],"about":[{"href":"https:\/\/www.europesays.com\/fr\/wp-json\/wp\/v2\/types\/post"}],"author":[{"embeddable":true,"href":"https:\/\/www.europesays.com\/fr\/wp-json\/wp\/v2\/users\/2"}],"replies":[{"embeddable":true,"href":"https:\/\/www.europesays.com\/fr\/wp-json\/wp\/v2\/comments?post=268560"}],"version-history":[{"count":0,"href":"https:\/\/www.europesays.com\/fr\/wp-json\/wp\/v2\/posts\/268560\/revisions"}],"wp:featuredmedia":[{"embeddable":true,"href":"https:\/\/www.europesays.com\/fr\/wp-json\/wp\/v2\/media\/268561"}],"wp:attachment":[{"href":"https:\/\/www.europesays.com\/fr\/wp-json\/wp\/v2\/media?parent=268560"}],"wp:term":[{"taxonomy":"category","embeddable":true,"href":"https:\/\/www.europesays.com\/fr\/wp-json\/wp\/v2\/categories?post=268560"},{"taxonomy":"post_tag","embeddable":true,"href":"https:\/\/www.europesays.com\/fr\/wp-json\/wp\/v2\/tags?post=268560"}],"curies":[{"name":"wp","href":"https:\/\/api.w.org\/{rel}","templated":true}]}}