{"id":268562,"date":"2025-07-23T17:43:25","date_gmt":"2025-07-23T17:43:25","guid":{"rendered":"https:\/\/www.europesays.com\/fr\/268562\/"},"modified":"2025-07-23T17:43:25","modified_gmt":"2025-07-23T17:43:25","slug":"lentreprise-saunier-duval-equipe-ses-employes-dexosquelettes","status":"publish","type":"post","link":"https:\/\/www.europesays.com\/fr\/268562\/","title":{"rendered":"l&rsquo;entreprise Saunier Duval \u00e9quipe ses employ\u00e9s d&rsquo;exosquelettes"},"content":{"rendered":"<p>            Par<br \/>\n        <strong><br \/>\n            <a href=\"https:\/\/actu.fr\/auteur\/laure-gentil\" title=\"Consulter tous les articles de Laure Gentil\" target=\"_blank\" rel=\"noopener\">Laure Gentil<\/a><br \/>\n        <\/strong><\/p>\n<p>        Publi\u00e9 le<\/p>\n<p>            23 juil. 2025 \u00e0 18h12        <\/p>\n<p>C\u2019est une petite r\u00e9volution. L<strong>\u2019entreprise nantaise Saunier Duval<\/strong>, qui fabrique des chaudi\u00e8res et des pompes \u00e0 chaleur, a investi dans des <strong>exosquelettes<\/strong> pour aider leurs employ\u00e9s \u00e0 <strong>mieux g\u00e9rer les charges<\/strong> qu\u2019ils doivent soulever tous les jours et ainsi diminuer la p\u00e9nibilit\u00e9 au travail.<\/p>\n<p class=\" wall-content\">Tr\u00e8s loin de l\u2019image des grosses armures que l\u2019on peut voir dans les s\u00e9ries et les films, les exosquelettes sont tr\u00e8s discrets et ils ne p\u00e8sent pas bien lourd\u2009: un peu moins de deux kilos.<\/p>\n<p>Un outil \u00ab\u2009d\u00e9mocratis\u00e9\u2009\u00bb<\/p>\n<p class=\" wall-content\">L\u2019initiative a commenc\u00e9 d\u00e8s le mois d\u2019octobre\u00a02024 avec la mise \u00e0 disposition de trois premiers exosquelettes. Depuis le mois de juin, ce sont <strong>huit exosquelettes<\/strong> qui ont \u00e9t\u00e9 d\u00e9ploy\u00e9s dans l\u2019usine, d\u2019autres sont en \u00ab\u2009cours de commande\u2009\u00bb.<\/p>\n<p>    <img   decoding=\"async\" loading=\"lazy\" src=\"https:\/\/www.europesays.com\/fr\/wp-content\/uploads\/2025\/07\/saunier-duval-nantes-yuna-josse-960x640.jpeg\" alt=\"Yuna Josse, la directrice g\u00e9n\u00e9rale de Saunier Duval.\" width=\"960\" height=\"640\"\/><br \/>\n    Yuna Josse, la directrice g\u00e9n\u00e9rale de Saunier Duval. (\u00a9Laure Gentil \/ actu Nantes)<\/p>\n<p class=\" wall-content\">\u00ab\u2009C\u2019est tr\u00e8s pr\u00e9curseur\u2009\u00bb, commente <strong>Yuna Josse<\/strong>, directrice g\u00e9n\u00e9rale du site industriel Saunier Duval depuis 2023, aupr\u00e8s d\u2019<a href=\"https:\/\/actu.fr\/nantes\" target=\"_blank\" rel=\"noopener\">actu Nantes<\/a>.\u00a0Une premi\u00e8re initiative avait \u00e9t\u00e9 tent\u00e9e il y a dix ans, explique-t-elle, mais sans succ\u00e8s.<\/p>\n<blockquote class=\"ac-article-quote wall-content\">\n<p>\u00c0 l&rsquo;\u00e9poque, les exosquelettes \u00e9taient encore assez inaccessibles et on\u00e9reux. \u00c7a n&rsquo;a pas \u00e9t\u00e9 concluant.<\/p>\n<p>    <strong>Yuna Josse<\/strong><br \/>\n        Directrice g\u00e9n\u00e9rale de Saunier Duval    <\/p><\/blockquote>\n<p class=\" wall-content\">Cette fois-ci c\u2019est la bonne. Les exosquelettes \u00ab\u2009se sont d\u00e9mocratis\u00e9s\u2009\u00bb et les prix ont baiss\u00e9. Ils ne co\u00fbtent plus qu\u2019<strong>entre 2\u2009000\u00a0\u00e0 4\u2009000 euros<\/strong> contre 10\u2009000\u00a0euros auparavant.<\/p>\n<p>    <img   decoding=\"async\" loading=\"lazy\" src=\"https:\/\/www.europesays.com\/fr\/wp-content\/uploads\/2025\/07\/nantes-saunier-duval-exosquelette-2-960x640.jpeg\" alt=\"En tout, Saunier Duval dispose de 8 exosquelettes.\" width=\"960\" height=\"640\"\/><br \/>\n    En tout, Saunier Duval dispose de 8 exosquelettes. (\u00a9Laure Gentil \/ actu Nantes)<\/p>\n<p class=\" wall-content\">\u00ab\u2009Nous sommes toujours en alerte par rapport \u00e0 ce qu\u2019il se fait et nous avons eu vent des derniers progr\u00e8s r\u00e9alis\u00e9s en mati\u00e8re d\u2019exosquelettes\u2009\u00bb, assure-t-elle.<\/p>\n<p class=\" wall-content\">Yuna Josse nous l\u2019assure, l\u2019id\u00e9e gagne du terrain, d\u2019autres filiales du<strong> groupe Vaillant<\/strong> se renseignent pour suivre l\u2019exemple nantais. L\u2019\u00e9quipement a de plus l\u2019avantage de ne pas demander de maintenance particuli\u00e8re et d\u2019\u00eatre simple \u00e0 ma\u00eetriser.<\/p>\n<p>    <img   decoding=\"async\" loading=\"lazy\" src=\"https:\/\/www.europesays.com\/fr\/wp-content\/uploads\/2025\/07\/saunier-duval-nantes-960x640.jpeg\" alt=\"Saunier Duval est une entreprise nantaise qui fabrique des chaudi\u00e8res et des pompes \u00e0 chaleur.\" width=\"960\" height=\"640\"\/><br \/>\n    Saunier Duval est une entreprise nantaise qui fabrique des chaudi\u00e8res et des pompes \u00e0 chaleur. (\u00a9Laure Gentil \/ actu Nantes)Am\u00e9liorer la qualit\u00e9 de vie au travail<\/p>\n<p class=\" wall-content\"><strong>Laurent<\/strong> ne prend que cinq petites minutes pour enfiler le sien. Op\u00e9rateur de production depuis 28\u00a0ans \u00e0 <a href=\"https:\/\/actu.fr\/pays-de-la-loire\/nantes_44109\/nantes-250-postes-supprimes-dans-l-entreprise-de-pompes-a-chaleur-saunier-duval_61359308.html\" target=\"_blank\" rel=\"noopener\">Saunier Duval<\/a>, il a tout de suite remarqu\u00e9 les <strong>avantages\u2009<\/strong>: \u00ab\u2009C\u2019est surtout le soir qu\u2019on le ressent\u2009! Les bras ont moins travaill\u00e9. Je soul\u00e8ve trois pi\u00e8ces d\u2019un coup donc \u00e7a fait un certain poids. Il y a beaucoup moins de douleurs.\u2009\u00bb<\/p>\n<p class=\" wall-content\">Avant, Laurent devait faire des \u00e9tirements en rentrant chez lui pour soulager ses bras, maintenant il ne se passerait plus de l\u2019exosquelette. \u00ab\u2009On \u00e9vite de s\u2019en s\u00e9parer\u2009\u00bb, sourit-il.<\/p>\n<p>    <img   decoding=\"async\" loading=\"lazy\" src=\"https:\/\/www.europesays.com\/fr\/wp-content\/uploads\/2025\/07\/saunier-duval-nantes-exosquelette-960x640.jpeg\" alt=\"Laurent est employ\u00e9 \u00e0 Saunier Duval depuis 28 ans. Il est l'un des premiers \u00e0 utiliser l'exosquelette.\" width=\"960\" height=\"640\"\/><br \/>\n    Laurent est employ\u00e9 \u00e0 Saunier Duval depuis 28\u00a0ans. Il est l\u2019un des premiers \u00e0 utiliser l\u2019exosquelette. (\u00a9Laure Gentil \/ actu Nantes)<\/p>\n<p class=\" wall-content\">Son coll\u00e8gue <strong>Fabrice<\/strong>, op\u00e9rateur en logistique, nous affirme \u00eatre lui aussi plut\u00f4t satisfait, bien qu\u2019il avoue avoir \u00e9t\u00e9 un peu \u00ab\u2009dubitatif\u2009\u00bb au d\u00e9but. Pendant le travail, il sent l\u2019aide apport\u00e9e par l\u2019\u00e9quipement. \u00ab\u2009C\u2019est du pr\u00e9ventif\u2009\u00bb, nous a-t-il dit.<\/p>\n<blockquote class=\"ac-article-quote wall-content\">\n<p>C&rsquo;est assez r\u00e9cent, je ne le porte que deux heures par jour mais \u00e7a se passe tr\u00e8s bien, il faut voir sur le long terme.<\/p>\n<p>    <strong>Fabrice<\/strong><br \/>\n        Op\u00e9rateur logistique \u00e0 Saunier Duval    <\/p><\/blockquote>\n<p class=\" wall-content\"><strong>L\u00e9o<\/strong>, responsable m\u00e9thodes logistiques, a men\u00e9 les tests et le d\u00e9ploiement des exosquelettes dans son service. Il peut m\u00eame former ses coll\u00e8gues\u2009: \u00ab\u2009Ce qui est important c\u2019est d\u2019avoir un outil qui <strong>s\u2019adapte aux corps<\/strong> de chaque personne\u2009\u00bb. Il esp\u00e8re que les exosquelettes puissent permettre aux femmes de postuler \u00e0 des postes jug\u00e9s auparavant \u00ab\u2009trop physiques\u2009\u00bb.<\/p>\n<p>    <img   decoding=\"async\" loading=\"lazy\" src=\"https:\/\/www.europesays.com\/fr\/wp-content\/uploads\/2025\/07\/nantes-exosquelette-saunier-duval-960x640.jpeg\" alt=\"L\u00e9o est responsable m\u00e9thodes logistiques \u00e0 Saunier Duval. Il aide \u00e0 former ses coll\u00e8gues \u00e0 l'usage des exosquelettes.\" width=\"960\" height=\"640\"\/><br \/>\n    L\u00e9o est responsable m\u00e9thodes logistiques \u00e0 Saunier Duval. Il aide \u00e0 former ses coll\u00e8gues \u00e0 l\u2019usage des exosquelettes. (\u00a9Laure Gentil \/ actu Nantes)<\/p>\n<p class=\" wall-content\">Selon la directrice g\u00e9n\u00e9rale, les exosquelettes sont en effet adaptables\u2009: \u00ab\u2009c\u2019est <strong>une protection individuelle<\/strong> que nous fournissons \u00e0 l\u2019employ\u00e9, pr\u00e9cise Yuna Josse. C\u2019est, quelque part, du sur-mesure, tout le monde n\u2019en a pas besoin.\u2009\u00bb<\/p>\n<p class=\" wall-content\">Si l\u2019exosquelette est une aide tr\u00e8s appr\u00e9ciable, il faut toutefois respecter quelques consignes, il est conseill\u00e9 de <strong>ne pas porter l\u2019\u00e9quipement plus de trois heures<\/strong> d\u2019affil\u00e9e\u2009: \u00ab\u2009sans quoi vous venez vous fragiliser\u2009\u00bb, souligne la directrice g\u00e9n\u00e9rale. \u00ab\u2009Il s\u2019agit vraiment d\u2019am\u00e9liorer la qualit\u00e9 de vie au travail\u2009\u00bb.<\/p>\n<p class=\" wall-content\">Suivez toute l\u2019actualit\u00e9 de vos villes et m\u00e9dias favoris en vous inscrivant \u00e0 <a href=\"https:\/\/moncompte.actu.fr\" title=\"D\u00e9couvez Mon Actu\" rel=\"nofollow noopener\" data-trk=\"{&quot;cta&quot;:{&quot;action&quot;:&quot;https:\\\/\\\/moncompte.actu.fr&quot;,&quot;category&quot;:&quot;mon compte&quot;,&quot;from&quot;:&quot;article footer&quot;,&quot;name&quot;:&quot;Mon actu&quot;,&quot;type&quot;:&quot;cta&quot;}}\" target=\"_blank\">Mon Actu<\/a>.<\/p>\n","protected":false},"excerpt":{"rendered":"Par Laure Gentil Publi\u00e9 le 23 juil. 2025 \u00e0 18h12 C\u2019est une petite r\u00e9volution. L\u2019entreprise nantaise Saunier Duval,&hellip;\n","protected":false},"author":2,"featured_media":268563,"comment_status":"","ping_status":"","sticky":false,"template":"","format":"standard","meta":{"footnotes":""},"categories":[2818],"tags":[1111,11,1777,674,1011,27,766,12,2636,25,2631],"class_list":{"0":"post-268562","1":"post","2":"type-post","3":"status-publish","4":"format-standard","5":"has-post-thumbnail","7":"category-nantes","8":"tag-actu","9":"tag-actualites","10":"tag-eu","11":"tag-europe","12":"tag-fr","13":"tag-france","14":"tag-nantes","15":"tag-news","16":"tag-pays-de-la-loire","17":"tag-republique-francaise","18":"tag-sciences-technologie"},"share_on_mastodon":{"url":"https:\/\/pubeurope.com\/@fr\/114903790867860272","error":""},"_links":{"self":[{"href":"https:\/\/www.europesays.com\/fr\/wp-json\/wp\/v2\/posts\/268562","targetHints":{"allow":["GET"]}}],"collection":[{"href":"https:\/\/www.europesays.com\/fr\/wp-json\/wp\/v2\/posts"}],"about":[{"href":"https:\/\/www.europesays.com\/fr\/wp-json\/wp\/v2\/types\/post"}],"author":[{"embeddable":true,"href":"https:\/\/www.europesays.com\/fr\/wp-json\/wp\/v2\/users\/2"}],"replies":[{"embeddable":true,"href":"https:\/\/www.europesays.com\/fr\/wp-json\/wp\/v2\/comments?post=268562"}],"version-history":[{"count":0,"href":"https:\/\/www.europesays.com\/fr\/wp-json\/wp\/v2\/posts\/268562\/revisions"}],"wp:featuredmedia":[{"embeddable":true,"href":"https:\/\/www.europesays.com\/fr\/wp-json\/wp\/v2\/media\/268563"}],"wp:attachment":[{"href":"https:\/\/www.europesays.com\/fr\/wp-json\/wp\/v2\/media?parent=268562"}],"wp:term":[{"taxonomy":"category","embeddable":true,"href":"https:\/\/www.europesays.com\/fr\/wp-json\/wp\/v2\/categories?post=268562"},{"taxonomy":"post_tag","embeddable":true,"href":"https:\/\/www.europesays.com\/fr\/wp-json\/wp\/v2\/tags?post=268562"}],"curies":[{"name":"wp","href":"https:\/\/api.w.org\/{rel}","templated":true}]}}