{"id":268568,"date":"2025-07-23T17:46:13","date_gmt":"2025-07-23T17:46:13","guid":{"rendered":"https:\/\/www.europesays.com\/fr\/268568\/"},"modified":"2025-07-23T17:46:13","modified_gmt":"2025-07-23T17:46:13","slug":"un-musee-pour-les-girondins-de-bordeaux-lidee-seduit-les-fans-et-lance-le-debat","status":"publish","type":"post","link":"https:\/\/www.europesays.com\/fr\/268568\/","title":{"rendered":"Un mus\u00e9e pour les Girondins de Bordeaux ? L\u2019id\u00e9e s\u00e9duit les fans et lance le d\u00e9bat"},"content":{"rendered":"<p>            Par<br \/>\n        <strong><br \/>\n            <a href=\"https:\/\/actu.fr\/auteur\/julian-doubax\" title=\"Consulter tous les articles de Julian Doubax\" target=\"_blank\" rel=\"noopener\">Julian Doubax<\/a><br \/>\n        <\/strong><\/p>\n<p>        Publi\u00e9 le<\/p>\n<p>            23 juil. 2025 \u00e0 18h46        <\/p>\n<p>Six titres de champions de France, vainqueurs \u00e0 quatre reprises de la Coupe de France et trois fois de la Coupe de la Ligue. Les <a href=\"https:\/\/actu.fr\/tag\/girondins-de-bordeaux\" target=\"_blank\" rel=\"noopener\">Girondins de Bordeaux<\/a> ont l\u2019un des <strong>palmar\u00e8s<\/strong> les plus fournis du <strong>football fran\u00e7ais<\/strong> mais ne disposent pas de lieu pour exposer leurs troph\u00e9es et leur riche histoire.<\/p>\n<p class=\" wall-content\">Julien B\u00e9e, commentateur et supporter du club au scapulaire, veut rem\u00e9dier \u00e0 cela. Le lundi 21\u00a0juillet 2025, il a lanc\u00e9 une <a href=\"https:\/\/www.change.org\/p\/la-cr%C3%A9ation-d-un-mus%C3%A9e-des-girondins-de-bordeaux?redirect_reason=guest_user\" target=\"_blank\" rel=\"noopener\">p\u00e9tition<\/a> pour la cr\u00e9ation d\u2019un mus\u00e9e d\u00e9di\u00e9 aux Girondins de Bordeaux. En l\u2019espace de 48 heures, elle a recueilli plus de <strong>250 signatures<\/strong>. L\u2019auteur a d\u00e9j\u00e0 une id\u00e9e pour le lieu : le <strong>stade Atlantique<\/strong>.\u00a0<\/p>\n<p>Plusieurs ann\u00e9es \u00e0 \u00e9tudier l\u2019histoire du club<\/p>\n<p class=\" wall-content\">Depuis plusieurs ann\u00e9es, Julien B\u00e9e commente les matchs du club \u00e0 la radio \u2013 la rencontre contre Avranches sera sa 700\u00e8me au micro \u2013 et se penche sur l\u2019histoire des Marine et Blanc. Auteur de livres sur les Girondins, il souhaite<strong> conserver leur m\u00e9moire.<\/strong><\/p>\n<p class=\" wall-content\">\u00ab\u2009En fouillant, j\u2019ai trouv\u00e9 de nombreuses archives sur le club. J\u2019ai appris plusieurs choses, notamment pendant la guerre. Un mus\u00e9e peut permettre de <strong>transmettre<\/strong> ces souvenirs \u00e0 travers les g\u00e9n\u00e9rations\u2009\u00bb, indique le Bordelais.<\/p>\n<p class=\" wall-content\">Un patrimoine \u00e0 conserver m\u00eame si l\u2019\u00e9quipe, pensionnaire de <strong>National\u00a02<\/strong>, ne vit pas ses meilleures ann\u00e9es. \u00ab\u2009Je comprends que ce ne soit pas la priorit\u00e9 actuelle mais il ne faut pas exclure cette id\u00e9e.\u2009\u00bb<\/p>\n<p>L\u2019exemple des autres clubs<\/p>\n<p class=\" wall-content\">Pour conforter cette hypoth\u00e8se de cr\u00e9ation d\u2019un mus\u00e9e, Julien B\u00e9e s\u2019est appuy\u00e9 sur les autres clubs fran\u00e7ais qui ont fonc\u00e9 sur cette initiative. <strong>L\u2019AS<\/strong> <strong>Saint-\u00c9tienne<\/strong>, <strong>l\u2019Olympique<\/strong> <strong>Lyonnais<\/strong>, le <strong>RC<\/strong> <strong>Lens<\/strong>, le <strong>Stade de<\/strong> <strong>Reims<\/strong> ou encore le <strong>Red Star<\/strong>, chacun a un lieu pour \u00e9voquer son glorieux pass\u00e9.<\/p>\n<p class=\" wall-content\">\u00ab\u2009Ces endroits cr\u00e9ent un v\u00e9ritable <strong>environnement<\/strong> autour de l\u2019histoire des clubs. Les supporters viennent t\u00f4t au stade pour visiter les mus\u00e9es, cela apporte une exp\u00e9rience diff\u00e9rente\u2009\u00bb, souligne le commentateur.<\/p>\n<p>\u00ab\u2009Un moment charni\u00e8re\u2009\u00bb<\/p>\n<p class=\" wall-content\">La volont\u00e9 de Julien B\u00e9e a aussi \u00e9volu\u00e9 via l\u2019actualit\u00e9 du club. En effet, \u00e0 partir du 1er\u00a0ao\u00fbt, <a href=\"https:\/\/actu.fr\/tag\/bordeaux-metropole\" target=\"_blank\" rel=\"noopener\">Bordeaux M\u00e9tropole<\/a> reprend en gestion directe le<a href=\"https:\/\/actu.fr\/tag\/matmut-atlantique\" target=\"_blank\" rel=\"noopener\"> stade Atlantique.<\/a><\/p>\n<p class=\" wall-content\">Avec la collectivit\u00e9 en tant que propri\u00e9taire de l\u2019enceinte de 42\u2009115 places, le Girondin aper\u00e7oit une l\u00e9g\u00e8re <strong>fen\u00eatre de tir<\/strong>. \u00ab\u2009C\u2019est un moment charni\u00e8re et les discussions peuvent \u00eatre facilit\u00e9es. Puis le <strong>patrimoine<\/strong> n\u2019appartient pas qu\u2019au club. Pour la R\u00e9gion, le D\u00e9partement ou la Ville, cela peut \u00eatre un bon vecteur de transmission.\u2009\u00bb<\/p>\n<p class=\" wall-content\">Contact\u00e9e par <a href=\"https:\/\/actu.fr\/bordeaux\/\" target=\"_blank\" rel=\"noopener\">actu Bordeaux<\/a>, la M\u00e9tropole indique ne pas avoir \u00ab\u2009informations sur ce sujet\u2009\u00bb et ne peut donc \u00ab\u2009pas prendre une \u00e9ventuelle position\u2009\u00bb pour le moment.<\/p>\n<p class=\" wall-content\">Pour donner du poids \u00e0 cette proposition, Julien B\u00e9e sollicite aussi les <strong>anciennes gloires<\/strong> des Girondins de Bordeaux. \u00ab\u2009Des ex-joueurs pourraient m\u00eame aider. Ils doivent s\u00fbrement avoir des <strong>vieux maillots<\/strong> ou shorts du club qui seraient mieux dans un mus\u00e9e qu\u2019au fond d\u2019un placard\u2009\u00bb, esp\u00e8re le commentateur avant d\u2019\u00e9voquer ses objets insolites. \u00ab\u2009J\u2019ai un billet de la Coupe de France remport\u00e9e en 1941. Cela aurait parfaitement sa place dans un mus\u00e9e.\u2009\u00bb<\/p>\n<p class=\" wall-content\">M\u00eame si les Marine et Blanc encha\u00eenent les <strong>saisons difficiles<\/strong>, la ferveur de ses supporters n\u2019a pas l\u2019air de se perdre. Sur les r\u00e9seaux sociaux, l\u2019id\u00e9e est per\u00e7ue d\u2019un bon \u0153il par la plupart des fans.\u00a0<\/p>\n<p class=\" wall-content\">Suivez toute l\u2019actualit\u00e9 de vos villes et m\u00e9dias favoris en vous inscrivant \u00e0 <a href=\"https:\/\/moncompte.actu.fr\" title=\"D\u00e9couvez Mon Actu\" rel=\"nofollow noopener\" data-trk=\"{&quot;cta&quot;:{&quot;action&quot;:&quot;https:\\\/\\\/moncompte.actu.fr&quot;,&quot;category&quot;:&quot;mon compte&quot;,&quot;from&quot;:&quot;article footer&quot;,&quot;name&quot;:&quot;Mon actu&quot;,&quot;type&quot;:&quot;cta&quot;}}\" target=\"_blank\">Mon Actu<\/a>.<\/p>\n","protected":false},"excerpt":{"rendered":"Par Julian Doubax Publi\u00e9 le 23 juil. 2025 \u00e0 18h46 Six titres de champions de France, vainqueurs \u00e0&hellip;\n","protected":false},"author":2,"featured_media":13227,"comment_status":"","ping_status":"","sticky":false,"template":"","format":"standard","meta":{"footnotes":""},"categories":[2817],"tags":[1111,11,1997,1777,674,63,1011,27,2908,12,2219,25,60],"class_list":{"0":"post-268568","1":"post","2":"type-post","3":"status-publish","4":"format-standard","5":"has-post-thumbnail","7":"category-bordeaux","8":"tag-actu","9":"tag-actualites","10":"tag-bordeaux","11":"tag-eu","12":"tag-europe","13":"tag-football","14":"tag-fr","15":"tag-france","16":"tag-girondins-de-bordeaux","17":"tag-news","18":"tag-nouvelle-aquitaine","19":"tag-republique-francaise","20":"tag-sports"},"share_on_mastodon":{"url":"https:\/\/pubeurope.com\/@fr\/114903802537220570","error":""},"_links":{"self":[{"href":"https:\/\/www.europesays.com\/fr\/wp-json\/wp\/v2\/posts\/268568","targetHints":{"allow":["GET"]}}],"collection":[{"href":"https:\/\/www.europesays.com\/fr\/wp-json\/wp\/v2\/posts"}],"about":[{"href":"https:\/\/www.europesays.com\/fr\/wp-json\/wp\/v2\/types\/post"}],"author":[{"embeddable":true,"href":"https:\/\/www.europesays.com\/fr\/wp-json\/wp\/v2\/users\/2"}],"replies":[{"embeddable":true,"href":"https:\/\/www.europesays.com\/fr\/wp-json\/wp\/v2\/comments?post=268568"}],"version-history":[{"count":0,"href":"https:\/\/www.europesays.com\/fr\/wp-json\/wp\/v2\/posts\/268568\/revisions"}],"wp:featuredmedia":[{"embeddable":true,"href":"https:\/\/www.europesays.com\/fr\/wp-json\/wp\/v2\/media\/13227"}],"wp:attachment":[{"href":"https:\/\/www.europesays.com\/fr\/wp-json\/wp\/v2\/media?parent=268568"}],"wp:term":[{"taxonomy":"category","embeddable":true,"href":"https:\/\/www.europesays.com\/fr\/wp-json\/wp\/v2\/categories?post=268568"},{"taxonomy":"post_tag","embeddable":true,"href":"https:\/\/www.europesays.com\/fr\/wp-json\/wp\/v2\/tags?post=268568"}],"curies":[{"name":"wp","href":"https:\/\/api.w.org\/{rel}","templated":true}]}}