{"id":26857,"date":"2025-04-15T15:35:09","date_gmt":"2025-04-15T15:35:09","guid":{"rendered":"https:\/\/www.europesays.com\/fr\/26857\/"},"modified":"2025-04-15T15:35:09","modified_gmt":"2025-04-15T15:35:09","slug":"sinners-un-film-drole-et-sanglant","status":"publish","type":"post","link":"https:\/\/www.europesays.com\/fr\/26857\/","title":{"rendered":"\u00ab\u00a0Sinners\u00a0\u00bb, un film dr\u00f4le et sanglant"},"content":{"rendered":"<p>L\u2019histoire<\/p>\n<p>Alors qu\u2019ils cherchent \u00e0 s\u2019affranchir d\u2019un lourd pass\u00e9, deux fr\u00e8res jumeaux (<a href=\"https:\/\/www.laprovence.com\/article\/femina-provence\/5160991\/coach-fait-de-michael-b-jordan-son-premier-ambassadeur-mondial.html\" target=\"_blank\" rel=\"noopener\">Michael B. Jordan<\/a>) reviennent dans leur ville natale pour repartir \u00e0 z\u00e9ro. Mais ils comprennent qu\u2019une puissance mal\u00e9fique bien plus redoutable guette leur retour avec impatience\u2026<\/p>\n<p>Notre avis<\/p>\n<p>Ryan Coogler a un talent fou. Il l\u2019avait d\u00e9j\u00e0 d\u00e9montr\u00e9 via <a href=\"https:\/\/www.laprovence.com\/actu\/en-direct\/1913090561184816\/cinema-creed-3-depasses-les-deux-premiers-volets-de-la-saga\" target=\"_blank\" rel=\"noopener\">l\u2019uppercut Creed relan\u00e7ant la franchise <\/a><a href=\"https:\/\/www.laprovence.com\/actu\/en-direct\/1913090561184816\/cinema-creed-3-depasses-les-deux-premiers-volets-de-la-saga\" target=\"_blank\" rel=\"noopener\">Rocky<\/a> \u00e0 coups de plans-s\u00e9quences immersifs autour du ring, avant de signer Black Panther, l\u2019un des meilleurs Marvel \u00e0 date, dans lequel son acteur f\u00e9tiche Michael B. Jordan incarnait le m\u00e9chant de service. Et si la suite du blockbuster de super-h\u00e9ros \u00e9tait d\u00e9cevante, restait \u00e0 savoir avec quel nouveau projet le r\u00e9alisateur allait revenir. L\u2019attente se termine enfin avec Sinners, un film qui brasse les genres avec une rare maestria.<\/p>\n<p>\u00c0 proprement parler le r\u00e9sultat pourrait se d\u00e9finir comme une rencontre entre Jordan Peele (Get Out) pour le versant engag\u00e9, avec ici un rappel des horreurs commises par le Ku Klux Klan, et Une nuit en enfer de Robert Rodriguez pour l\u2019esprit vampirique, avec une action resserr\u00e9e sur une seule nuit. \u00c0 cela s\u2019ajoutent de d\u00e9licieuses r\u00e9f\u00e9rences \u00e0 John Carpenter, Sam Peckinpah et m\u00eame aux Incorruptibles de Brian De Palma, lorsque l\u2019ensemble lorgne du c\u00f4t\u00e9 du film de gangsters, allant jusqu\u2019\u00e0 Al Capone, pour lequel les frangins ont travaill\u00e9. Un mix d\u00e9tonnant enrichi par des passages musicaux WTF qui eux-m\u00eames brassent le blues et la musique du folklore de la Nouvelle-Orl\u00e9ans avec des sonorit\u00e9s plus modernes. Le tout capt\u00e9 par une cam\u00e9ra flottante et dans un esprit vaudou\u2026<\/p>\n<p>Dr\u00f4le et sanglant, le film a cette capacit\u00e9 \u00e0 n\u2019\u00eatre jamais gratuit et \u00e0 \u00eatre \u00e9minemment politique dans son discours contre le racisme et l\u2019oppression des peuples, avec des personnages en qu\u00eate de libert\u00e9. Les plus marquants \u00e9tant ceux incarn\u00e9s par Michael B. Jordan qui, dans un double r\u00f4le, fait \u00e0 nouveau des \u00e9tincelles, confirmant qu\u2019il est devenu un acteur incontournable d\u2019Hollywood.<\/p>\n","protected":false},"excerpt":{"rendered":"L\u2019histoire Alors qu\u2019ils cherchent \u00e0 s\u2019affranchir d\u2019un lourd pass\u00e9, deux fr\u00e8res jumeaux (Michael B. Jordan) reviennent dans leur&hellip;\n","protected":false},"author":2,"featured_media":26858,"comment_status":"","ping_status":"","sticky":false,"template":"","format":"standard","meta":{"footnotes":""},"categories":[1354],"tags":[17,650,7257,251,58,9479,59,2081,1346,1011,27,1360,1186,9480,9478],"class_list":{"0":"post-26857","1":"post","2":"type-post","3":"status-publish","4":"format-standard","5":"has-post-thumbnail","7":"category-films","8":"tag-17","9":"tag-cinema","10":"tag-critique","11":"tag-culture","12":"tag-divertissement","13":"tag-drole","14":"tag-entertainment","15":"tag-film","16":"tag-films","17":"tag-fr","18":"tag-france","19":"tag-movies","20":"tag-provence","21":"tag-sanglant","22":"tag-sinners"},"share_on_mastodon":{"url":"https:\/\/pubeurope.com\/@fr\/114342718613165872","error":""},"_links":{"self":[{"href":"https:\/\/www.europesays.com\/fr\/wp-json\/wp\/v2\/posts\/26857","targetHints":{"allow":["GET"]}}],"collection":[{"href":"https:\/\/www.europesays.com\/fr\/wp-json\/wp\/v2\/posts"}],"about":[{"href":"https:\/\/www.europesays.com\/fr\/wp-json\/wp\/v2\/types\/post"}],"author":[{"embeddable":true,"href":"https:\/\/www.europesays.com\/fr\/wp-json\/wp\/v2\/users\/2"}],"replies":[{"embeddable":true,"href":"https:\/\/www.europesays.com\/fr\/wp-json\/wp\/v2\/comments?post=26857"}],"version-history":[{"count":0,"href":"https:\/\/www.europesays.com\/fr\/wp-json\/wp\/v2\/posts\/26857\/revisions"}],"wp:featuredmedia":[{"embeddable":true,"href":"https:\/\/www.europesays.com\/fr\/wp-json\/wp\/v2\/media\/26858"}],"wp:attachment":[{"href":"https:\/\/www.europesays.com\/fr\/wp-json\/wp\/v2\/media?parent=26857"}],"wp:term":[{"taxonomy":"category","embeddable":true,"href":"https:\/\/www.europesays.com\/fr\/wp-json\/wp\/v2\/categories?post=26857"},{"taxonomy":"post_tag","embeddable":true,"href":"https:\/\/www.europesays.com\/fr\/wp-json\/wp\/v2\/tags?post=26857"}],"curies":[{"name":"wp","href":"https:\/\/api.w.org\/{rel}","templated":true}]}}