{"id":268577,"date":"2025-07-23T17:51:09","date_gmt":"2025-07-23T17:51:09","guid":{"rendered":"https:\/\/www.europesays.com\/fr\/268577\/"},"modified":"2025-07-23T17:51:09","modified_gmt":"2025-07-23T17:51:09","slug":"plusieurs-figures-du-narcobanditisme-marseillais-vouees-a-etre-incarcerees-dans-les-nouveaux-quartiers-de-haute-securite","status":"publish","type":"post","link":"https:\/\/www.europesays.com\/fr\/268577\/","title":{"rendered":"Plusieurs figures du narcobanditisme marseillais vou\u00e9es \u00e0 \u00eatre incarc\u00e9r\u00e9es dans les nouveaux quartiers de haute s\u00e9curit\u00e9"},"content":{"rendered":"<p>D\u2019ici \u00e0 la fin de l\u2019\u00e9t\u00e9, ils seront cent, et un certain nombre aura l\u2019accent du Sud. Ce mardi 22 juillet, dix-sept d\u00e9tenus, consid\u00e9r\u00e9s par les services d\u2019enqu\u00eate comme <strong>appartenant au \u00ab\u00a0haut du spectre\u00a0\u00bb du narcobanditisme fran\u00e7ais<\/strong>, ont fait l\u2019objet de convois sous haute surveillance direction la prison de Vendin-le-Vieil (Pas-de-Calais) et son tout nouveau quartier de haute s\u00e9curit\u00e9.<\/p>\n<p>Si les autorit\u00e9s se veulent prudentes sur la divulgation des noms des d\u00e9tenus concern\u00e9s, certaines t\u00eates d\u2019affiche du crime et du grand banditisme sont d\u00e9j\u00e0 incarc\u00e9r\u00e9es au sein de l\u2019\u00e9tablissement p\u00e9nitentiaire calaisien.<\/p>\n","protected":false},"excerpt":{"rendered":"D\u2019ici \u00e0 la fin de l\u2019\u00e9t\u00e9, ils seront cent, et un certain nombre aura l\u2019accent du Sud. Ce&hellip;\n","protected":false},"author":2,"featured_media":268578,"comment_status":"","ping_status":"","sticky":false,"template":"","format":"standard","meta":{"footnotes":""},"categories":[2814],"tags":[17,1111,11,1086,1777,674,274,40784,1011,27,40786,761,884,3479,12,2513,882,25,40785],"class_list":{"0":"post-268577","1":"post","2":"type-post","3":"status-publish","4":"format-standard","5":"has-post-thumbnail","7":"category-marseille","8":"tag-17","9":"tag-actu","10":"tag-actualites","11":"tag-etre","12":"tag-eu","13":"tag-europe","14":"tag-faits-divers-justice","15":"tag-figures","16":"tag-fr","17":"tag-france","18":"tag-incarcerees","19":"tag-marseillais","20":"tag-marseille","21":"tag-narcobanditisme","22":"tag-news","23":"tag-plusieurs","24":"tag-provence-alpes-cote-dazur","25":"tag-republique-francaise","26":"tag-vouees"},"share_on_mastodon":{"url":"https:\/\/pubeurope.com\/@fr\/114903822105973940","error":""},"_links":{"self":[{"href":"https:\/\/www.europesays.com\/fr\/wp-json\/wp\/v2\/posts\/268577","targetHints":{"allow":["GET"]}}],"collection":[{"href":"https:\/\/www.europesays.com\/fr\/wp-json\/wp\/v2\/posts"}],"about":[{"href":"https:\/\/www.europesays.com\/fr\/wp-json\/wp\/v2\/types\/post"}],"author":[{"embeddable":true,"href":"https:\/\/www.europesays.com\/fr\/wp-json\/wp\/v2\/users\/2"}],"replies":[{"embeddable":true,"href":"https:\/\/www.europesays.com\/fr\/wp-json\/wp\/v2\/comments?post=268577"}],"version-history":[{"count":0,"href":"https:\/\/www.europesays.com\/fr\/wp-json\/wp\/v2\/posts\/268577\/revisions"}],"wp:featuredmedia":[{"embeddable":true,"href":"https:\/\/www.europesays.com\/fr\/wp-json\/wp\/v2\/media\/268578"}],"wp:attachment":[{"href":"https:\/\/www.europesays.com\/fr\/wp-json\/wp\/v2\/media?parent=268577"}],"wp:term":[{"taxonomy":"category","embeddable":true,"href":"https:\/\/www.europesays.com\/fr\/wp-json\/wp\/v2\/categories?post=268577"},{"taxonomy":"post_tag","embeddable":true,"href":"https:\/\/www.europesays.com\/fr\/wp-json\/wp\/v2\/tags?post=268577"}],"curies":[{"name":"wp","href":"https:\/\/api.w.org\/{rel}","templated":true}]}}