{"id":268599,"date":"2025-07-23T18:02:21","date_gmt":"2025-07-23T18:02:21","guid":{"rendered":"https:\/\/www.europesays.com\/fr\/268599\/"},"modified":"2025-07-23T18:02:21","modified_gmt":"2025-07-23T18:02:21","slug":"aide-militaire-a-lukraine-berlin-veut-un-engagement-ferme-des-etats-unis-avant-de-livrer-des-patriot-a-kiev-23-07-2025-a-1722","status":"publish","type":"post","link":"https:\/\/www.europesays.com\/fr\/268599\/","title":{"rendered":"Aide militaire \u00e0 l&rsquo;Ukraine : Berlin veut un \u00ab\u00a0engagement ferme\u00a0\u00bb des Etats-Unis avant de livrer des Patriot \u00e0 Kiev &#8211; 23\/07\/2025 \u00e0 17:22"},"content":{"rendered":"<p>        <img fetchpriority=\"high\" decoding=\"async\" src=\"https:\/\/www.europesays.com\/fr\/wp-content\/uploads\/2025\/07\/ed6c58292547501372314d1bd9a179f1-760x542.jpg\" alt=\"Volodymyr Zelensky et Boris Pistorius \u00e0 Kiev, en Ukraine, le 12 juin 2025. ( AFP \/ SERGEI SUPINSKY )\" loading=\"eager\" width=\"760\" height=\"542\" style=\"max-width: 100%!important; height: auto;\"\/><\/p>\n<p class=\"c-image-news__legend\">Volodymyr Zelensky et Boris Pistorius \u00e0 Kiev, en Ukraine, le 12 juin 2025. ( AFP \/ SERGEI SUPINSKY )<\/p>\n<p> \u00ab\u00a0Il y a de l&rsquo;argent pour les Patriot. Il faut maintenant qu&rsquo;il y ait des Patriot\u00a0\u00bb, a r\u00e9sum\u00e9 ce mercredi 23 juillet le ministre allemand de la D\u00e9fense Boris Pistorius \u00e0 la presse, dans un nouvel appel du pied aux Am\u00e9ricains qui les fabriquent.<\/p>\n<p>\n Des garanties. Dans un entretien \u00e0 la presse ce mercredi 23 juillet, Berlin a indiqu\u00e9 vouloir<br \/>\n <strong><br \/>\n  un \u00ab\u00a0engagement ferme\u00a0\u00bb des Etats-Unis<br \/>\n <\/strong><br \/>\n sur le remplacement rapide des syst\u00e8mes am\u00e9ricains de d\u00e9fense a\u00e9rienne Patriot que l&rsquo;Allemagne et d&rsquo;autres pays de l&rsquo;Otan ont promis \u00e0 Kiev.\n<\/p>\n<p>\n \u00ab\u00a0Nous attendons de l&rsquo;Otan qu&rsquo;elle se tourne \u00e0 nouveau vers les \u00c9tats-Unis et fasse clairement comprendre au fabricant des syst\u00e8mes Patriot que les pays qui livrent ces syst\u00e8mes doivent \u00eatre<br \/>\n <strong><br \/>\n  approvisionn\u00e9s en nouveaux syst\u00e8mes dans un d\u00e9lai de quelques mois\u00a0\u00bb,<br \/>\n <\/strong><br \/>\n a d\u00e9clar\u00e9 le ministre allemand de la D\u00e9fense Boris Pistorius \u00e0 l&rsquo;hebdomadaire allemand<\/p>\n<p>  Der Spiegel.<\/p>\n<p> Cet \u00ab\u00a0engagement\u00a0\u00bb doit \u00eatre \u00ab\u00a0ferme\u00a0\u00bb, a-t-il dit, estimant que le delai maximal de remplacement devait \u00eatre de six \u00e0 huis mois.\n<\/p>\n<p> Patriot, l&rsquo;un des meilleurs dispositifs de d\u00e9fense<\/p>\n<p>\n Le pr\u00e9sident am\u00e9ricain a annonc\u00e9 lundi avec le chef de l&rsquo;Otan Mark Rutte, un projet crucial pour l&rsquo;Ukraine pr\u00e9voyant que les Alli\u00e9s europ\u00e9ens et le Canada ach\u00e8tent des armes am\u00e9ricaines, notamment des syst\u00e8mes avanc\u00e9s Patriot, en faveur de l&rsquo;Ukraine. L&rsquo;Allemagne a promis de livrer \u00e0 l&rsquo;Ukraine<br \/>\n <strong><br \/>\n  deux syst\u00e8mes Patriot,<br \/>\n <\/strong><br \/>\n consid\u00e9r\u00e9 comme l&rsquo;un des meilleurs dispositifs de d\u00e9fense pour sa capacit\u00e9 \u00e0 abattre des drones et des missiles meurtriers.\n<\/p>\n<p>\n La Norv\u00e8ge, les Pays-Bas, le Danemark et la Su\u00e8de, se sont dit pr\u00eats \u00e0 participer au financement de la livraison de Patriot, que les Etats-Unis sous la houlette de Donald Trump ne veulent plus fournir directement \u00e0 Kiev. Au total<br \/>\n <strong><br \/>\n  cinq syst\u00e8mes Patriot<br \/>\n <\/strong><br \/>\n devraient \u00eatre livr\u00e9s \u00e0 l&rsquo;Ukraine qui subit quasi quotidiennement les attaques a\u00e9riennes russes. \u00ab\u00a0Il y a de l&rsquo;argent pour les Patriot. Il faut maintenant qu&rsquo;il y ait des Patriot\u00a0\u00bb, a r\u00e9sum\u00e9 mercredi Boris Pistorius devant des journalistes, dans un<br \/>\n <strong><br \/>\n  nouvel appel du pied aux Am\u00e9ricains<br \/>\n <\/strong><br \/>\n qui les fabriquent.\n<\/p>\n<p> Trois batteries Patriot d\u00e9j\u00e0 envoy\u00e9es \u00e0 Kiev<\/p>\n<p>\n Le remplacement rapide de ces armements est n\u00e9cessaire car il est important que \u00ab\u00a0les pays qui les transf\u00e8rent puissent continuer \u00e0 respecter leurs obligations envers l&rsquo;Otan et<br \/>\n <strong><br \/>\n  qu&rsquo;aucune faille dans la s\u00e9curit\u00e9 de l&rsquo;Otan ne se cr\u00e9e\u00a0\u00bb,<br \/>\n <\/strong><br \/>\n a soulign\u00e9 le ministre allemand.\n<\/p>\n<p>\n L&rsquo;Allemagne a d\u00e9j\u00e0 envoy\u00e9<br \/>\n <strong><br \/>\n  trois batteries Patriot \u00e0 Kiev<br \/>\n <\/strong><br \/>\n depuis f\u00e9vrier 2022, il lui en reste 9 : deux sont stationn\u00e9s dans le sud-est de la Pologne pour prot\u00e9ger l&rsquo;a\u00e9roport de Rzesz\u00f3w, d&rsquo;o\u00f9 partent les livraisons d&rsquo;armes \u00e0 l&rsquo;Ukraine, un autre est utilis\u00e9 pour former les soldats ukrainiens au sein de la Bundeswehr. Le pays utilise les autres pour sa propre d\u00e9fense. Selon le journal<\/p>\n<p>  Politico,<\/p>\n<p> l&rsquo;Allemagne prendrait<br \/>\n <strong><br \/>\n  sur son propre stock<br \/>\n <\/strong><br \/>\n de 9 Patriot un exemplaire qu&rsquo;elle livrerait \u00e0 l&rsquo;Ukraine et elle<br \/>\n <strong><br \/>\n  financerait l&rsquo;achat du second<br \/>\n <\/strong><br \/>\n : ce dernier aurait normalement d\u00fb \u00eatre livr\u00e9 \u00e0 la Suisse par les Am\u00e9ricains, mais il serait finalement destin\u00e9 \u00e0 l&rsquo;Ukraine qui en a davantage besoin.<\/p>\n","protected":false},"excerpt":{"rendered":"Volodymyr Zelensky et Boris Pistorius \u00e0 Kiev, en Ukraine, le 12 juin 2025. ( AFP \/ SERGEI SUPINSKY&hellip;\n","protected":false},"author":2,"featured_media":268600,"comment_status":"","ping_status":"","sticky":false,"template":"","format":"standard","meta":{"footnotes":""},"categories":[1590],"tags":[400,11,398,408,405,1777,674,403,402,399,404,12,401,406,220,407],"class_list":{"0":"post-268599","1":"post","2":"type-post","3":"status-publish","4":"format-standard","5":"has-post-thumbnail","7":"category-ukraine","8":"tag-action-cac-40","9":"tag-actualites","10":"tag-bourse-de-paris","11":"tag-boursorama","12":"tag-cotations","13":"tag-eu","14":"tag-europe","15":"tag-indices-devises","16":"tag-investir","17":"tag-investissement","18":"tag-marche-boursier","19":"tag-news","20":"tag-sicav","21":"tag-trackers","22":"tag-ukraine","23":"tag-warrants"},"share_on_mastodon":{"url":"https:\/\/pubeurope.com\/@fr\/114903865351986566","error":""},"_links":{"self":[{"href":"https:\/\/www.europesays.com\/fr\/wp-json\/wp\/v2\/posts\/268599","targetHints":{"allow":["GET"]}}],"collection":[{"href":"https:\/\/www.europesays.com\/fr\/wp-json\/wp\/v2\/posts"}],"about":[{"href":"https:\/\/www.europesays.com\/fr\/wp-json\/wp\/v2\/types\/post"}],"author":[{"embeddable":true,"href":"https:\/\/www.europesays.com\/fr\/wp-json\/wp\/v2\/users\/2"}],"replies":[{"embeddable":true,"href":"https:\/\/www.europesays.com\/fr\/wp-json\/wp\/v2\/comments?post=268599"}],"version-history":[{"count":0,"href":"https:\/\/www.europesays.com\/fr\/wp-json\/wp\/v2\/posts\/268599\/revisions"}],"wp:featuredmedia":[{"embeddable":true,"href":"https:\/\/www.europesays.com\/fr\/wp-json\/wp\/v2\/media\/268600"}],"wp:attachment":[{"href":"https:\/\/www.europesays.com\/fr\/wp-json\/wp\/v2\/media?parent=268599"}],"wp:term":[{"taxonomy":"category","embeddable":true,"href":"https:\/\/www.europesays.com\/fr\/wp-json\/wp\/v2\/categories?post=268599"},{"taxonomy":"post_tag","embeddable":true,"href":"https:\/\/www.europesays.com\/fr\/wp-json\/wp\/v2\/tags?post=268599"}],"curies":[{"name":"wp","href":"https:\/\/api.w.org\/{rel}","templated":true}]}}