{"id":268601,"date":"2025-07-23T18:03:11","date_gmt":"2025-07-23T18:03:11","guid":{"rendered":"https:\/\/www.europesays.com\/fr\/268601\/"},"modified":"2025-07-23T18:03:11","modified_gmt":"2025-07-23T18:03:11","slug":"vers-un-accord-ue-usa-avec-droits-de-douane-de-15-sources-diplomatiques-23-07-2025-a-1917","status":"publish","type":"post","link":"https:\/\/www.europesays.com\/fr\/268601\/","title":{"rendered":"Vers un accord UE-USA avec droits de douane de 15%-sources diplomatiques &#8211; 23\/07\/2025 \u00e0 19:17"},"content":{"rendered":"<p>\n (Actualis\u00e9 tout du long; photo \u00e0 disposition)\n<\/p>\n<p>\n par Philip Blenkinsop\n<\/p>\n<p>\n L&rsquo;Union europ\u00e9enne et<br \/>\nles Etats-Unis s&rsquo;orientent vers un accord commercial qui<br \/>\npr\u00e9voirait des droits de douane de base de 15% sur les produits<br \/>\neurop\u00e9ens import\u00e9s sur le territoire am\u00e9ricain, a-t-on appris<br \/>\nmercredi de deux sources diplomatiques europ\u00e9ennes.\n<\/p>\n<p>\n Ce taux de taxation de 15%, qui pourrait \u00e9galement concerner<br \/>\nle secteur automobile, serait ainsi similaire \u00e0 celui pr\u00e9vu dans<br \/>\nl&rsquo;accord-cadre entre les Etats-Unis et le Japon, annonc\u00e9 mardi<br \/>\nsoir par le pr\u00e9sident am\u00e9ricain Donald Trump, qui a op\u00e9r\u00e9 depuis<br \/>\nson retour au pouvoir en janvier dernier une refonte de la<br \/>\npolitique commerciale de Washington.\n<\/p>\n<p>\n Des responsables de la Commission europ\u00e9enne, en charge<br \/>\nde mener les n\u00e9gociations commerciales avec les Etats-Unis au<br \/>\nnom des Vingt-Sept, ont rendu compte aux \u00e9missaires europ\u00e9ens<br \/>\ndes avanc\u00e9es des discussions avec les repr\u00e9sentants am\u00e9ricains.<br \/>\nLe dernier mot appartient toutefois \u00e0 Donald Trump.\n<\/p>\n<p>\n Selon les sources, les grandes lignes du potentiel<br \/>\naccord commercial pr\u00e9voient que le taux de 15% pourrait<br \/>\ns&rsquo;appliquer aux secteurs automobile et pharmaceutique, pour<br \/>\nlesquels il remplacerait les droits de douane am\u00e9ricains<br \/>\njusque-l\u00e0 en vigueur avec un taux m\u00e9dian de moins de 5%.\n<\/p>\n<p>\n Il est possible que des concessions soient obtenues par<br \/>\nBruxelles pour plusieurs industries, comme l&rsquo;a\u00e9ronautique, le<br \/>\nbois d&rsquo;oeuvre, ou encore certains produits agricoles, qui<br \/>\nseraient exempt\u00e9s de droits de douane, ont dit les diplomates.\n<\/p>\n<p>\n Toutefois, rien n&rsquo;indique pour l&rsquo;heure que Washington<br \/>\nsoit dispos\u00e9 \u00e0 revoir \u00e0 la baisse les taxes douani\u00e8res de 50%<br \/>\nimpos\u00e9es sur toutes les importations d&rsquo;acier aux Etats-Unis.\n<\/p>\n<p>\n Plus t\u00f4t dans la journ\u00e9e, la Commission europ\u00e9enne a<br \/>\nfait savoir que sa priorit\u00e9 \u00e9tait de parvenir \u00e0 un accord avec<br \/>\nl&rsquo;administration Trump afin d&rsquo;\u00e9viter l&rsquo;instauration d&rsquo;un seuil<br \/>\nplancher de 30% de droits de douane sur tous les produits<br \/>\neurop\u00e9ens \u00e0 compter du 1er ao\u00fbt, selon une menace formul\u00e9e par<br \/>\nle pr\u00e9sident am\u00e9ricain.\n<\/p>\n<p>\n En parall\u00e8le, ont rapport\u00e9 les sources, la Commission<br \/>\npr\u00e9voit de soumettre jeudi au vote des Vingt-Sept un ensemble de<br \/>\nmesures commerciales de r\u00e9torsion, \u00e0 hauteur de 93 milliards<br \/>\nd&rsquo;euros, qui viseraient les produits am\u00e9ricains en l&rsquo;absence<br \/>\nd&rsquo;un accord bilat\u00e9ral. Ces mesures entreraient en vigueur<br \/>\nseulement apr\u00e8s le 7 ao\u00fbt.\n<\/p>\n<p>\n Un repr\u00e9sentant du gouvernement allemand a d\u00e9clar\u00e9 que<br \/>\nBerlin soutenait les pr\u00e9paratifs en ce sens de Bruxelles.\n<\/p>\n<p>\n Les pays membres de l&rsquo;UE sont en grande majorit\u00e9<br \/>\nfavorables \u00e0 l&rsquo;imposition de mesures dites d'\u00a0\u00bbanti-coercition\u00a0\u00bb<br \/>\ncontre les Etats-Unis si aucun accord n&rsquo;\u00e9tait trouv\u00e9 et que<br \/>\nWashington venait \u00e0 pr\u00e9lever des droits de douane de 30% sur les<br \/>\nproduits europ\u00e9ens, ont dit les sources diplomatiques. Le<br \/>\nsecteur am\u00e9ricain des services serait notamment cibl\u00e9.\n<\/p>\n<p>\n (Philip Blenkinsop; version fran\u00e7aise Jean Terzian, \u00e9dit\u00e9 par<br \/>\nNicolas Delame et Augustin Turpin)<\/p>\n","protected":false},"excerpt":{"rendered":"(Actualis\u00e9 tout du long; photo \u00e0 disposition) par Philip Blenkinsop L&rsquo;Union europ\u00e9enne et les Etats-Unis s&rsquo;orientent vers un&hellip;\n","protected":false},"author":2,"featured_media":2486,"comment_status":"","ping_status":"","sticky":false,"template":"","format":"standard","meta":{"footnotes":""},"categories":[1589],"tags":[400,11,398,408,405,73,1866,403,402,399,404,12,401,406,1864,1865,1863,308,407],"class_list":{"0":"post-268601","1":"post","2":"type-post","3":"status-publish","4":"format-standard","5":"has-post-thumbnail","7":"category-etats-unis","8":"tag-action-cac-40","9":"tag-actualites","10":"tag-bourse-de-paris","11":"tag-boursorama","12":"tag-cotations","13":"tag-etats-unis","14":"tag-etats-unis-damerique","15":"tag-indices-devises","16":"tag-investir","17":"tag-investissement","18":"tag-marche-boursier","19":"tag-news","20":"tag-sicav","21":"tag-trackers","22":"tag-united-states","23":"tag-united-states-of-america","24":"tag-us","25":"tag-usa","26":"tag-warrants"},"share_on_mastodon":{"url":"https:\/\/pubeurope.com\/@fr\/114903869953064280","error":""},"_links":{"self":[{"href":"https:\/\/www.europesays.com\/fr\/wp-json\/wp\/v2\/posts\/268601","targetHints":{"allow":["GET"]}}],"collection":[{"href":"https:\/\/www.europesays.com\/fr\/wp-json\/wp\/v2\/posts"}],"about":[{"href":"https:\/\/www.europesays.com\/fr\/wp-json\/wp\/v2\/types\/post"}],"author":[{"embeddable":true,"href":"https:\/\/www.europesays.com\/fr\/wp-json\/wp\/v2\/users\/2"}],"replies":[{"embeddable":true,"href":"https:\/\/www.europesays.com\/fr\/wp-json\/wp\/v2\/comments?post=268601"}],"version-history":[{"count":0,"href":"https:\/\/www.europesays.com\/fr\/wp-json\/wp\/v2\/posts\/268601\/revisions"}],"wp:featuredmedia":[{"embeddable":true,"href":"https:\/\/www.europesays.com\/fr\/wp-json\/wp\/v2\/media\/2486"}],"wp:attachment":[{"href":"https:\/\/www.europesays.com\/fr\/wp-json\/wp\/v2\/media?parent=268601"}],"wp:term":[{"taxonomy":"category","embeddable":true,"href":"https:\/\/www.europesays.com\/fr\/wp-json\/wp\/v2\/categories?post=268601"},{"taxonomy":"post_tag","embeddable":true,"href":"https:\/\/www.europesays.com\/fr\/wp-json\/wp\/v2\/tags?post=268601"}],"curies":[{"name":"wp","href":"https:\/\/api.w.org\/{rel}","templated":true}]}}