{"id":268602,"date":"2025-07-23T18:04:11","date_gmt":"2025-07-23T18:04:11","guid":{"rendered":"https:\/\/www.europesays.com\/fr\/268602\/"},"modified":"2025-07-23T18:04:11","modified_gmt":"2025-07-23T18:04:11","slug":"5-ans-apres-le-brexit-au-royaume-uni-lherbe-serait-elle-plus-verte-ailleurs","status":"publish","type":"post","link":"https:\/\/www.europesays.com\/fr\/268602\/","title":{"rendered":"5 ans apr\u00e8s le Brexit au Royaume-Uni: l\u2019herbe serait-elle plus verte ailleurs?"},"content":{"rendered":"<p>\n                                                Le 31 janvier 2020, les cloches de Big Ben ont retenti, sonnant du m\u00eame coup le glas de la participation du Royaume-Uni \u00e0 l\u2019Union europ\u00e9enne. 5 ans plus tard, certains Brexiters ont chang\u00e9 d\u2019avis, et le bilan de cette sortie tonitruante reste mitig\u00e9, particuli\u00e8rement dans le secteur agricole. Cette \u00e9mission est une s\u00e9lection estivale des programmes d\u2019Accents d\u2019Europe.                    <\/p>\n<p><strong>Cette \u00e9mission est une r\u00e9\u00e9dition estivale de nos programmes<\/strong><\/p>\n<p>\u00a0<\/p>\n<p><strong>Cinq ans apr\u00e8s le Brexit, les agriculteurs britanniques font la moue<\/strong><\/p>\n<p>Et si c\u2019\u00e9tait \u00e0 refaire ? Le Royaume-Uni ne quitterait sans doute pas l\u2019UE si l&rsquo;on en croit ce sondage Yougov publi\u00e9, il y a quelques mois, fin janvier : 11% des personnes interrog\u00e9es seulement estiment que le Brexit a \u00e9t\u00e9 une r\u00e9ussite, et parmi les \u00e9lecteurs qui avaient vot\u00e9 oui au divorce, 20% sont pour un retour de leur pays dans l&rsquo;UE. Au sein du secteur <strong><a target=\"_self\" href=\"https:\/\/www.rfi.fr\/fr\/tag\/agriculture-et-p\u00eache\/\" rel=\"noopener\">agricole<\/a><\/strong> o\u00f9 les partisans du Brexit \u00e9taient nombreux, le bilan, 5 ans plus tard, est mitig\u00e9. Le reportage de <strong>Marie Billon<\/strong> dans les Midlands.<\/p>\n<p>\u00a0<\/p>\n<p><strong>Les Balkans ne font plus r\u00eaver leurs jeunes<\/strong><\/p>\n<p>L&rsquo;exode de la jeunesse est l\u2019une des questions qui pr\u00e9occupent le plus le sud de l&rsquo;Europe. La r\u00e9gion des <strong><a target=\"_self\" href=\"https:\/\/www.rfi.fr\/fr\/tag\/balkans\/\" rel=\"noopener\">Balkans<\/a><\/strong> est l&rsquo;une des plus touch\u00e9es au monde par la fuite des cerveaux. Au point de susciter des craintes pour l&rsquo;avenir m\u00eame de ses soci\u00e9t\u00e9s. Les explications de notre correspondant dans les Balkans, <strong><a target=\"_self\" href=\"https:\/\/www.rfi.fr\/fr\/auteur\/louis-seiller\/\" rel=\"noopener\">Louis Seiller<\/a>.<\/strong><\/p>\n<p>\u00a0<\/p>\n<p><strong>Chronique musicale<\/strong><\/p>\n<p><strong>Le choix de Vincent Th\u00e9val : Vecchia Storia, d\u2019Ada Oda (Pelle d\u2019oca).<\/strong><\/p>\n<p>\u00a0<\/p>\n<p><strong>Les glaciers suisses, bient\u00f4t une carte postale du pass\u00e9 ?<\/strong><\/p>\n<p>40% : c\u2019est le volume total perdu par les glaciers <strong><a target=\"_self\" href=\"https:\/\/www.rfi.fr\/fr\/tag\/suisse\/\" rel=\"noopener\">suisses<\/a><\/strong> depuis l\u2019an 2000. Les scientifiques l\u2019ont constat\u00e9, en 2024, la chaleur \u00e0 la surface de la plan\u00e8te n\u2019a jamais \u00e9t\u00e9 aussi \u00e9lev\u00e9e. Les glaciers europ\u00e9ens fondent \u00e0 un rythme sans pr\u00e9c\u00e9dent et leur disparition semble in\u00e9luctable si rien n&rsquo;est fait. Celui d&rsquo;Aletsch, en Suisse, semble d\u00e9j\u00e0 condamn\u00e9 ; d&rsquo;autres pourraient encore survivre, \u00e0 condition que la neutralit\u00e9 carbone devienne r\u00e9alit\u00e9. Reportage sur le plus grand glacier d&rsquo;Europe de l&rsquo;Ouest, <a target=\"_self\" href=\"https:\/\/www.rfi.fr\/fr\/auteur\/j\u00e9r\u00e9mie-lanche\/\" rel=\"noopener\"><strong>J\u00e9r\u00e9mie Lanche<\/strong><\/a>.<\/p>\n","protected":false},"excerpt":{"rendered":"Le 31 janvier 2020, les cloches de Big Ben ont retenti, sonnant du m\u00eame coup le glas de&hellip;\n","protected":false},"author":2,"featured_media":268603,"comment_status":"","ping_status":"","sticky":false,"template":"","format":"standard","meta":{"footnotes":""},"categories":[1588],"tags":[2361,11,1353,1777,674,12,473,1853,1851,364,1850,1852],"class_list":{"0":"post-268602","1":"post","2":"type-post","3":"status-publish","4":"format-standard","5":"has-post-thumbnail","7":"category-royaume-uni","8":"tag-accents-deurope","9":"tag-actualites","10":"tag-brexit","11":"tag-eu","12":"tag-europe","13":"tag-news","14":"tag-royaume-uni","15":"tag-royaume-uni-de-grande-bretagne-et-dirlande-du-nord","16":"tag-uk","17":"tag-union-europeenne","18":"tag-united-kingdom","19":"tag-united-kingdom-of-great-britain-and-northern-ireland"},"share_on_mastodon":{"url":"https:\/\/pubeurope.com\/@fr\/114903873178818514","error":""},"_links":{"self":[{"href":"https:\/\/www.europesays.com\/fr\/wp-json\/wp\/v2\/posts\/268602","targetHints":{"allow":["GET"]}}],"collection":[{"href":"https:\/\/www.europesays.com\/fr\/wp-json\/wp\/v2\/posts"}],"about":[{"href":"https:\/\/www.europesays.com\/fr\/wp-json\/wp\/v2\/types\/post"}],"author":[{"embeddable":true,"href":"https:\/\/www.europesays.com\/fr\/wp-json\/wp\/v2\/users\/2"}],"replies":[{"embeddable":true,"href":"https:\/\/www.europesays.com\/fr\/wp-json\/wp\/v2\/comments?post=268602"}],"version-history":[{"count":0,"href":"https:\/\/www.europesays.com\/fr\/wp-json\/wp\/v2\/posts\/268602\/revisions"}],"wp:featuredmedia":[{"embeddable":true,"href":"https:\/\/www.europesays.com\/fr\/wp-json\/wp\/v2\/media\/268603"}],"wp:attachment":[{"href":"https:\/\/www.europesays.com\/fr\/wp-json\/wp\/v2\/media?parent=268602"}],"wp:term":[{"taxonomy":"category","embeddable":true,"href":"https:\/\/www.europesays.com\/fr\/wp-json\/wp\/v2\/categories?post=268602"},{"taxonomy":"post_tag","embeddable":true,"href":"https:\/\/www.europesays.com\/fr\/wp-json\/wp\/v2\/tags?post=268602"}],"curies":[{"name":"wp","href":"https:\/\/api.w.org\/{rel}","templated":true}]}}