{"id":268606,"date":"2025-07-23T18:06:15","date_gmt":"2025-07-23T18:06:15","guid":{"rendered":"https:\/\/www.europesays.com\/fr\/268606\/"},"modified":"2025-07-23T18:06:15","modified_gmt":"2025-07-23T18:06:15","slug":"leurope-finit-dans-le-vert-optimisme-avec-laccord-us-japon-23-07-2025-a-1818","status":"publish","type":"post","link":"https:\/\/www.europesays.com\/fr\/268606\/","title":{"rendered":"L&rsquo;Europe finit dans le vert, optimisme avec l&rsquo;accord US-Japon &#8211; 23\/07\/2025 \u00e0 18:18"},"content":{"rendered":"<p>        <img fetchpriority=\"high\" decoding=\"async\" src=\"https:\/\/www.europesays.com\/fr\/wp-content\/uploads\/2025\/07\/46ee946a07b6e4a7deab78faf1fd8b00-760x567.jpg\" alt=\"Le graphique de l'indice boursier allemand DAX est photographi\u00e9 \u00e0 la bourse de Francfort\" loading=\"eager\" width=\"760\" height=\"567\" style=\"max-width: 100%!important; height: auto;\"\/><\/p>\n<p class=\"c-image-news__legend\">Le graphique de l&rsquo;indice boursier allemand DAX est photographi\u00e9 \u00e0 la bourse de Francfort<\/p>\n<p>\n par Mara  Vilcu\n<\/p>\n<p>\n Les Bourses europ\u00e9ennes ont termin\u00e9 en hausse mercredi, apr\u00e8s l&rsquo;annonce par le pr\u00e9sident am\u00e9ricain Donald Trump d&rsquo;un accord commercial avec le Japon, ce qui a aussi relanc\u00e9 l&rsquo;espoir de progr\u00e8s dans les n\u00e9gociations sur les droits de douane entre les Etats-Unis et l&rsquo;Union europ\u00e9enne (UE).\n<\/p>\n<p>\n \u00c0 Paris, le CAC 40 a gagn\u00e9 1,37% \u00e0 7.850,43 points. A Francfort, le Dax a avanc\u00e9 de 0,73% et \u00e0 Londres, le FTSE 100 a pris 0,42%.\n<\/p>\n<p>\n L&rsquo;indice EuroStoxx 50 a gagn\u00e9 1,02%, le FTSEurofirst 300 1,10% et le Stoxx 600 1,09%.\n<\/p>\n<p>\n Ce mercredi, les n\u00e9gociations commerciales ont \u00e9t\u00e9, encore une fois, au centre de l&rsquo;attention.\n<\/p>\n<p>\n Mardi, le pr\u00e9sident am\u00e9ricain Donald Trump a annonc\u00e9 la conclusion d&rsquo;un accord commercial tr\u00e8s attendu avec le Japon qui pr\u00e9voit notamment des droits de douane de 15% sur les produits en provenance du pays asiatique. Il devrait soulager l&rsquo;industrie automobile nipponne, menac\u00e9e jusqu&rsquo;\u00e0 pr\u00e9sent par une potentielle surtaxe am\u00e9ricaine de 25%.\n<\/p>\n<p>\n \u00ab\u00a0Les \u00c9tats-Unis ont travaill\u00e9 d&rsquo;arrache-pied pour conclure un grand nombre d&rsquo;accords commerciaux avant la date limite du 1er ao\u00fbt, et il semble qu&rsquo;ils commencent \u00e0 obtenir des r\u00e9sultats. Je pense donc que c&rsquo;est un signe tr\u00e8s positif\u00a0\u00bb, a d\u00e9clar\u00e9 Chris Zaccarelli, directeur des investissements chez Northlight Asset Management.\n<\/p>\n<p>\n Le locataire de la Maison blanche a \u00e9galement affirm\u00e9 que des repr\u00e9sentants de l&rsquo;UE se rendraient mercredi \u00e0 Washington pour des n\u00e9gociations commerciales. \u00ab\u00a0L&rsquo;Europe viendra demain et d&rsquo;autres viendront le lendemain\u00a0\u00bb, a d\u00e9clar\u00e9 le pr\u00e9sident am\u00e9ricain.\n<\/p>\n<p>\n Par ailleurs, le secr\u00e9taire am\u00e9ricain au Tr\u00e9sor, Scott Bessent, a d\u00e9clar\u00e9 mardi qu&rsquo;il rencontrerait son homologue chinois lundi et mardi prochains \u00e0 Stockholm et discuterait d&rsquo;un possible report de la date butoir du 12 ao\u00fbt pour un rel\u00e8vement des droits de douane envisag\u00e9s par les Etats-Unis contre la Chine.\n<\/p>\n<p>\n Outre les droits de douane, les investisseurs ont concentr\u00e9 leur attention sur une s\u00e9rie de r\u00e9sultats d&rsquo;entreprises, avant la d\u00e9cision de la Banque centrale europ\u00e9enne (BCE) sur les taux d&rsquo;int\u00e9r\u00eat qui est attendue jeudi.\n<\/p>\n<p>\n VALEURS\n<\/p>\n<p>\n Alstom a avanc\u00e9 de 5,96% apr\u00e8s avoir fait \u00e9tat mercredi d&rsquo;un chiffre d&rsquo;affaires meilleur que pr\u00e9vu au premier trimestre de son exercice fiscal.\n<\/p>\n<p>\n Dassault Aviation a abandonn\u00e9 plus de 8% malgr\u00e9 une l\u00e9g\u00e8re am\u00e9lioration de son chiffre d&rsquo;affaires et de son b\u00e9n\u00e9fice au premier semestre.\n<\/p>\n<p>\n Ailleurs en Europe, Nokia, qui a abaiss\u00e9 mardi sa pr\u00e9vision de b\u00e9n\u00e9fice d&rsquo;exploitation pour 2025, a perdu 7,57%.\n<\/p>\n<p>\n A WALL STREET\n<\/p>\n<p>\n A l&rsquo;heure de la cl\u00f4ture en Europe, le Dow Jones gagnait 0,72%, le Standard &amp; Poor&rsquo;s 500 0,48% et le Nasdaq Composite 0,38%.\n<\/p>\n<p>\n LES INDICATEURS DU JOUR\n<\/p>\n<p>\n La confiance des consommateurs de la zone euro s&rsquo;est am\u00e9lior\u00e9e plus que pr\u00e9vu sur un mois en juillet, montre une estimation pr\u00e9liminaire publi\u00e9e mercredi par la Commission europ\u00e9enne.\n<\/p>\n<p>\n CHANGES\n<\/p>\n<p>\n Le yen, qui a connu des fluctuations importantes, s&rsquo;appr\u00e9cie face au dollar et \u00e0 l&rsquo;euro mercredi, les investisseurs \u00e9valuant les sp\u00e9culations sur l&rsquo;avenir du Premier ministre japonais Shigeru Ishiba et l&rsquo;annonce par le pr\u00e9sident am\u00e9ricain Donald Trump d&rsquo;un accord commercial avec le Japon.\n<\/p>\n<p>\n Le yen s&rsquo;\u00e9change \u00e0 146,42 pour un dollar (+0,14%).\n<\/p>\n<p>\n Le dollar gagne 0,08% face \u00e0 un panier de devises de r\u00e9f\u00e9rence.\n<\/p>\n<p>\n L&rsquo;euro perd 0,23% \u00e0 1,1726 dollar.\n<\/p>\n<p>\n TAUX\n<\/p>\n<p>\n Les rendements obligataires de la zone euro ont progress\u00e9 mercredi, l&rsquo;annonce par le pr\u00e9sident am\u00e9ricain Donald Trump d&rsquo;un accord commercial avec le Japon ayant raviv\u00e9 l&rsquo;espoir de nouveaux accords et apais\u00e9 les inqui\u00e9tudes concernant l&rsquo;impact des droits de douane am\u00e9ricains.\n<\/p>\n<p>\n Le rendement des Treasuries \u00e0 dix ans avance de 4,2  points de base \u00e0 4,3778%. Le deux ans gagne 3,4  points de base \u00e0 3,8652%.\n<\/p>\n<p>\n Le rendement du Bund allemand \u00e0 dix ans gagne 1,0  point de base \u00e0 2,5990%. Le deux ans avance de 0,1  point de base \u00e0 1,7960%.\n<\/p>\n<p>\n P\u00c9TROLE\n<\/p>\n<p>\n Les prix du p\u00e9trole sont en petite baisse mercredi, partag\u00e9s entre l&rsquo;espoir de perc\u00e9es commerciales et la prudence \u00e0 l&rsquo;approche du sommet UE-Chine pr\u00e9vu jeudi.\n<\/p>\n<p>\n Le Brent abandonne 0,74% \u00e0 68,08 dollars le baril et le brut l\u00e9ger am\u00e9ricain (West Texas Intermediate, WTI) perd 0,73% \u00e0 64,83 dollars.\n<\/p>\n<p>\n A SUIVRE LE 24 JUILLET :\n<\/p>\n<p>\n (Certaines donn\u00e9es peuvent accuser un l\u00e9ger d\u00e9calage)\n<\/p>\n<p>\n (R\u00e9dig\u00e9 par Mara V\u00eelcu, \u00e9dit\u00e9 par Jean-St\u00e9phane Brosse)<\/p>\n","protected":false},"excerpt":{"rendered":"Le graphique de l&rsquo;indice boursier allemand DAX est photographi\u00e9 \u00e0 la bourse de Francfort par Mara Vilcu Les&hellip;\n","protected":false},"author":2,"featured_media":268607,"comment_status":"","ping_status":"","sticky":false,"template":"","format":"standard","meta":{"footnotes":""},"categories":[1586],"tags":[400,11,398,408,405,1777,674,1011,27,403,402,399,404,12,25,401,406,407],"class_list":{"0":"post-268606","1":"post","2":"type-post","3":"status-publish","4":"format-standard","5":"has-post-thumbnail","7":"category-europe","8":"tag-action-cac-40","9":"tag-actualites","10":"tag-bourse-de-paris","11":"tag-boursorama","12":"tag-cotations","13":"tag-eu","14":"tag-europe","15":"tag-fr","16":"tag-france","17":"tag-indices-devises","18":"tag-investir","19":"tag-investissement","20":"tag-marche-boursier","21":"tag-news","22":"tag-republique-francaise","23":"tag-sicav","24":"tag-trackers","25":"tag-warrants"},"share_on_mastodon":{"url":"https:\/\/pubeurope.com\/@fr\/114903881231806474","error":""},"_links":{"self":[{"href":"https:\/\/www.europesays.com\/fr\/wp-json\/wp\/v2\/posts\/268606","targetHints":{"allow":["GET"]}}],"collection":[{"href":"https:\/\/www.europesays.com\/fr\/wp-json\/wp\/v2\/posts"}],"about":[{"href":"https:\/\/www.europesays.com\/fr\/wp-json\/wp\/v2\/types\/post"}],"author":[{"embeddable":true,"href":"https:\/\/www.europesays.com\/fr\/wp-json\/wp\/v2\/users\/2"}],"replies":[{"embeddable":true,"href":"https:\/\/www.europesays.com\/fr\/wp-json\/wp\/v2\/comments?post=268606"}],"version-history":[{"count":0,"href":"https:\/\/www.europesays.com\/fr\/wp-json\/wp\/v2\/posts\/268606\/revisions"}],"wp:featuredmedia":[{"embeddable":true,"href":"https:\/\/www.europesays.com\/fr\/wp-json\/wp\/v2\/media\/268607"}],"wp:attachment":[{"href":"https:\/\/www.europesays.com\/fr\/wp-json\/wp\/v2\/media?parent=268606"}],"wp:term":[{"taxonomy":"category","embeddable":true,"href":"https:\/\/www.europesays.com\/fr\/wp-json\/wp\/v2\/categories?post=268606"},{"taxonomy":"post_tag","embeddable":true,"href":"https:\/\/www.europesays.com\/fr\/wp-json\/wp\/v2\/tags?post=268606"}],"curies":[{"name":"wp","href":"https:\/\/api.w.org\/{rel}","templated":true}]}}