{"id":268608,"date":"2025-07-23T18:07:09","date_gmt":"2025-07-23T18:07:09","guid":{"rendered":"https:\/\/www.europesays.com\/fr\/268608\/"},"modified":"2025-07-23T18:07:09","modified_gmt":"2025-07-23T18:07:09","slug":"la-famille-des-bouquetins-sagrandit-un-nouveau-lacher-a-eu-lieu-dans-les-pyrenees","status":"publish","type":"post","link":"https:\/\/www.europesays.com\/fr\/268608\/","title":{"rendered":"La famille des bouquetins s&rsquo;agrandit, un nouveau l\u00e2cher a eu lieu dans les Pyr\u00e9n\u00e9es"},"content":{"rendered":"<p>            Par<br \/>\n        <strong><br \/>\n            <a href=\"https:\/\/actu.fr\/auteur\/margot-fournie\" title=\"Consulter tous les articles de Margot Fournie\" rel=\"nofollow noopener\" target=\"_blank\">Margot Fournie<\/a><br \/>\n        <\/strong><\/p>\n<p>        Publi\u00e9 le<\/p>\n<p>            23 juil. 2025 \u00e0 19h06<br \/>\n        ; mis \u00e0 jour le 23 juil. 2025 \u00e0 19h13    <\/p>\n<p>En 2024, on c\u00e9l\u00e9brait la <a href=\"https:\/\/actu.fr\/occitanie\/ustou_09322\/c-est-le-10e-anniversaire-de-la-reintroduction-du-bouquetin-iberique-dans-les-pyrenees_61432857.html\" rel=\"nofollow noopener\" target=\"_blank\">dixi\u00e8me ann\u00e9e de la r\u00e9introduction du bouquetin ib\u00e9rique<\/a>. Ils <strong>\u00e9taient alors 600<\/strong> \u00e0 profiter des alpages des <a href=\"https:\/\/actu.fr\/tag\/pyrenees\" rel=\"nofollow noopener\" target=\"_blank\">Pyr\u00e9n\u00e9es<\/a>.<\/p>\n<p class=\" wall-content\">Depuis ce nombre a encore grossi. Des naissances ont eu lieu durant le printemps. Et il a m\u00eame \u00e9t\u00e9 renforc\u00e9 par <strong>un nouveau l\u00e2cher de caprins<\/strong>. Le dernier a eu lieu, quelques jours plus t\u00f4t, dans <strong>la vall\u00e9e d\u2019Aure<\/strong>.<\/p>\n<p>10 femelles et 2 m\u00e2les ont \u00e9t\u00e9 rel\u00e2ch\u00e9s<\/p>\n<p class=\" wall-content\">Le 17\u00a0juillet, le Parc national des Pyr\u00e9n\u00e9es a lib\u00e9r\u00e9 <strong>10 femelles et 2 m\u00e2les<\/strong> \u00e0 proximit\u00e9 de la R\u00e9serve naturelle nationale du N\u00e9ouvielle.<\/p>\n<p>    <a href=\"https:\/\/www.facebook.com\/plugins\/video.php?height=314&amp;href=https%3A%2F%2Fwww.facebook.com%2Fparcnationaldespyrenees%2Fvideos%2F757001346784315%2F&amp;show_text=true&amp;width=350&amp;t=0\" title=\"Ouvrie le lien\" rel=\"nofollow noopener\" target=\"_blank\">Cliquez ici pour visualiser le contenu<\/a><\/p>\n<p class=\" wall-content\">\u00ab\u2009Calmement, sereinement, avec curiosit\u00e9, <strong>les bouquetins sont partis \u00e0 la d\u00e9couverte<\/strong> de la <strong>montagne auroise<\/strong> sous les yeux \u00e9bahis de tous les participants\u2009\u00bb, a d\u00e9clar\u00e9 le Parc national des Pyr\u00e9n\u00e9es, \u00e0 l\u2019origine du programme de r\u00e9introduction avec le Parc naturel r\u00e9gional des Pyr\u00e9n\u00e9es Ari\u00e9geoises.<\/p>\n<p>Vid\u00e9os : en ce moment sur ActuL\u2019esp\u00e8ce avait disparu de France en 1910<\/p>\n<p class=\" wall-content\">L\u2019esp\u00e8ce a disparu des <strong>Pyr\u00e9n\u00e9es fran\u00e7aises en 1910<\/strong>. Pour permettre son retour, <a href=\"https:\/\/actu.fr\/occitanie\/bagneres-de-bigorre_65059\/pyrenees-la-reintroduction-du-bouquetin-iberique-citee-en-exemple_60096677.html\" rel=\"nofollow noopener\" target=\"_blank\">un ambitieux projet de r\u00e9introduction<\/a> a \u00e9t\u00e9 mis en place <strong>dans les ann\u00e9es 1980<\/strong>.<\/p>\n<p>    <a href=\"https:\/\/www.facebook.com\/plugins\/post.php?href=https%3A%2F%2Fwww.facebook.com%2FBouquetinPyrenees%2Fposts%2Fpfbid021GztG3qGkkcmUN27nDrs3fjaqKmDmjnWgYbmHpesHkcEpaxzhHvWEaqQ3f2p9Y2jl&amp;show_text=true&amp;width=350\" title=\"Ouvrie le lien\" rel=\"nofollow noopener\" target=\"_blank\">Cliquez ici pour visualiser le contenu<\/a><\/p>\n<p class=\" wall-content\">Le <strong>plan a abouti en 2014<\/strong>.<\/p>\n<p class=\" wall-content\">Cette ann\u00e9e-l\u00e0, <strong>neuf individus<\/strong>, originaires de la Sierra de Guadarrama en Espagne, ont \u00e9t\u00e9 rel\u00e2ch\u00e9s. Cette r\u00e9introduction a \u00e9t\u00e9 suivie par plusieurs autres \u00e0 Ustou, Aulus-les-Bains, Cauterets, Gavarnie-G\u00e8dre ou encore au sein de la vall\u00e9e d\u2019Aspe.<\/p>\n<p class=\" wall-content\">Suivez toute l\u2019actualit\u00e9 de vos villes et m\u00e9dias favoris en vous inscrivant \u00e0 <a href=\"https:\/\/moncompte.actu.fr\" title=\"D\u00e9couvez Mon Actu\" rel=\"nofollow noopener\" data-trk=\"{&quot;cta&quot;:{&quot;action&quot;:&quot;https:\\\/\\\/moncompte.actu.fr&quot;,&quot;category&quot;:&quot;mon compte&quot;,&quot;from&quot;:&quot;article footer&quot;,&quot;name&quot;:&quot;Mon actu&quot;,&quot;type&quot;:&quot;cta&quot;}}\" target=\"_blank\">Mon Actu<\/a>.<\/p>\n","protected":false},"excerpt":{"rendered":"Par Margot Fournie Publi\u00e9 le 23 juil. 2025 \u00e0 19h06 ; mis \u00e0 jour le 23 juil. 2025&hellip;\n","protected":false},"author":2,"featured_media":268609,"comment_status":"","ping_status":"","sticky":false,"template":"","format":"standard","meta":{"footnotes":""},"categories":[1586],"tags":[11,1867,1130,1777,674,1779,1011,27,12,52,2723,25,1778,364],"class_list":{"0":"post-268608","1":"post","2":"type-post","3":"status-publish","4":"format-standard","5":"has-post-thumbnail","7":"category-europe","8":"tag-actualites","9":"tag-animaux","10":"tag-biodiversite","11":"tag-eu","12":"tag-europe","13":"tag-european-union","14":"tag-fr","15":"tag-france","16":"tag-news","17":"tag-planete","18":"tag-pyrenees","19":"tag-republique-francaise","20":"tag-ue","21":"tag-union-europeenne"},"share_on_mastodon":{"url":"https:\/\/pubeurope.com\/@fr\/114903885040778744","error":""},"_links":{"self":[{"href":"https:\/\/www.europesays.com\/fr\/wp-json\/wp\/v2\/posts\/268608","targetHints":{"allow":["GET"]}}],"collection":[{"href":"https:\/\/www.europesays.com\/fr\/wp-json\/wp\/v2\/posts"}],"about":[{"href":"https:\/\/www.europesays.com\/fr\/wp-json\/wp\/v2\/types\/post"}],"author":[{"embeddable":true,"href":"https:\/\/www.europesays.com\/fr\/wp-json\/wp\/v2\/users\/2"}],"replies":[{"embeddable":true,"href":"https:\/\/www.europesays.com\/fr\/wp-json\/wp\/v2\/comments?post=268608"}],"version-history":[{"count":0,"href":"https:\/\/www.europesays.com\/fr\/wp-json\/wp\/v2\/posts\/268608\/revisions"}],"wp:featuredmedia":[{"embeddable":true,"href":"https:\/\/www.europesays.com\/fr\/wp-json\/wp\/v2\/media\/268609"}],"wp:attachment":[{"href":"https:\/\/www.europesays.com\/fr\/wp-json\/wp\/v2\/media?parent=268608"}],"wp:term":[{"taxonomy":"category","embeddable":true,"href":"https:\/\/www.europesays.com\/fr\/wp-json\/wp\/v2\/categories?post=268608"},{"taxonomy":"post_tag","embeddable":true,"href":"https:\/\/www.europesays.com\/fr\/wp-json\/wp\/v2\/tags?post=268608"}],"curies":[{"name":"wp","href":"https:\/\/api.w.org\/{rel}","templated":true}]}}