{"id":268615,"date":"2025-07-23T18:11:15","date_gmt":"2025-07-23T18:11:15","guid":{"rendered":"https:\/\/www.europesays.com\/fr\/268615\/"},"modified":"2025-07-23T18:11:15","modified_gmt":"2025-07-23T18:11:15","slug":"quinze-jours-apres-son-abandon-a-evian-charley-hull-na-toujours-pas-totalement-recupere","status":"publish","type":"post","link":"https:\/\/www.europesays.com\/fr\/268615\/","title":{"rendered":"Quinze jours apr\u00e8s son abandon \u00e0 Evian, Charley Hull n&rsquo;a toujours pas totalement r\u00e9cup\u00e9r\u00e9"},"content":{"rendered":"<p>\t\t\t\t\t\t<img width=\"770\" height=\"557\" src=\"https:\/\/www.europesays.com\/fr\/wp-content\/uploads\/2025\/07\/charleyhullter-770x557.jpg\" class=\"img-responsive wp-post-image\" alt=\"\" decoding=\"async\" fetchpriority=\"high\"  \/>\t\t\t\t\t<\/p>\n<p>\t\t\t\t\t\t Partager cet article <\/p>\n<p class=\"screen-reader-text juiz_sps_maybe_hidden_text\">Partager la publication \u00ab\u00a0Quinze jours apr\u00e8s son abandon \u00e0 Evian, Charley Hull n\u2019a toujours pas totalement r\u00e9cup\u00e9r\u00e9\u00a0\u00bb<\/p>\n<p><strong>Elle s\u2019\u00e9tait \u00e9croul\u00e9e sur le fairway du trou n\u00b04 du Champions Course \u00e0 Evian lors du premier tour de l\u2019Amundi Evian Championship. Contrainte \u00e0 l\u2019abandon, Charley Hull est ce jeudi au d\u00e9part de l\u2019ISPS Handa Women\u2019s Scottish Open, \u00e0 Gailes, au Dundonald Links. Mais l\u2019Anglaise n\u2019est pas encore \u00e0 100 % de sa forme, \u00e0 une semaine seulement du AIG Women\u2019s Open, dernier Majeur de la saison.\u00a0<\/strong><\/p>\n<p>\t\t\t\t\t<a id=\"174716\" href=\"https:\/\/www.golf-consulting.fr\/\" target=\"_blank\" rel=\"sponsorised nofollow noopener\"><img decoding=\"async\" src=\"data:image\/svg+xml,%3Csvg%20xmlns=\" http:=\"\" class=\"img-responsive\" alt=\"\" data-lazy-src=\"https:\/\/www.europesays.com\/fr\/wp-content\/uploads\/2025\/06\/golfconsulting-e01-proam-barnes-25-1170x275-1.jpg\"\/><\/a><\/p>\n<p>On se souvient encore de ces images sans \u00e9quivoque d\u2019une joueuse n\u2019en pouvant plus, assise sur les rebords d\u2019un bunker, visiblement ext\u00e9nu\u00e9e avant d\u2019\u00eatre \u00e9vacu\u00e9e en position horizontale dans une voiturette. <a href=\"https:\/\/www.golfplanete.com\/actualites\/et-soudain-charley-hull-sest-ecroulee\/\" target=\"_blank\" rel=\"noopener nofollow\">Victime d\u2019un virus<\/a>, <strong>Charley Hull<\/strong> avait \u00e0 peine jou\u00e9 treize trous apr\u00e8s avoir pourtant envoy\u00e9 une superbe mise en jeu pleine piste sur le par 4 du trou n\u00b04 du <strong>Champions Course<\/strong> de l\u2019<strong>Evian Resort Golf Club<\/strong>, h\u00f4te de l\u2019<strong>Amundi Evian Championship<\/strong> remport\u00e9 <a href=\"https:\/\/www.golfplanete.com\/actualites\/grace-kim-crucifie-jeeno-thitikul-au-2e-tour-de-play-off-delacour-boutier-et-nadaud-aux-portes-du-top-20\/\" target=\"_blank\" rel=\"noopener nofollow\">le dimanche suivant par l\u2019Australienne Grace Kim<\/a>.\u00a0<\/p>\n<p>Pr\u00e9sente cette semaine en Ecosse pour l\u2019<strong>ISPS Handa Women\u2019s Scottish Open<\/strong> (2 millions de dollars de dotation), la talentueuse golfeuse \u00e2g\u00e9e de 29 ans avoue ne pas \u00eatre encore \u00e0 100 % de ses capacit\u00e9s physiques.\u00a0<\/p>\n<blockquote><p>\nComment je pourrais d\u00e9crire tout \u00e7a ? C\u2019est un peu comme si vous aviez la gueule de bois et que votre vision \u0153il-main \u00e9tait alt\u00e9r\u00e9e.<\/p>\n<p>Charley Hull<\/p>\n<\/blockquote>\n<p>\u00ab Il y a une semaine, je jouais au golf en voiturette, souligne-t-elle aupr\u00e8s des journalistes venus s\u2019enqu\u00e9rir de sa sant\u00e9. Je n\u2019avais aucune sensation dans mon swing. Comment je pourrais d\u00e9crire tout \u00e7a ? C\u2019est un peu comme si vous aviez la gueule de bois et que votre vision \u0153il-main \u00e9tait alt\u00e9r\u00e9e. Je me sens mieux aujourd\u2019hui, mais il y a encore du chemin \u00e0 faire. \u00bb<\/p>\n<p>\t\t\t\t<img loading=\"lazy\" decoding=\"async\" src=\"data:image\/svg+xml,%3Csvg%20xmlns=\" http:=\"\" attributionsrc=\"\" border=\"0\" height=\"1\" width=\"1\" alt=\"Advertisement\" data-lazy-src=\"https:\/\/www.europesays.com\/fr\/wp-content\/uploads\/2025\/07\/B33047934.411969880;dc_trk_aid=603484932;dc_trk_cid=227659580;ord=[timestamp];dc_lat=;dc_rdid=;tag_f.gif\"\/><\/p>\n<p>\t\t\t\t\t<a id=\"158175\" href=\"https:\/\/ad.doubleclick.net\/ddm\/trackclk\/N1153799.3770024GOLFPLANATE\/B33047934.411969880;dc_trk_aid=603484932;dc_trk_cid=227659580;dc_lat=;dc_rdid=;tag_for_child_directed_treatment=;tfua=;gdpr=${GDPR};gdpr_consent=${GDPR_CONSENT_755};ltd=;dc_tdv=1\" target=\"_blank\" rel=\"sponsorised nofollow noopener\"><img decoding=\"async\" src=\"data:image\/svg+xml,%3Csvg%20xmlns=\" http:=\"\" class=\"img-responsive\" alt=\"\" data-lazy-src=\"https:\/\/www.europesays.com\/fr\/wp-content\/uploads\/2025\/07\/callaway-e01-elyte-driver-1170x275-1.jpg\"\/><\/a><br \/>\nDans une partie royale \u00e0 Dundonald Links<\/p>\n<p>L\u2019actuelle 19e joueuse mondiale va partager ses deux premiers tours ici en Ecosse avec <strong>Nelly Korda<\/strong> et <a href=\"https:\/\/www.golfplanete.com\/actualites\/lpga-lottie-woad-passe-pro-apres-avoir-manque-plus-de-500-000-e-de-gains\/\" target=\"_blank\" rel=\"noopener nofollow\">la nouvelle p\u00e9pite britannique fraichement pass\u00e9e professionnelle<\/a>, <strong>Lottie Woad<\/strong>, 3e \u00e0 Evian.<\/p>\n<p>\u00ab Je vais prendre mon temps cette semaine, annonce-t-elle. Je ne me verrai probablement pas marcher 30 m\u00e8tres devant tout le monde comme d\u2019habitude. Je serai probablement 30 m\u00e8tres derri\u00e8re tout le monde, mais j\u2019y arriverai. Je ne suis pas all\u00e9e \u00e0 la salle de sport depuis deux semaines et je n\u2019irai pas \u00e0 la salle avant deux semaines. J\u2019ai besoin que mon syst\u00e8me immunitaire se remette \u00e0 niveau. Mais je n\u2019aime pas rester assise sans rien faire, \u00e7a me rend dingue de ne pas pouvoir aller \u00e0 la salle de sport. Je continue \u00e0 m\u2019entra\u00eener assez dur. \u00bb<\/p>\n<p>Sa r\u00e9putation de battante devrait toutefois faire le n\u00e9cessaire pour \u00eatre fin pr\u00eate et op\u00e9rationnelle pour l\u2019<strong>AIG Women\u2019s Open<\/strong>, le dernier Majeur de la saison programm\u00e9 du 31 juillet au 3 ao\u00fbt au <strong>Royal Porthcawl<\/strong>, au pays de Galles.<\/p>\n<p>Photo : Roslan RAHMAN \/ AFP<\/p>\n","protected":false},"excerpt":{"rendered":"Partager cet article Partager la publication \u00ab\u00a0Quinze jours apr\u00e8s son abandon \u00e0 Evian, Charley Hull n\u2019a toujours pas&hellip;\n","protected":false},"author":2,"featured_media":268616,"comment_status":"","ping_status":"","sticky":false,"template":"","format":"standard","meta":{"footnotes":""},"categories":[1418],"tags":[1011,27,1472,60],"class_list":{"0":"post-268615","1":"post","2":"type-post","3":"status-publish","4":"format-standard","5":"has-post-thumbnail","7":"category-golf","8":"tag-fr","9":"tag-france","10":"tag-golf","11":"tag-sports"},"share_on_mastodon":{"url":"https:\/\/pubeurope.com\/@fr\/114903900675033082","error":""},"_links":{"self":[{"href":"https:\/\/www.europesays.com\/fr\/wp-json\/wp\/v2\/posts\/268615","targetHints":{"allow":["GET"]}}],"collection":[{"href":"https:\/\/www.europesays.com\/fr\/wp-json\/wp\/v2\/posts"}],"about":[{"href":"https:\/\/www.europesays.com\/fr\/wp-json\/wp\/v2\/types\/post"}],"author":[{"embeddable":true,"href":"https:\/\/www.europesays.com\/fr\/wp-json\/wp\/v2\/users\/2"}],"replies":[{"embeddable":true,"href":"https:\/\/www.europesays.com\/fr\/wp-json\/wp\/v2\/comments?post=268615"}],"version-history":[{"count":0,"href":"https:\/\/www.europesays.com\/fr\/wp-json\/wp\/v2\/posts\/268615\/revisions"}],"wp:featuredmedia":[{"embeddable":true,"href":"https:\/\/www.europesays.com\/fr\/wp-json\/wp\/v2\/media\/268616"}],"wp:attachment":[{"href":"https:\/\/www.europesays.com\/fr\/wp-json\/wp\/v2\/media?parent=268615"}],"wp:term":[{"taxonomy":"category","embeddable":true,"href":"https:\/\/www.europesays.com\/fr\/wp-json\/wp\/v2\/categories?post=268615"},{"taxonomy":"post_tag","embeddable":true,"href":"https:\/\/www.europesays.com\/fr\/wp-json\/wp\/v2\/tags?post=268615"}],"curies":[{"name":"wp","href":"https:\/\/api.w.org\/{rel}","templated":true}]}}