{"id":268617,"date":"2025-07-23T18:13:11","date_gmt":"2025-07-23T18:13:11","guid":{"rendered":"https:\/\/www.europesays.com\/fr\/268617\/"},"modified":"2025-07-23T18:13:11","modified_gmt":"2025-07-23T18:13:11","slug":"world-rugby-league-un-ancien-coach-des-dragons-catalans-nomme-entraineur-des-kangaroos-rugby-a-xiii","status":"publish","type":"post","link":"https:\/\/www.europesays.com\/fr\/268617\/","title":{"rendered":"World Rugby League &#8211; Un ancien coach des Dragons Catalans nomm\u00e9 entra\u00eeneur des Kangaroos &#8211; Rugby \u00e0 XIII"},"content":{"rendered":"<p style=\"text-align: justify;\"><strong>Pas de Brad Fittler, pas de Cameron Smith, c\u2019est Kevin Walters qui sera l\u2019entra\u00eeneur des Kangaroos. Il prend la succession de Mal Meninga.<\/strong><\/p>\n<p style=\"text-align: justify;\">\u00ab La Commission de la Ligue australienne de rugby \u00e0 XIII (ARLC) a confirm\u00e9 que Kevin Walters sera le nouvel entra\u00eeneur des Kangaroos pour la tourn\u00e9e des Ashes 2025 \u00bb, a indiqu\u00e9 l\u2019ARLC dans un communiqu\u00e9.<\/p>\n<p style=\"text-align: justify;\" data-start=\"461\" data-end=\"769\">Il dirigera les Kangaroos lors des trois matchs de la s\u00e9rie, mais pour le moment pas plus. On ne sait pas encore qui prendra les r\u00eanes de l\u2019\u00e9quipe pour la Coupe du monde 2026 en Australie. Frilosit\u00e9 du c\u00f4t\u00e9 de la Ligue ou demande de Walters qui lorgne sur un poste de NRL en 2026 ? Nul ne sait. C\u2019est en tout cas un homme avec un CV solide qui d\u00e9barque \u00e0 la t\u00eate de la s\u00e9lection australienne.<\/p>\n<p>Une carri\u00e8re bien remplie<\/p>\n<p style=\"text-align: justify;\" data-start=\"461\" data-end=\"769\">291 matchs en tant que joueurs aux Raiders et aux Broncos avec 6 titres \u00e0 la cl\u00e9. 20 matchs pour le Queensland et 11 Test matchs avec les Kangaroos. Walters connait le tr\u00e8s haut niveau en tant que joueur et n\u2019est pas mal non plus en tant que coach. Et ses d\u00e9buts, il les a faits \u00e0 Perpignan chez les Dragons en 2009. D\u00e8s la premi\u00e8re ann\u00e9e et malgr\u00e9 une modeste 8\u00e8me place (derni\u00e8re qualificative \u00e0 l\u2019\u00e9poque), il acc\u00e8de aux demi-finales. Une demi-finale perdue de peu contre le futur champion, les Leeds Rhinos. Le contre coup sera terrible avec une derni\u00e8re place en 2010 et la fin de son aventure Catalane.<\/p>\n<p>Une m\u00e9thode qui marche sur le court terme<\/p>\n<p style=\"text-align: justify;\" data-start=\"461\" data-end=\"769\">Une m\u00e9saventure qui se reproduira avec les Maroons et les Brisbane Broncos. Deux s\u00e9ries victorieuses en 2016 et 2017, deux perdues en 2018 et 2019. Une mont\u00e9e en puissance des Broncos jusqu\u2019en finale en 2023 et une tr\u00e8s d\u00e9cevante 12\u00e8me place en 2024 qui lui co\u00fbte sa place. La m\u00e9thode Walters fonctionne mais ne dure pas. Ce n\u2019est peut-\u00eatre pas une mauvaise id\u00e9e de ne le prendre que pour la tourn\u00e9e.<\/p>\n<p style=\"text-align: justify;\" data-start=\"771\" data-end=\"897\" data-is-last-node=\"\" data-is-only-node=\"\">La s\u00e9rie des Ashes se jouera entre octobre et novembre, avec des matchs disput\u00e9s \u00e0 Wembley, Everton et au stade de Headingley.<\/p>\n<blockquote class=\"twitter-tweet\" data-width=\"500\" data-dnt=\"true\">\n<p lang=\"en\" dir=\"ltr\">Kangaroos and Jillaroos coaches locked in\ud83d\udd12 <a href=\"https:\/\/t.co\/W2X7rTWvA4\" rel=\"nofollow\">https:\/\/t.co\/W2X7rTWvA4<\/a><\/p>\n<p>\u2014 NRL (@NRL) <a href=\"https:\/\/twitter.com\/NRL\/status\/1947808210162786417?ref_src=twsrc%5Etfw\" rel=\"nofollow noopener\" target=\"_blank\">July 22, 2025<\/a><\/p>\n<\/blockquote>\n<p>        <script async src=\"https:\/\/platform.twitter.com\/widgets.js\" charset=\"utf-8\"><\/script><\/p>\n","protected":false},"excerpt":{"rendered":"Pas de Brad Fittler, pas de Cameron Smith, c\u2019est Kevin Walters qui sera l\u2019entra\u00eeneur des Kangaroos. Il prend&hellip;\n","protected":false},"author":2,"featured_media":268618,"comment_status":"","ping_status":"","sticky":false,"template":"","format":"standard","meta":{"footnotes":""},"categories":[1416],"tags":[40788,40789,1011,27,40790,40791,479,2228,1468,2229,60],"class_list":{"0":"post-268617","1":"post","2":"type-post","3":"status-publish","4":"format-standard","5":"has-post-thumbnail","7":"category-rugby","8":"tag-ashes-series","9":"tag-england-rl","10":"tag-fr","11":"tag-france","12":"tag-kangaroos","13":"tag-kevin-walters","14":"tag-rugby","15":"tag-rugby-a-xiii","16":"tag-rugby-football","17":"tag-rugby-league","18":"tag-sports"},"share_on_mastodon":{"url":"https:\/\/pubeurope.com\/@fr\/114903908606483498","error":""},"_links":{"self":[{"href":"https:\/\/www.europesays.com\/fr\/wp-json\/wp\/v2\/posts\/268617","targetHints":{"allow":["GET"]}}],"collection":[{"href":"https:\/\/www.europesays.com\/fr\/wp-json\/wp\/v2\/posts"}],"about":[{"href":"https:\/\/www.europesays.com\/fr\/wp-json\/wp\/v2\/types\/post"}],"author":[{"embeddable":true,"href":"https:\/\/www.europesays.com\/fr\/wp-json\/wp\/v2\/users\/2"}],"replies":[{"embeddable":true,"href":"https:\/\/www.europesays.com\/fr\/wp-json\/wp\/v2\/comments?post=268617"}],"version-history":[{"count":0,"href":"https:\/\/www.europesays.com\/fr\/wp-json\/wp\/v2\/posts\/268617\/revisions"}],"wp:featuredmedia":[{"embeddable":true,"href":"https:\/\/www.europesays.com\/fr\/wp-json\/wp\/v2\/media\/268618"}],"wp:attachment":[{"href":"https:\/\/www.europesays.com\/fr\/wp-json\/wp\/v2\/media?parent=268617"}],"wp:term":[{"taxonomy":"category","embeddable":true,"href":"https:\/\/www.europesays.com\/fr\/wp-json\/wp\/v2\/categories?post=268617"},{"taxonomy":"post_tag","embeddable":true,"href":"https:\/\/www.europesays.com\/fr\/wp-json\/wp\/v2\/tags?post=268617"}],"curies":[{"name":"wp","href":"https:\/\/api.w.org\/{rel}","templated":true}]}}