{"id":268621,"date":"2025-07-23T18:16:12","date_gmt":"2025-07-23T18:16:12","guid":{"rendered":"https:\/\/www.europesays.com\/fr\/268621\/"},"modified":"2025-07-23T18:16:12","modified_gmt":"2025-07-23T18:16:12","slug":"motogp-brno-j3-raul-fernandez-aprilia-5-rebooste-par-davide-brivio-mon-meilleur-week-end-en-motogp","status":"publish","type":"post","link":"https:\/\/www.europesays.com\/fr\/268621\/","title":{"rendered":"MotoGP, Brno J3, Ra\u00fal Fern\u00e1ndez (Aprilia\/5) reboost\u00e9 par Davide Brivio : \u00ab\u00a0Mon meilleur week-end en MotoGP !\u00a0\u00bb"},"content":{"rendered":"<p><strong>Meilleur pilote satellite du Grand Prix, Ra\u00fal Fern\u00e1ndez<br \/>\ns\u2019est montr\u00e9 comp\u00e9titif tout au long du week-end \u00e0<br \/>\nBrno.<\/strong><\/p>\n<p><strong>Ra\u00fal Fern\u00e1ndez<\/strong> peut entamer sa pause estivale<br \/>\nplus que serein : apr\u00e8s un d\u00e9but de saison compliqu\u00e9, il a r\u00e9alis\u00e9<br \/>\nun excellent Grand Prix en R\u00e9publique Tch\u00e8que, qui s\u2019est r\u00e9v\u00e9l\u00e9<br \/>\n\u00eatre son meilleur depuis qu\u2019il a rejoint le MotoGP en 2022.<\/p>\n<p>L\u2019Espagnol a construit sa performance s\u00e9ance apr\u00e8s s\u00e9ance, et a<br \/>\ncommenc\u00e9 \u00e0 afficher sa vitesse en Q1, o\u00f9 il s\u2019est sauv\u00e9 pour la Q2<br \/>\npour finalement se qualifier en sixi\u00e8me position et terminer<br \/>\nsixi\u00e8me de la course sprint. Il ne s\u2019est pas arr\u00eat\u00e9 l\u00e0 et a<br \/>\npoursuivi sur sa lanc\u00e9e dimanche en course principale.<\/p>\n<p>S\u2019il a perdu du terrain au d\u00e9part, il a r\u00e9cup\u00e9r\u00e9 sa position<br \/>\ninitiale d\u00e8s le deuxi\u00e8me tour, et s\u2019est empar\u00e9 de la cinqui\u00e8me<br \/>\nplace cinq tours plus tard. Le num\u00e9ro #25 n\u2019en a plus boug\u00e9 de<br \/>\ntoute la course et s\u2019est offert son premier top 5 de la saison.<br \/>\nAu-del\u00e0 de son r\u00e9sultat, c\u2019est la premi\u00e8re fois qu\u2019il se montre<br \/>\ncomp\u00e9titif \u00e0 la fois en qualifications et durant les deux<br \/>\ncourses.<\/p>\n<p>Il avait en effet d\u00e9croch\u00e9 deux premi\u00e8res lignes l\u2019an dernier<br \/>\nmais n\u2019\u00e9tait pas parvenu \u00e0 se maintenir aux avant-postes lors des<br \/>\ndeux courses. M\u00eame chose pour le top 5 qu\u2019il avait d\u00e9croch\u00e9 \u00e0<br \/>\nValence en 2023. Il n\u2019\u00e9tait alors qualifi\u00e9 qu\u2019au 10e rang et avait<br \/>\ntermin\u00e9 11e la course sprint, soit sans aucun point.<\/p>\n<p><img loading=\"lazy\" decoding=\"async\" class=\"aligncenter size-full wp-image-1313759\" src=\"https:\/\/www.europesays.com\/fr\/wp-content\/uploads\/2025\/07\/unnamed-1-1.jpg\" alt=\"Raul Fernandez Brno\" width=\"800\" height=\"533\"  \/><\/p>\n<p>Cette fois, le pilote Trackhouse peut se targuer d\u2019avoir \u00e9t\u00e9<br \/>\ncomp\u00e9titif tout au long du Grand Prix, et d\u2019avoir termin\u00e9 meilleur<br \/>\npilote satellite \u00e0 chaque fois. Si l\u2019Aprilia a particuli\u00e8rement<br \/>\nbien fonctionn\u00e9 \u00e0 Brno, o\u00f9 Marco Bezzecchi a fini sur le podium des<br \/>\ndeux courses, il reconna\u00eet cependant qu\u2019une discussion avec Davide<br \/>\nBrivio, le team manager de l\u2019\u00e9quipe, n\u2019est pas \u00e9trang\u00e8re \u00e0 son<br \/>\nd\u00e9clic<\/p>\n<p>\u00ab\u00a0Je suis tr\u00e8s content. Le d\u00e9but de saison n\u2019a pas \u00e9t\u00e9<br \/>\nfacile pour moi, mais on a r\u00e9ussi \u00e0 progresser petit \u00e0 petit. On a<br \/>\nfait du tr\u00e8s bon travail aujourd\u2019hui et pendant le<br \/>\nweek-end\u00a0\u00bb, a d\u00e9clar\u00e9 <strong>Fern\u00e1ndez<\/strong>.<\/p>\n<p>\u00ab\u00a0\u00c7a a \u00e9t\u00e9 mon meilleur week-end en MotoGP. Je pense<br \/>\nqu\u2019il y a eu deux points cl\u00e9s : le premier, \u00e7a a \u00e9t\u00e9 les<br \/>\nqualifications, parce que quand on est loin, c\u2019est difficile en<br \/>\nd\u00e9but de course. Aujourd\u2019hui, c\u2019\u00e9tait assez facile pour moi, parce<br \/>\nque je n\u2019ai pas eu beaucoup de mal \u00e0 d\u00e9passer les autres pilotes et<br \/>\nje n\u2019avais pas non plus beaucoup de pilotes devant. L\u2019autre point<br \/>\ncl\u00e9 a \u00e9t\u00e9 jeudi, lors de ma r\u00e9union tr\u00e8s positive avec Davide<br \/>\nBrivio. Il m\u2019a beaucoup aid\u00e9 et motiv\u00e9. J\u2019\u00e9tais super d\u00e9tendu<br \/>\npendant le week-end, j\u2019ai pris du plaisir sur ma moto et tout \u00e7a<br \/>\nm\u2019a beaucoup aid\u00e9.\u00a0\u00bb<\/p>\n<p><strong>R\u00e9sultats du <a href=\"https:\/\/www.paddock-gp.com\/motogp-brno-course-live\/\" target=\"_blank\" rel=\"noopener nofollow\">Grand Prix<\/a> de R\u00e9publique Tch\u00e8que<br \/>\n:<\/strong><\/p>\n<p><img loading=\"lazy\" decoding=\"async\" class=\"aligncenter size-full wp-image-1312898\" src=\"https:\/\/www.europesays.com\/fr\/wp-content\/uploads\/2025\/07\/Capture-decran-2025-07-20-161834.png\" alt=\"GP Brno\" width=\"796\" height=\"504\"  \/><\/p>\n<p>Cr\u00e9dit classement : <a href=\"https:\/\/www.motogp.com\/fr\" rel=\"nofollow noopener\" target=\"_blank\">MotoGP.com<\/a><\/p>\n","protected":false},"excerpt":{"rendered":"Meilleur pilote satellite du Grand Prix, Ra\u00fal Fern\u00e1ndez s\u2019est montr\u00e9 comp\u00e9titif tout au long du week-end \u00e0 Brno.&hellip;\n","protected":false},"author":2,"featured_media":268622,"comment_status":"","ping_status":"","sticky":false,"template":"","format":"standard","meta":{"footnotes":""},"categories":[1413],"tags":[1011,27,1457,1456,60],"class_list":{"0":"post-268621","1":"post","2":"type-post","3":"status-publish","4":"format-standard","5":"has-post-thumbnail","7":"category-moto","8":"tag-fr","9":"tag-france","10":"tag-moto","11":"tag-motocycle","12":"tag-sports"},"share_on_mastodon":{"url":"https:\/\/pubeurope.com\/@fr\/114903921560101545","error":""},"_links":{"self":[{"href":"https:\/\/www.europesays.com\/fr\/wp-json\/wp\/v2\/posts\/268621","targetHints":{"allow":["GET"]}}],"collection":[{"href":"https:\/\/www.europesays.com\/fr\/wp-json\/wp\/v2\/posts"}],"about":[{"href":"https:\/\/www.europesays.com\/fr\/wp-json\/wp\/v2\/types\/post"}],"author":[{"embeddable":true,"href":"https:\/\/www.europesays.com\/fr\/wp-json\/wp\/v2\/users\/2"}],"replies":[{"embeddable":true,"href":"https:\/\/www.europesays.com\/fr\/wp-json\/wp\/v2\/comments?post=268621"}],"version-history":[{"count":0,"href":"https:\/\/www.europesays.com\/fr\/wp-json\/wp\/v2\/posts\/268621\/revisions"}],"wp:featuredmedia":[{"embeddable":true,"href":"https:\/\/www.europesays.com\/fr\/wp-json\/wp\/v2\/media\/268622"}],"wp:attachment":[{"href":"https:\/\/www.europesays.com\/fr\/wp-json\/wp\/v2\/media?parent=268621"}],"wp:term":[{"taxonomy":"category","embeddable":true,"href":"https:\/\/www.europesays.com\/fr\/wp-json\/wp\/v2\/categories?post=268621"},{"taxonomy":"post_tag","embeddable":true,"href":"https:\/\/www.europesays.com\/fr\/wp-json\/wp\/v2\/tags?post=268621"}],"curies":[{"name":"wp","href":"https:\/\/api.w.org\/{rel}","templated":true}]}}