{"id":26863,"date":"2025-04-15T15:38:11","date_gmt":"2025-04-15T15:38:11","guid":{"rendered":"https:\/\/www.europesays.com\/fr\/26863\/"},"modified":"2025-04-15T15:38:11","modified_gmt":"2025-04-15T15:38:11","slug":"kendji-un-an-apres-le-drame-son-annonce-completement-inattendue","status":"publish","type":"post","link":"https:\/\/www.europesays.com\/fr\/26863\/","title":{"rendered":"Kendji : un an apr\u00e8s le drame, son annonce compl\u00e8tement inattendue"},"content":{"rendered":"<p>      R\u00e9sum\u00e9<\/p>\n<p>Kendji Girac revient sur son aventure avec Rendez-vous en terre inconnue, un an apr\u00e8s son accident tragique, et \u00e9voque ses difficult\u00e9s mais aussi son bonheur actuel, dans une interview pour T\u00e9l\u00e9 Magazine.<\/p>\n<p>        Sommaire<\/p>\n<p>\u00c9mission embl\u00e9matique du paysage audiovisuel fran\u00e7ais, Rendez-vous en terre inconnue a r\u00e9cemment souffl\u00e9 ses 20 bougies.<\/p>\n<p>Pour l&rsquo;occasion, <a href=\"https:\/\/www.public.fr\/tag\/kendji-girac\" target=\"_blank\" rel=\"noopener\">Kendji Girac<\/a>, qui s&rsquo;est envol\u00e9 pour le Kenya en compagnie de Fr\u00e9d\u00e9ric Lopez, a longuement \u00e9voqu\u00e9 son <strong>voyage hors du commun<\/strong> dans les colonnes de T\u00e9l\u00e9 Magazine, un num\u00e9ro \u00e0 retrouver dans les kiosques ce mardi 15 avril 2025. <\/p>\n<p>Kendji Girac : sa grande annonce<\/p>\n<p>Pour rappel, quelques jours seulement apr\u00e8s son retour du tournage de Rendez-vous en terre inconnue, Kendji Girac a failli commettre l&rsquo;irr\u00e9parable. L&rsquo;artiste s&rsquo;est <strong>gri\u00e8vement bless\u00e9 au thorax par arme \u00e0 feu<\/strong> alors qu&rsquo;il se trouvait sur l&rsquo;aire de grand voyage, \u00e0 Biscarrosse. Un drame sur lequel il a souhait\u00e9 revenir. <\/p>\n<p>\u00ab\u00a0Maintenant, je me dis que j&rsquo;ai de la chance de profiter de tout ce bonheur autour de moi, avec ma famille et en musique. <strong>Je m&rsquo;appr\u00eate \u00e0 retourner en studio<\/strong> alors que j&rsquo;ai sorti un album il n&rsquo;y a pas si longtemps. Je suis heureux de pouvoir partager toutes ces \u00e9motions avec ma musique, ravi de <strong>ma tourn\u00e9e qui commence bient\u00f4t<\/strong>. J&rsquo;essaie de profiter de chaque moment avec positivit\u00e9. Je suis solide comme un roc. Chaque jour, je dis merci au Seigneur de me donner cette vie-l\u00e0. Comme dit Emouya : &lsquo;tant qu&rsquo;on a la vie, c&rsquo;est le plus important'\u00a0\u00bb, a-t-il confi\u00e9. <\/p>\n<p>Une aventure particuli\u00e8rement difficile<\/p>\n<p>Au cours de cet entretien avec nos confr\u00e8res, Kendji Girac a \u00e9galement abord\u00e9 les difficult\u00e9s rencontr\u00e9es sur le tournage du programme culte.<\/p>\n<p>\u00ab\u00a0Au d\u00e9but, <strong>je me suis plaint comme un enfant.<\/strong> Cela faisait longtemps que \u00e7a ne m&rsquo;\u00e9tait pas arriv\u00e9? Ce n&rsquo;est pas dans mes habitudes&#8230; Je me suis heureusement remis en question et adapt\u00e9. J&rsquo;avoue, avec le recul, avoir m\u00eame bien dormi. On contemplait les \u00e9toiles, je n&rsquo;ai jamais vu un ciel aussi beau que celui-l\u00e0. Et la peau de vache, je la regrette presque\u00a0\u00bb, a-t-il r\u00e9v\u00e9l\u00e9.<\/p>\n<p>Et si l&rsquo;artiste a fini par s&rsquo;habituer au mode de vie des Turkana, la chaleur a \u00e9t\u00e9 particuli\u00e8rement difficile \u00e0 supporter : \u00ab\u00a0<strong>Il faisait 40 degr\u00e9s \u00e0 l&rsquo;ombre.<\/strong> On a pris des risques d&rsquo;ailleurs. On s&rsquo;est baign\u00e9s dans le lac malgr\u00e9 les crocodiles. Il faisait tellement chaud !\u00a0\u00bb De touchantes confidences de la part de <a href=\"https:\/\/www.public.fr\/kendji-sa-viree-au-spa-avec-sa-moitie-ne-se-termine-pas-comme-prevu\" target=\"_blank\" rel=\"noopener\">celui qui semble d\u00e9sormais se reconstruire. <\/a><\/p>\n<p>      Mentionn\u00e9s dans cet article<\/p>\n<p>\u00c0 lire aussi<\/p>\n","protected":false},"excerpt":{"rendered":"R\u00e9sum\u00e9 Kendji Girac revient sur son aventure avec Rendez-vous en terre inconnue, un an apr\u00e8s son accident tragique,&hellip;\n","protected":false},"author":2,"featured_media":26864,"comment_status":"","ping_status":"","sticky":false,"template":"","format":"standard","meta":{"footnotes":""},"categories":[8],"tags":[58,59,1011,27,9481,7780,9482],"class_list":{"0":"post-26863","1":"post","2":"type-post","3":"status-publish","4":"format-standard","5":"has-post-thumbnail","7":"category-divertissement","8":"tag-divertissement","9":"tag-entertainment","10":"tag-fr","11":"tag-france","12":"tag-frederic-lopez","13":"tag-kendji-girac","14":"tag-rendez-vous-en-terre-inconnue"},"share_on_mastodon":{"url":"https:\/\/pubeurope.com\/@fr\/114342730476328549","error":""},"_links":{"self":[{"href":"https:\/\/www.europesays.com\/fr\/wp-json\/wp\/v2\/posts\/26863","targetHints":{"allow":["GET"]}}],"collection":[{"href":"https:\/\/www.europesays.com\/fr\/wp-json\/wp\/v2\/posts"}],"about":[{"href":"https:\/\/www.europesays.com\/fr\/wp-json\/wp\/v2\/types\/post"}],"author":[{"embeddable":true,"href":"https:\/\/www.europesays.com\/fr\/wp-json\/wp\/v2\/users\/2"}],"replies":[{"embeddable":true,"href":"https:\/\/www.europesays.com\/fr\/wp-json\/wp\/v2\/comments?post=26863"}],"version-history":[{"count":0,"href":"https:\/\/www.europesays.com\/fr\/wp-json\/wp\/v2\/posts\/26863\/revisions"}],"wp:featuredmedia":[{"embeddable":true,"href":"https:\/\/www.europesays.com\/fr\/wp-json\/wp\/v2\/media\/26864"}],"wp:attachment":[{"href":"https:\/\/www.europesays.com\/fr\/wp-json\/wp\/v2\/media?parent=26863"}],"wp:term":[{"taxonomy":"category","embeddable":true,"href":"https:\/\/www.europesays.com\/fr\/wp-json\/wp\/v2\/categories?post=26863"},{"taxonomy":"post_tag","embeddable":true,"href":"https:\/\/www.europesays.com\/fr\/wp-json\/wp\/v2\/tags?post=26863"}],"curies":[{"name":"wp","href":"https:\/\/api.w.org\/{rel}","templated":true}]}}