{"id":268630,"date":"2025-07-23T18:21:10","date_gmt":"2025-07-23T18:21:10","guid":{"rendered":"https:\/\/www.europesays.com\/fr\/268630\/"},"modified":"2025-07-23T18:21:10","modified_gmt":"2025-07-23T18:21:10","slug":"le-general-charette-celebre-a-travers-une-fresque-gigantesque","status":"publish","type":"post","link":"https:\/\/www.europesays.com\/fr\/268630\/","title":{"rendered":"le g\u00e9n\u00e9ral Charette c\u00e9l\u00e9br\u00e9 \u00e0 travers une fresque gigantesque"},"content":{"rendered":"<p>            <img decoding=\"async\" alt=\"La fresque de La Garnache.\" src=\"https:\/\/www.europesays.com\/fr\/wp-content\/uploads\/2025\/07\/whatsapp-image-2025-07-23-at-14.41.22.jpeg\" width=\"375\" height=\"250\" loading=\"lazy\"\/><\/p>\n<p>\n    La fresque de La Garnache.<\/p>\n<p>                                                    \u00a9 Ville de La Garnache Facebook.<\/p>\n<p>L\u2019histoire de la Vend\u00e9e racont\u00e9e dans une immense fresque. Cette frise de douze sc\u00e8nes reprend plus pr\u00e9cis\u00e9ment le parcours du g\u00e9n\u00e9ral royaliste Fran\u00e7ois-Athanase Charette\u00a0de\u00a0La\u00a0Contrie ayant particip\u00e9 \u00e0 la guerre de Vend\u00e9e et fusill\u00e9 \u00e0 Nantes en 1796. Elle s\u2019\u00e9tend sur 200\u00a0m\u00b2 le long des murs de la salle de l\u2019\u00c9peron \u00e0 La Garnache, en Vend\u00e9e. La commune a tenu \u00e0 faire r\u00e9aliser cette \u0153uvre et \u00e0 la subventionner \u2013 \u00e0 hauteur de 80\u00a0000\u00a0euros.<\/p>\n<p>Un \u00ab\u00a0mus\u00e9e \u00e0 ciel ouvert\u00a0\u00bb<\/p>\n<p>Pour le maire Fran\u00e7ois Petit, cette fresque constitue un \u00ab\u00a0mus\u00e9e \u00e0 ciel ouvert\u00a0\u00bb. La coop\u00e9rative lyonnaise d\u2019artistes muralistes Cit\u00e9 cr\u00e9ation a travaill\u00e9 sur ce projet pendant plus de 600 heures afin d\u2019effectuer ces peintures particuli\u00e8rement d\u00e9taill\u00e9es.<\/p>\n<p>    La suite apr\u00e8s cette publicit\u00e9<\/p>\n<p>Pour l\u2019\u00e9dile de La Garnache, la r\u00e9alisation de cette fresque \u00e9tait \u00ab\u00a0une responsabilit\u00e9 soci\u00e9tale\u00a0\u00bb et devait repr\u00e9senter le g\u00e9n\u00e9ral Charrette en un personnage \u00ab\u00a0hors norme qui a fait trembler la R\u00e9publique\u00a0\u00bb mais \u00e9galement en un \u00ab\u00a0inventeur de la gu\u00e9rilla\u00a0\u00bb, et \u00ab\u00a0\u00e0 l\u2019origine de l\u2019insurrection vend\u00e9enne\u00a0\u00bb.<\/p>\n<p>    La suite apr\u00e8s cette publicit\u00e9<\/p>\n<p>\u00ab\u00a0Il ne faut pas nier la guerre fratricide qui s\u2019est d\u00e9roul\u00e9e en Vend\u00e9e. Il y a eu des exactions des deux c\u00f4t\u00e9s mais celles des R\u00e9publicains ont longtemps \u00e9t\u00e9 minimis\u00e9es\u00a0\u00bb, estime Fran\u00e7ois Petit. Le maire rappelle toutefois que ce projet de fresque se veut \u00ab\u00a0r\u00e9conciliateur\u00a0\u00bb et a pour but de faire de La Garnache \u00ab\u00a0une place touristique\u00a0\u00bb.<\/p>\n<p>La fresque sera inaugur\u00e9e prochainement, en m\u00eame temps que le mus\u00e9e virtuel de la ville, qui pr\u00e9voit \u00e9galement de cr\u00e9er une autre fresque, d\u00e8s octobre, sur l\u2019histoire du ch\u00e2teau de La Garnache.<\/p>\n","protected":false},"excerpt":{"rendered":"La fresque de La Garnache. \u00a9 Ville de La Garnache Facebook. L\u2019histoire de la Vend\u00e9e racont\u00e9e dans une&hellip;\n","protected":false},"author":2,"featured_media":268631,"comment_status":"","ping_status":"","sticky":false,"template":"","format":"standard","meta":{"footnotes":""},"categories":[1358],"tags":[1348,1384,1385,1386,58,59,1011,27],"class_list":{"0":"post-268630","1":"post","2":"type-post","3":"status-publish","4":"format-standard","5":"has-post-thumbnail","7":"category-arts-et-design","8":"tag-arts","9":"tag-arts-and-design","10":"tag-arts-et-design","11":"tag-design","12":"tag-divertissement","13":"tag-entertainment","14":"tag-fr","15":"tag-france"},"share_on_mastodon":{"url":"https:\/\/pubeurope.com\/@fr\/114903940016871134","error":""},"_links":{"self":[{"href":"https:\/\/www.europesays.com\/fr\/wp-json\/wp\/v2\/posts\/268630","targetHints":{"allow":["GET"]}}],"collection":[{"href":"https:\/\/www.europesays.com\/fr\/wp-json\/wp\/v2\/posts"}],"about":[{"href":"https:\/\/www.europesays.com\/fr\/wp-json\/wp\/v2\/types\/post"}],"author":[{"embeddable":true,"href":"https:\/\/www.europesays.com\/fr\/wp-json\/wp\/v2\/users\/2"}],"replies":[{"embeddable":true,"href":"https:\/\/www.europesays.com\/fr\/wp-json\/wp\/v2\/comments?post=268630"}],"version-history":[{"count":0,"href":"https:\/\/www.europesays.com\/fr\/wp-json\/wp\/v2\/posts\/268630\/revisions"}],"wp:featuredmedia":[{"embeddable":true,"href":"https:\/\/www.europesays.com\/fr\/wp-json\/wp\/v2\/media\/268631"}],"wp:attachment":[{"href":"https:\/\/www.europesays.com\/fr\/wp-json\/wp\/v2\/media?parent=268630"}],"wp:term":[{"taxonomy":"category","embeddable":true,"href":"https:\/\/www.europesays.com\/fr\/wp-json\/wp\/v2\/categories?post=268630"},{"taxonomy":"post_tag","embeddable":true,"href":"https:\/\/www.europesays.com\/fr\/wp-json\/wp\/v2\/tags?post=268630"}],"curies":[{"name":"wp","href":"https:\/\/api.w.org\/{rel}","templated":true}]}}