{"id":268639,"date":"2025-07-23T18:26:11","date_gmt":"2025-07-23T18:26:11","guid":{"rendered":"https:\/\/www.europesays.com\/fr\/268639\/"},"modified":"2025-07-23T18:26:11","modified_gmt":"2025-07-23T18:26:11","slug":"un-cancerigene-potentiel-pour-letre-humain-detecte-dans-le-lait-maternel-malgre-son-interdiction-actualites","status":"publish","type":"post","link":"https:\/\/www.europesays.com\/fr\/268639\/","title":{"rendered":"Un canc\u00e9rig\u00e8ne potentiel pour l\u2019\u00eatre humain d\u00e9tect\u00e9 dans le lait maternel, malgr\u00e9 son interdiction : Actualit\u00e9s"},"content":{"rendered":"<p class=\"lead \"><strong>Des particules de dioxyde de titane ont \u00e9t\u00e9 d\u00e9tect\u00e9es dans le lait maternel et animal, selon une \u00e9tude publi\u00e9e mercredi 23 juillet par des scientifiques de l\u2019INRAE, de l\u2019AP-HP et du CNRS. Ce canc\u00e9rig\u00e8ne potentiel est pourtant interdit dans l\u2019alimentation.<\/strong> Utilis\u00e9 comme colorant blanc et opacifiant dans l\u2019alimentation, le dioxyde de titane a \u00e9t\u00e9 interdit en France en 2020, car le compos\u00e9 E171 est class\u00e9 canc\u00e9rig\u00e8ne potentiel pour l\u2019\u00eatre humain. Mais <a href=\"https:\/\/www.inrae.fr\/actualites\/du-dioxyde-titane-detecte-lait-malgre-linterdiction-du-e171\" target=\"_blank\" rel=\"nofollow noopener\">une \u00e9tude r\u00e9v\u00e8le<\/a>, mercredi 23 juillet, qu\u2019il est encore pr\u00e9sent \u00ab dans des laits humains, animaux et infantiles, notamment sous forme de nanoparticules \u00bb. Selon les chercheurs de l\u2019Institut national de recherche pour l\u2019agriculture, l\u2019alimentation et l\u2019environnement (INRAE), de l\u2019Assistance publique &#8211; H\u00f4pitaux de Paris (AP-HP) et du Centre national de la recherche scientifique (CNRS), il a \u00e9t\u00e9 d\u00e9tect\u00e9 dans la quasi-totalit\u00e9 des produits \u00e9tudi\u00e9s. Pourtant, le dioxyde de titane est \u00e9galement interdit dans l\u2019Union europ\u00e9enne depuis 2022, mais il a \u00e9t\u00e9 \u00ab massivement employ\u00e9 dans une multitude de produits du quotidien \u00bb (dentifrices, cr\u00e8mes solaires, m\u00e9dicaments, plastiques, maquillage, papier, peintures). Et de pr\u00e9c\u00e9dentes \u00e9tudes ont d\u00e9montr\u00e9 la pr\u00e9sence de particules de dioxyde de titane dans les eaux de surface (utilis\u00e9es pour produire l\u2019eau potable, alimenter les piscines), dans les nappes phr\u00e9atiques, dans les sols et dans l\u2019air. <\/p>\n<p><strong>Pr\u00e9sent dans 100 % des laits animaux<\/strong> Les chercheurs ont bas\u00e9 leurs recherches sur le lait, car il est la nourriture essentielle au bon d\u00e9veloppement et \u00e0 la sant\u00e9 des nouveau-n\u00e9s. Cependant, les analyses des \u00e9chantillons r\u00e9v\u00e8lent la pr\u00e9sence de nanoparticules de titane dans 100 % des laits animaux. Peu importe qu\u2019il soit frais ou en poudre, provenant d\u2019agriculture biologique ou conventionnelle, issu de vaches, d\u2019\u00e2nesses ou de ch\u00e8vres. Ce compos\u00e9 est \u00e9galement pr\u00e9sent dans 83 % des laits infantiles analys\u00e9s \u2013 issus du commerce, du 1er au 3e \u00e2ge, en agriculture biologique ou conventionnelle. Plus que cela, il passerait \u00e9galement par la glande mammaire des femmes. Des particules ont \u00e9t\u00e9 retrouv\u00e9es dans \u00ab les laits maternels de dix femmes volontaires vivant \u00e0 Paris ou en proche banlieue, \u00e0 des taux variables \u00bb, \u00e9crivent-ils. \u00ab Cet \u00e9tat des lieux de la contamination actuelle des laits refl\u00e8te le niveau d\u2019exposition \u00bb aussi bien des m\u00e8res, des nourrissons, et plus largement, des consommateurs de lait.<\/p>\n<p class=\"small font-weight-bold text-gray3 \"> publi\u00e9 le 23 juillet \u00e0 17h10, El\u00e9onore Pointeau, 6Medias<\/p>\n<p>                             Partager<\/p>\n","protected":false},"excerpt":{"rendered":"Des particules de dioxyde de titane ont \u00e9t\u00e9 d\u00e9tect\u00e9es dans le lait maternel et animal, selon une \u00e9tude&hellip;\n","protected":false},"author":2,"featured_media":268640,"comment_status":"","ping_status":"","sticky":false,"template":"","format":"standard","meta":{"footnotes":""},"categories":[10],"tags":[1011,27,72,71],"class_list":{"0":"post-268639","1":"post","2":"type-post","3":"status-publish","4":"format-standard","5":"has-post-thumbnail","7":"category-sante","8":"tag-fr","9":"tag-france","10":"tag-health","11":"tag-sante"},"share_on_mastodon":{"url":"https:\/\/pubeurope.com\/@fr\/114903959668702316","error":""},"_links":{"self":[{"href":"https:\/\/www.europesays.com\/fr\/wp-json\/wp\/v2\/posts\/268639","targetHints":{"allow":["GET"]}}],"collection":[{"href":"https:\/\/www.europesays.com\/fr\/wp-json\/wp\/v2\/posts"}],"about":[{"href":"https:\/\/www.europesays.com\/fr\/wp-json\/wp\/v2\/types\/post"}],"author":[{"embeddable":true,"href":"https:\/\/www.europesays.com\/fr\/wp-json\/wp\/v2\/users\/2"}],"replies":[{"embeddable":true,"href":"https:\/\/www.europesays.com\/fr\/wp-json\/wp\/v2\/comments?post=268639"}],"version-history":[{"count":0,"href":"https:\/\/www.europesays.com\/fr\/wp-json\/wp\/v2\/posts\/268639\/revisions"}],"wp:featuredmedia":[{"embeddable":true,"href":"https:\/\/www.europesays.com\/fr\/wp-json\/wp\/v2\/media\/268640"}],"wp:attachment":[{"href":"https:\/\/www.europesays.com\/fr\/wp-json\/wp\/v2\/media?parent=268639"}],"wp:term":[{"taxonomy":"category","embeddable":true,"href":"https:\/\/www.europesays.com\/fr\/wp-json\/wp\/v2\/categories?post=268639"},{"taxonomy":"post_tag","embeddable":true,"href":"https:\/\/www.europesays.com\/fr\/wp-json\/wp\/v2\/tags?post=268639"}],"curies":[{"name":"wp","href":"https:\/\/api.w.org\/{rel}","templated":true}]}}