{"id":268654,"date":"2025-07-23T18:34:11","date_gmt":"2025-07-23T18:34:11","guid":{"rendered":"https:\/\/www.europesays.com\/fr\/268654\/"},"modified":"2025-07-23T18:34:11","modified_gmt":"2025-07-23T18:34:11","slug":"un-mouvement-stephanois-qui-perdure-et-des-usagers-qui-restent-a-quai","status":"publish","type":"post","link":"https:\/\/www.europesays.com\/fr\/268654\/","title":{"rendered":"un mouvement st\u00e9phanois qui perdure et des usagers qui restent \u00e0 quai"},"content":{"rendered":"<p>Aline est en col\u00e8re et n\u2019en peut plus de subir les cons\u00e9quences de la gr\u00e8ve qui a d\u00e9marr\u00e9 depuis plusieurs jours sur le r\u00e9seau ferroviaire de l\u2019\u00e9toile st\u00e9phanoise. Cette jeune femme qui habite le Pilat utilise r\u00e9guli\u00e8rement la ligne entre Saint-\u00c9tienne et Lyon, mais \u00ab\u00a0pas tous les jours\u00a0\u00bb, comme elle le pr\u00e9cise elle-m\u00eame.<\/p>\n<p>D\u2019apr\u00e8s la jeune femme, le point culminant s\u2019est produit mardi en fin de journ\u00e9e avec le train de 17\u00a0h\u00a054 au d\u00e9part de la gare de Lyon\/Part-Dieu alors qu\u2019elle quittait la capitale des Gaules pour rejoindre son domicile. Et d\u2019expliquer\u00a0: \u00ab\u00a0Il y avait vraiment beaucoup de monde sur le quai et quand nous avons vu que le train n\u2019\u00e9tait compos\u00e9 que d\u2019une seule rame, nous nous sommes tous regard\u00e9s de mani\u00e8re interrogative.\u00a0\u00bb<\/p>\n<p>Certains&#8230;                        <\/p>\n","protected":false},"excerpt":{"rendered":"Aline est en col\u00e8re et n\u2019en peut plus de subir les cons\u00e9quences de la gr\u00e8ve qui a d\u00e9marr\u00e9&hellip;\n","protected":false},"author":2,"featured_media":268655,"comment_status":"","ping_status":"","sticky":false,"template":"","format":"standard","meta":{"footnotes":""},"categories":[9653],"tags":[1111,11,2430,33,7539,1777,674,274,107,1011,27,3367,12,25,4001,7538,104,2803],"class_list":{"0":"post-268654","1":"post","2":"type-post","3":"status-publish","4":"format-standard","5":"has-post-thumbnail","7":"category-saint-etienne","8":"tag-actu","9":"tag-actualites","10":"tag-auvergne-rhone-alpes","11":"tag-economie","12":"tag-edition-loire-sud","13":"tag-eu","14":"tag-europe","15":"tag-faits-divers-justice","16":"tag-fil-info","17":"tag-fr","18":"tag-france","19":"tag-loire","20":"tag-news","21":"tag-republique-francaise","22":"tag-saint-etienne","23":"tag-saint-etienne-ville","24":"tag-societe","25":"tag-transport"},"share_on_mastodon":{"url":"https:\/\/pubeurope.com\/@fr\/114903991109675266","error":""},"_links":{"self":[{"href":"https:\/\/www.europesays.com\/fr\/wp-json\/wp\/v2\/posts\/268654","targetHints":{"allow":["GET"]}}],"collection":[{"href":"https:\/\/www.europesays.com\/fr\/wp-json\/wp\/v2\/posts"}],"about":[{"href":"https:\/\/www.europesays.com\/fr\/wp-json\/wp\/v2\/types\/post"}],"author":[{"embeddable":true,"href":"https:\/\/www.europesays.com\/fr\/wp-json\/wp\/v2\/users\/2"}],"replies":[{"embeddable":true,"href":"https:\/\/www.europesays.com\/fr\/wp-json\/wp\/v2\/comments?post=268654"}],"version-history":[{"count":0,"href":"https:\/\/www.europesays.com\/fr\/wp-json\/wp\/v2\/posts\/268654\/revisions"}],"wp:featuredmedia":[{"embeddable":true,"href":"https:\/\/www.europesays.com\/fr\/wp-json\/wp\/v2\/media\/268655"}],"wp:attachment":[{"href":"https:\/\/www.europesays.com\/fr\/wp-json\/wp\/v2\/media?parent=268654"}],"wp:term":[{"taxonomy":"category","embeddable":true,"href":"https:\/\/www.europesays.com\/fr\/wp-json\/wp\/v2\/categories?post=268654"},{"taxonomy":"post_tag","embeddable":true,"href":"https:\/\/www.europesays.com\/fr\/wp-json\/wp\/v2\/tags?post=268654"}],"curies":[{"name":"wp","href":"https:\/\/api.w.org\/{rel}","templated":true}]}}