{"id":268658,"date":"2025-07-23T18:36:42","date_gmt":"2025-07-23T18:36:42","guid":{"rendered":"https:\/\/www.europesays.com\/fr\/268658\/"},"modified":"2025-07-23T18:36:42","modified_gmt":"2025-07-23T18:36:42","slug":"mon-beau-village-amance-un-pan-de-lhistoire-lorraine-vu-den-haut","status":"publish","type":"post","link":"https:\/\/www.europesays.com\/fr\/268658\/","title":{"rendered":"Mon beau village. Amance, un pan de l\u2019histoire lorraine vu d\u2019en haut"},"content":{"rendered":"<p>\u00c0 vingt minutes de la <a href=\"https:\/\/www.estrepublicain.fr\/p\/place-stanislas\" target=\"_blank\" rel=\"noopener\">place Stanislas<\/a>, \u00e0 Nancy se dresse entre Petit Mont et Grand Mont, <a href=\"https:\/\/www.estrepublicain.fr\/edition-nancy-et-agglomeration\/amance\" target=\"_blank\" rel=\"noopener\">Amance.<\/a> Ici, le petit village offre <a href=\"https:\/\/www.estrepublicain.fr\/culture-loisirs\/2025\/07\/16\/prendre-de-la-hauteur-en-lorraine-une-question-de-points-de-vue\" target=\"_blank\" rel=\"noopener\">un point de vue \u00e0 360\u00b0<\/a> sans \u00e9quivalent sur les environs, pour peu que l\u2019on s\u2019aventure sur la butte au poirier sauvage, non loin des ruines du ch\u00e2teau.<\/p>\n<p>En contrebas, \u00e0 l\u2019ombre du majestueux c\u00e8dre du Liban de 160 ans et class\u00e9 au patrimoine des dix arbres remarquables du d\u00e9partement, le parvis de l\u2019\u00e9glise est un point d\u2019\u00e9tape pour randonneurs et cyclistes. En pleine travers\u00e9e du GR 5 ou apr\u00e8s l\u2019ascension de 170 m\u00e8tres de d\u00e9nivel\u00e9, tous les pr\u00e9textes sont bons pour venir se poser \u00e0 Amance.<\/p>\n<p>D\u2019ailleurs les plus vieilles traces du pass\u00e9 assurent qu\u2019\u00e0 l\u2019\u00e9poque gallo-romaine, le site \u00e9tait d\u00e9j\u00e0 habit\u00e9, que bien plus tard, le comte de Lun\u00e9ville y aurait construit une fortification au Xe\u00a0si\u00e8cle, p\u00e9riode o\u00f9 le territoire servit de dot lorsque sa fille \u00e9pousa Thierry 1er , duc de Haute Lorraine (972-1027). Enfin l\u2019histoire retient aussi que l\u2019avanc\u00e9e allemande de la Premi\u00e8re Guerre mondiale fut stopp\u00e9e, ici, en d\u00e9fense de Nancy, durant la bataille de Grand Couronn\u00e9.<\/p>\n<p>  \u00ab\u00a0La sensation d\u2019\u00eatre en vacances\u00a0\u00bb<\/p>\n<p>Pas de gaz de ville. Les pompes \u00e0 chaleur et panneaux volta\u00efques sont interdits. Avec son \u00e9glise class\u00e9e et ses vitraux sign\u00e9s Gr\u00fcber, ses rues sans trottoir, Amance est effectivement en zone de protection du patrimoine.<\/p>\n<p>Pourtant, sa conception particuli\u00e8re autour des ruines quasi disparues du ch\u00e2teau ainsi que sa pr\u00e9servation m\u00e9di\u00e9vale g\u00e9n\u00e8rent chez l\u2019habitant infiniment moins de frustrations au registre de la r\u00e9novation thermique que de fiert\u00e9 de r\u00e9sider sur cette butte enroul\u00e9e de petites rues.<\/p>\n<p>Il est \u00e0 peine midi sous le soleil d\u2019Amance et en rare \u00e2me de sortie, Pierre, quadra d\u00e9tendu, balade son chien sur les ruelles pav\u00e9es. Aman\u00e7ois il \u00e9tait, Aman\u00e7ois il est redevenu\u00a0: \u00ab\u00a0Ce d\u00e9cor et l\u2019ambiance font que j\u2019ai comme la sensation d\u2019\u00eatre ici en vacances. Je ne m\u2019en lasse pas. J\u2019ai effectu\u00e9 une petite dizaine d\u2019ann\u00e9es dans le Saintois avant de revenir. J\u2019ai eu la chance de retrouver une maison pas trop loin de chez mes parents.\u00a0\u00bb<\/p>\n<p>Soixante m\u00e8tres exactement pour finalement un retour au bercail assez pratiqu\u00e9 dans le village. D\u2019ailleurs depuis cinq ans, la commune conna\u00eet un rebond d\u00e9mographique de 8\u00a0% (361 habitants au total).<\/p>\n<p>  Un festival de culture sur pierre<\/p>\n<p>Crois\u00e9 le matin m\u00eame, <a href=\"https:\/\/www.estrepublicain.fr\/politique\/2023\/12\/14\/olivier-salve-est-le-nouveau-maire-du-village\" target=\"_blank\" rel=\"noopener\">le maire, Olivier Salv\u00e9<\/a> , avait d\u2019ailleurs vant\u00e9 la richesse de l\u2019endroit\u00a0: \u00ab\u00a0On ne veut surtout pas devenir un village dortoir, on n\u2019a pas de politique de viabilisation de terrain mais lorsqu\u2019un ancien s\u2019\u00e9teint, c\u2019est une famille qui s\u2019installe ou revient. Il y a un vrai esprit de village, avec pas mal d\u2019actions participatives. Actuellement on essaye de remettre en \u00e9tat d\u2019anciens chemins p\u00e9destres connus des plus vieux.\u00a0\u00bb<\/p>\n<p>Tout est ici question de vivre ensemble, d\u2019actes interg\u00e9n\u00e9rationnels\u00a0: \u00ab\u00a0Ces chantiers sont des appels aux volontariats appuy\u00e9s par un incontournable pot de l\u2019amiti\u00e9. C\u2019est presque devenu une mission du conseil municipal\u00a0\u00bb, sourit Sandra Hausser, ancienne habitante de la M\u00e9tropole du Grand Nancy, devenue deuxi\u00e8me adjointe dans l\u2019\u00e9quipe municipale.<\/p>\n<p>Une Amap, celle du Pichou, un brasseur, <a href=\"https:\/\/www.estrepublicain.fr\/edition-de-nancy-agglomeration\/2017\/10\/04\/creation-de-la-moutarde-de-nancy\" target=\"_blank\" rel=\"noopener\">un producteur de moutarde<\/a> contribuent \u00e0 l\u2019identit\u00e9 des lieux ciment\u00e9e par les cinq associations du village. L\u2019un d\u2019elle, Les Amis du lavoir, a fait de la pr\u00e9servation du patrimoine sa contribution. Figure en \u0153uvre majeure de <a href=\"https:\/\/www.estrepublicain.fr\/edition-de-nancy-agglomeration\/2017\/09\/18\/la-charpente-modele-du-lavoir\" target=\"_blank\" rel=\"noopener\">r\u00e9novation de la charpente du lavoir<\/a>. Avec son petit amphith\u00e9\u00e2tre naturel constitu\u00e9 de pierres s\u00e8ches, ce lieu est aujourd\u2019hui appr\u00e9ci\u00e9 pour pique-niquer.<\/p>\n<p>Un nouveau projet prendra corps les 13 et 14\u00a0septembre prochains, avec le <a href=\"https:\/\/www.estrepublicain.fr\/culture-loisirs\/2025\/02\/07\/les-amis-du-lavoir-festival-de-sculpture-sur-pierre-prevu-cet-ete\" target=\"_blank\" rel=\"noopener\"> premier festival de sculpture de pierre calcaire<\/a>. L\u2019occasion d\u2019appr\u00e9cier des sculpteurs de renomm\u00e9e nationale et internationale qui devront donner vie \u00e0 cinq \u0153uvres. Sur le th\u00e8me du patrimoine du village, ils auront l\u2019embarras du choix.<\/p>\n","protected":false},"excerpt":{"rendered":"\u00c0 vingt minutes de la place Stanislas, \u00e0 Nancy se dresse entre Petit Mont et Grand Mont, Amance.&hellip;\n","protected":false},"author":2,"featured_media":268659,"comment_status":"","ping_status":"","sticky":false,"template":"","format":"standard","meta":{"footnotes":""},"categories":[9635],"tags":[1111,11,13680,12080,1687,1707,1704,1706,1705,1777,674,1011,27,775,937,20065,40793,1702,12,2661,25,104,133],"class_list":{"0":"post-268658","1":"post","2":"type-post","3":"status-publish","4":"format-standard","5":"has-post-thumbnail","7":"category-nancy","8":"tag-actu","9":"tag-actualites","10":"tag-amance","11":"tag-cc-de-seille-et-grand-couronne-54b","12":"tag-culture-loisirs","13":"tag-edition-luneville","14":"tag-edition-nancy-et-agglomeration","15":"tag-edition-pont-a-mousson","16":"tag-edition-toul","17":"tag-eu","18":"tag-europe","19":"tag-fr","20":"tag-france","21":"tag-grand-est","22":"tag-histoire","23":"tag-magazine-tourisme-et-patrimoine","24":"tag-mon-beau-village","25":"tag-nancy","26":"tag-news","27":"tag-patrimoine-culturel","28":"tag-republique-francaise","29":"tag-societe","30":"tag-video"},"share_on_mastodon":{"url":"https:\/\/pubeurope.com\/@fr\/114903998988096013","error":""},"_links":{"self":[{"href":"https:\/\/www.europesays.com\/fr\/wp-json\/wp\/v2\/posts\/268658","targetHints":{"allow":["GET"]}}],"collection":[{"href":"https:\/\/www.europesays.com\/fr\/wp-json\/wp\/v2\/posts"}],"about":[{"href":"https:\/\/www.europesays.com\/fr\/wp-json\/wp\/v2\/types\/post"}],"author":[{"embeddable":true,"href":"https:\/\/www.europesays.com\/fr\/wp-json\/wp\/v2\/users\/2"}],"replies":[{"embeddable":true,"href":"https:\/\/www.europesays.com\/fr\/wp-json\/wp\/v2\/comments?post=268658"}],"version-history":[{"count":0,"href":"https:\/\/www.europesays.com\/fr\/wp-json\/wp\/v2\/posts\/268658\/revisions"}],"wp:featuredmedia":[{"embeddable":true,"href":"https:\/\/www.europesays.com\/fr\/wp-json\/wp\/v2\/media\/268659"}],"wp:attachment":[{"href":"https:\/\/www.europesays.com\/fr\/wp-json\/wp\/v2\/media?parent=268658"}],"wp:term":[{"taxonomy":"category","embeddable":true,"href":"https:\/\/www.europesays.com\/fr\/wp-json\/wp\/v2\/categories?post=268658"},{"taxonomy":"post_tag","embeddable":true,"href":"https:\/\/www.europesays.com\/fr\/wp-json\/wp\/v2\/tags?post=268658"}],"curies":[{"name":"wp","href":"https:\/\/api.w.org\/{rel}","templated":true}]}}