{"id":268664,"date":"2025-07-23T18:39:10","date_gmt":"2025-07-23T18:39:10","guid":{"rendered":"https:\/\/www.europesays.com\/fr\/268664\/"},"modified":"2025-07-23T18:39:10","modified_gmt":"2025-07-23T18:39:10","slug":"basket-elite-2-hyeres-toulon-attaquera-la-saison-a-chalons-reims","status":"publish","type":"post","link":"https:\/\/www.europesays.com\/fr\/268664\/","title":{"rendered":"Basket \/ \u00c9lite 2: Hy\u00e8res-Toulon attaquera la saison \u00e0 Ch\u00e2lons-Reims"},"content":{"rendered":"<p>Ch\u00e2lons-Reims &#8211; Hy\u00e8res-Toulon : ce duel de doubles communes int\u00e9ressait le bas de tableau d\u2019\u00c9lite 2 (ex-Pro B) la saison derni\u00e8re, avec une victoire chacun. Qu\u2019en sera-t-il lors de l\u2019exercice 2025-2026, qui s\u2019ouvrira sur ce match le vendredi 19 septembre? Il est bien trop t\u00f4t pour s\u2019avancer, alors qu\u2019aucun club n\u2019a encore repris l\u2019entra\u00eenement.<\/p>\n<p>Le HTV, qui affiche des ambitions \u00e0 la hausse, est en tout cas fix\u00e9 sur son calendrier, d\u00e9voil\u00e9 hier en fin d\u2019apr\u00e8s-midi par la Ligue nationale de basket. Apr\u00e8s ce voyage en Champagne, les hommes de St\u00e9phane Dumas retrouveront leur palais des sports pour la r\u00e9ception coup sur coup de Poitiers (26 septembre) et \u00c9vreux (30 septembre). Le derby contre Antibes? Le 27 d\u00e9cembre \u00e0 Toulon, le 6 mars \u00e0 l\u2019Azur Arena. La saison r\u00e9guli\u00e8re s\u2019ach\u00e8vera le 15 mai par un voyage \u00e0 Poitiers. Avant une possible phase finale, programm\u00e9e dans la foul\u00e9e.<\/p>\n<p>Monaco en amical, Fos en coupe de France&#8230; Une pr\u00e9saison dans le Sud-Est<\/p>\n<p>Le premier match officiel des co\u00e9quipiers de Maxim Eugene aura lieu une semaine avant la reprise du championnat. Le tirage au sort du premier tour de la coupe de France, effectu\u00e9 ce mardi, leur offre un d\u00e9placement le samedi 13 septembre \u00e0 Fos-sur-Mer (NM1, rel\u00e9gu\u00e9 de Pro B). Un club d\u00e9sormais entra\u00een\u00e9 par l\u2019ancien Varois Manu Schmitt et qui partira avec sept points d\u2019avance, en raison de l\u2019\u00e9cart d\u2019une division.<\/p>\n<p>Le HTV a par ailleurs communiqu\u00e9 son calendrier de pr\u00e9saison, avec sept matches amicaux au menu contre des formations du sud-est de la France. Avec entre autres Antibes deux fois (dont le 19 ao\u00fbt \u00e0 domicile), Salon, Fos et&#8230; Monaco. Les Varois iront se mesurer au finaliste d\u2019Euroligue le 7 septembre \u2013 \u00e0 huis clos. Rien que \u00e7a! G. R.<\/p>\n","protected":false},"excerpt":{"rendered":"Ch\u00e2lons-Reims &#8211; Hy\u00e8res-Toulon : ce duel de doubles communes int\u00e9ressait le bas de tableau d\u2019\u00c9lite 2 (ex-Pro B)&hellip;\n","protected":false},"author":2,"featured_media":268665,"comment_status":"","ping_status":"","sticky":false,"template":"","format":"standard","meta":{"footnotes":""},"categories":[9619],"tags":[1111,11,1465,1777,674,1011,27,12,882,25,60,2310],"class_list":{"0":"post-268664","1":"post","2":"type-post","3":"status-publish","4":"format-standard","5":"has-post-thumbnail","7":"category-toulon","8":"tag-actu","9":"tag-actualites","10":"tag-basket","11":"tag-eu","12":"tag-europe","13":"tag-fr","14":"tag-france","15":"tag-news","16":"tag-provence-alpes-cote-dazur","17":"tag-republique-francaise","18":"tag-sports","19":"tag-toulon"},"share_on_mastodon":{"url":"https:\/\/pubeurope.com\/@fr\/114904010839137222","error":""},"_links":{"self":[{"href":"https:\/\/www.europesays.com\/fr\/wp-json\/wp\/v2\/posts\/268664","targetHints":{"allow":["GET"]}}],"collection":[{"href":"https:\/\/www.europesays.com\/fr\/wp-json\/wp\/v2\/posts"}],"about":[{"href":"https:\/\/www.europesays.com\/fr\/wp-json\/wp\/v2\/types\/post"}],"author":[{"embeddable":true,"href":"https:\/\/www.europesays.com\/fr\/wp-json\/wp\/v2\/users\/2"}],"replies":[{"embeddable":true,"href":"https:\/\/www.europesays.com\/fr\/wp-json\/wp\/v2\/comments?post=268664"}],"version-history":[{"count":0,"href":"https:\/\/www.europesays.com\/fr\/wp-json\/wp\/v2\/posts\/268664\/revisions"}],"wp:featuredmedia":[{"embeddable":true,"href":"https:\/\/www.europesays.com\/fr\/wp-json\/wp\/v2\/media\/268665"}],"wp:attachment":[{"href":"https:\/\/www.europesays.com\/fr\/wp-json\/wp\/v2\/media?parent=268664"}],"wp:term":[{"taxonomy":"category","embeddable":true,"href":"https:\/\/www.europesays.com\/fr\/wp-json\/wp\/v2\/categories?post=268664"},{"taxonomy":"post_tag","embeddable":true,"href":"https:\/\/www.europesays.com\/fr\/wp-json\/wp\/v2\/tags?post=268664"}],"curies":[{"name":"wp","href":"https:\/\/api.w.org\/{rel}","templated":true}]}}