{"id":268670,"date":"2025-07-23T18:42:24","date_gmt":"2025-07-23T18:42:24","guid":{"rendered":"https:\/\/www.europesays.com\/fr\/268670\/"},"modified":"2025-07-23T18:42:24","modified_gmt":"2025-07-23T18:42:24","slug":"elle-avait-un-atelier-pres-de-dieppe","status":"publish","type":"post","link":"https:\/\/www.europesays.com\/fr\/268670\/","title":{"rendered":"elle avait un atelier pr\u00e8s de Dieppe"},"content":{"rendered":"<p>            Par<br \/>\n        <strong><br \/>\n            <a href=\"https:\/\/actu.fr\/auteur\/maxime-cartier1\" title=\"Consulter tous les articles de Maxime Cartier\" target=\"_blank\" rel=\"noopener\">Maxime Cartier<\/a><br \/>\n        <\/strong><\/p>\n<p>        Publi\u00e9 le<\/p>\n<p>            22 juil. 2025 \u00e0 20h00        <\/p>\n<p>Encore une bien triste nouvelle pour le domaine du<b> textile<\/b>. Apr\u00e8s la <b>fermeture de plusieurs magasins<\/b> dans la r\u00e9gion de Dieppe, c\u2019est au tour d\u2019une <b>marque haut de gamme<\/b> de payer les frais de la crise du textile. La <b>marque Maison D\u00e9cal\u00e9<\/b>, lanc\u00e9e en 2018, originaire de Rouen, a \u00e9t\u00e9 plac\u00e9e en <b>liquidation judiciaire<\/b> le 1er\u00a0juillet 2025. L\u2019entreprise et sa maison m\u00e8re, Somatico, \u00e9taient d\u00e9clar\u00e9es en <b>cessations de paiement<\/b> depuis le 7\u00a0mai d\u2019apr\u00e8s le site Internet du Bodacc, le bulletin officiel des annonces civiles et commerciales. Les fondateurs de Maison D\u00e9cal\u00e9 avaient pourtant fait un choix fort en 2021\u2009: relocaliser son atelier \u00e0<a href=\"https:\/\/actu.fr\/normandie\/luneray_76400\" target=\"_blank\" rel=\"noopener\"> Luneray (Seine-Maritime)<\/a>.<\/p>\n<p>Du haut de gamme made in Normandie<\/p>\n<p class=\" wall-content\">Maison D\u00e9cal\u00e9 \u00e9tait sp\u00e9cialis\u00e9e dans la <b>confection de v\u00eatements techniques haut de gamme<\/b>, tels des parkas, des vestes et des trenchs. <a href=\"https:\/\/actu.fr\/normandie\/luneray_76400\/pres-de-dieppe-maison-decale-relocalise-son-atelier-de-confection-de-vetements-haut-de-gamme_39395324.html\" target=\"_blank\" rel=\"noopener\">Sa production \u00e9tait bas\u00e9e \u00e0 Luneray<\/a>, rue des Poitreaux.<\/p>\n<p class=\" wall-content\">\u00c0 son lancement, quatre couturi\u00e8res s\u2019occupaient de d\u00e9couper, d\u2019assembler et de coudre les diff\u00e9rentes pi\u00e8ces de la collection.<\/p>\n<p class=\" wall-content\">C\u2019\u00e9tait une volont\u00e9 de la part de ses fondateurs, Caroline Chedrey et Fran\u00e7ois Puech d\u2019Alissac, qui ont voulu miser sur une d\u00e9marche \u00ab\u2009Made in France\u2009\u00bb. Auparavant, les v\u00eatements \u00e9taient con\u00e7us en Chine, puis en Tunisie, mais comme ils produisaient en faible quantit\u00e9, ils ont finalement revu leur processus de fabrication.<\/p>\n<p class=\" wall-content\">Le choix de cette commune \u00e9tait logique, puisque Fran\u00e7ois Puech d\u2019Alissac avait d\u00e9j\u00e0 sa soci\u00e9t\u00e9 Somatico d\u2019install\u00e9e dans les ateliers.<\/p>\n<p class=\" wall-content\">Le couple \u00e9tait d\u00e9j\u00e0 au fait dans la confection de v\u00eatements techniques de professionnels tels que l\u2019arm\u00e9e et les sapeurs-pompiers, \u00e0 travers Somatico. Mais avec Maison D\u00e9cal\u00e9, les deux Seinomarins ont voulu concevoir des v\u00eatements pour le grand public, inspir\u00e9s des v\u00eatements de travail.<\/p>\n<p class=\" wall-content\">Les beaux tissus et mati\u00e8res nobles avaient notamment s\u00e9duit les amateurs d\u2019activit\u00e9s en plein air et les joueurs de polo.<\/p>\n<p class=\" wall-content\">La marque habillait le Deauville International Polo Club, ainsi que les clubs de Paris et de Chantilly.<\/p>\n<p class=\" wall-content\">En 2018, le succ\u00e8s de Maison D\u00e9cal\u00e9 avait conduit ses fondateurs \u00e0 ouvrir une boutique \u00e0 Rouen, rue Saint-Romain. Il avait aussi \u00e9t\u00e9 envisag\u00e9 qu\u2019elle s\u2019installe \u00e0 Deauville.<\/p>\n<p>Des difficult\u00e9s financi\u00e8res<\/p>\n<p class=\" wall-content\">Finalement, d\u2019apr\u00e8s nos confr\u00e8res de Paris Normandie, la boutique rouennaise a baiss\u00e9 le rideau en 2020. La maison m\u00e8re, Somatico, \u00e9tait en difficult\u00e9 financi\u00e8re\u2009: elle affichait un passif qui s\u2019\u00e9l\u00e8ve \u00e0 plus de 2,7\u00a0millions d\u2019euros \u00ab\u2009pour une tr\u00e9sorerie disponible nulle. Elle n\u2019a pas r\u00e9gl\u00e9 ses salaires pour pr\u00e8s de 33\u2009000\u00a0\u20ac et poss\u00e8de des dettes aupr\u00e8s de ses fournisseurs d\u2019un montant de 1\u2009263\u2009898,97\u00a0\u20ac et aupr\u00e8s de l\u2019administration fiscale pour 1\u2009393\u2009730,01\u00a0\u20ac\u00bb.<\/p>\n<p class=\" wall-content\">Le tribunal de commerce de Rouen justifiait \u00e9galement des difficult\u00e9s financi\u00e8res du fait de la crise du textile, impactant de nombreuses marques et magasins en France.<\/p>\n<p class=\" wall-content\">Suivez toute l\u2019actualit\u00e9 de vos villes et m\u00e9dias favoris en vous inscrivant \u00e0 <a href=\"https:\/\/moncompte.actu.fr\" title=\"D\u00e9couvez Mon Actu\" rel=\"nofollow noopener\" data-trk=\"{&quot;cta&quot;:{&quot;action&quot;:&quot;https:\\\/\\\/moncompte.actu.fr&quot;,&quot;category&quot;:&quot;mon compte&quot;,&quot;from&quot;:&quot;article footer&quot;,&quot;name&quot;:&quot;Mon actu&quot;,&quot;type&quot;:&quot;cta&quot;}}\" target=\"_blank\">Mon Actu<\/a>.<\/p>\n","protected":false},"excerpt":{"rendered":"Par Maxime Cartier Publi\u00e9 le 22 juil. 2025 \u00e0 20h00 Encore une bien triste nouvelle pour le domaine&hellip;\n","protected":false},"author":2,"featured_media":268671,"comment_status":"","ping_status":"","sticky":false,"template":"","format":"standard","meta":{"footnotes":""},"categories":[9587],"tags":[1111,11,130,1777,674,1011,27,12,5161,25,9590,104,2422],"class_list":{"0":"post-268670","1":"post","2":"type-post","3":"status-publish","4":"format-standard","5":"has-post-thumbnail","7":"category-rouen","8":"tag-actu","9":"tag-actualites","10":"tag-consommation","11":"tag-eu","12":"tag-europe","13":"tag-fr","14":"tag-france","15":"tag-news","16":"tag-normandie","17":"tag-republique-francaise","18":"tag-rouen","19":"tag-societe","20":"tag-textile"},"share_on_mastodon":{"url":"https:\/\/pubeurope.com\/@fr\/114904022704542080","error":""},"_links":{"self":[{"href":"https:\/\/www.europesays.com\/fr\/wp-json\/wp\/v2\/posts\/268670","targetHints":{"allow":["GET"]}}],"collection":[{"href":"https:\/\/www.europesays.com\/fr\/wp-json\/wp\/v2\/posts"}],"about":[{"href":"https:\/\/www.europesays.com\/fr\/wp-json\/wp\/v2\/types\/post"}],"author":[{"embeddable":true,"href":"https:\/\/www.europesays.com\/fr\/wp-json\/wp\/v2\/users\/2"}],"replies":[{"embeddable":true,"href":"https:\/\/www.europesays.com\/fr\/wp-json\/wp\/v2\/comments?post=268670"}],"version-history":[{"count":0,"href":"https:\/\/www.europesays.com\/fr\/wp-json\/wp\/v2\/posts\/268670\/revisions"}],"wp:featuredmedia":[{"embeddable":true,"href":"https:\/\/www.europesays.com\/fr\/wp-json\/wp\/v2\/media\/268671"}],"wp:attachment":[{"href":"https:\/\/www.europesays.com\/fr\/wp-json\/wp\/v2\/media?parent=268670"}],"wp:term":[{"taxonomy":"category","embeddable":true,"href":"https:\/\/www.europesays.com\/fr\/wp-json\/wp\/v2\/categories?post=268670"},{"taxonomy":"post_tag","embeddable":true,"href":"https:\/\/www.europesays.com\/fr\/wp-json\/wp\/v2\/tags?post=268670"}],"curies":[{"name":"wp","href":"https:\/\/api.w.org\/{rel}","templated":true}]}}