{"id":268678,"date":"2025-07-23T18:47:17","date_gmt":"2025-07-23T18:47:17","guid":{"rendered":"https:\/\/www.europesays.com\/fr\/268678\/"},"modified":"2025-07-23T18:47:17","modified_gmt":"2025-07-23T18:47:17","slug":"a-15-ans-leo-a-rencontre-emmanuel-macron-et-reve-de-politique","status":"publish","type":"post","link":"https:\/\/www.europesays.com\/fr\/268678\/","title":{"rendered":"\u00e0 15 ans, L\u00e9o a rencontr\u00e9 Emmanuel Macron et r\u00eave de politique"},"content":{"rendered":"<p>            Par<br \/>\n        <strong><br \/>\n            <a href=\"https:\/\/actu.fr\/auteur\/lucile-trihancoignard-actu-fr\" title=\"Consulter tous les articles de Lucile Trihan Coignard\" target=\"_blank\" rel=\"noopener\">Lucile Trihan Coignard<\/a><br \/>\n        <\/strong><\/p>\n<p>        Publi\u00e9 le<\/p>\n<p>            23 juil. 2025 \u00e0 17h48        <\/p>\n<p>Un stage \u00e0 la direction g\u00e9n\u00e9rale des finances publiques, deux semaines au Conseil d\u2019\u00c9tat et un\u2026 <b>\u00e0 l\u2019\u00c9lys\u00e9e<\/b>. Le jeune <b>L\u00e9o Huline,<\/b> r\u00e9sidant \u00e0 <b>Torc\u00e9<\/b> (Ille-et-Vilaine) a commenc\u00e9 \u00e0 envoyer ses demandes en janvier, des dizaines de mails \u00e0 l\u2019attention des d\u00e9put\u00e9s et des minist\u00e8res, \u00ab\u2009au culot\u2009\u00bb, comme il le dit lui-m\u00eame.<\/p>\n<p class=\" wall-content\">On lui a r\u00e9pondu et il a pu effectuer <b>trois stages<\/b> entre la fin de son ann\u00e9e scolaire et le d\u00e9but juillet.<\/p>\n<p>Il propose une interview \u00e0 Emmanuel Macron<\/p>\n<p class=\" wall-content\">De ces stages, il en garde du positif\u2009: \u00ab\u2009J\u2019adore \u00e7a, \u00e7a me permet de d\u00e9couvrir. \u00c7a me servira toujours, dans mes \u00e9tudes sup\u00e9rieures.\u2009\u00bb<\/p>\n<p class=\" wall-content\">Lors de son dernier stage \u00e0 l\u2019\u00c9lys\u00e9e, il a m\u00eame <b>rencontr\u00e9 le Pr\u00e9sident<\/b> et a pu \u00e9changer avec lui. Il lui a propos\u00e9 une interview.<\/p>\n<p class=\" wall-content\">Plus tard, il souhaite travailler en communication (politique) ou comme collaborateur parlementaire. Il prend de l\u2019avance pour que ses aspirations se r\u00e9alisent.<\/p>\n<p>Via les r\u00e9seaux sociaux<\/p>\n<p class=\" wall-content\">Une passion r\u00e9cente, m\u00eame si plus jeune, il connaissait le nom des ministres sans m\u00eame se l\u2019expliquer. C\u2019est depuis un an qu\u2019il s\u2019y int\u00e9resse r\u00e9ellement. \u00ab\u2009Depuis les l\u00e9gislatives de 2024.\u2009\u00bb<\/p>\n<p class=\" wall-content\">Il suit l\u2019actualit\u00e9 <b>via diff\u00e9rents comptes sur les r\u00e9seaux<\/b>, essaye de d\u00e9crypter les hommes et femmes politiques dans leurs interviews plus d\u00e9complex\u00e9es. \u00ab\u2009Je pr\u00e9f\u00e8re quand ils sont plus libres dans leurs paroles.\u2009\u00bb<\/p>\n<p class=\" wall-content\">Il est l\u2019un des rares \u00e0 avoir fait des stages \u00e0 Paris, venant de Vitr\u00e9. \u00ab\u2009On postule plut\u00f4t de Rennes\u2009\u00bb, a-t-il remarqu\u00e9.<\/p>\n<p>Des exp\u00e9riences diff\u00e9rentes<\/p>\n<p class=\" wall-content\">Au Conseil d\u2019\u00c9tat, il a pu voir le fonctionnement au sein des bureaux. \u00ab\u2009J\u2019\u00e9tais libre et autonome\u2009\u00bb.<\/p>\n<p class=\" wall-content\">\u00c0 l\u2019\u00c9lys\u00e9e, son \u00ab\u2009stage de r\u00eave\u2009\u00bb, il s\u2019est <b>rendu dans les services<\/b> et a assist\u00e9 \u00e0 la sortie du Conseil des ministres et \u00e0 la conf\u00e9rence de presse.<\/p>\n<p class=\" wall-content\">Il a \u00e9galement particip\u00e9 \u00e0 la f\u00eate de la musique avec le Pr\u00e9sident le 21 juin <b>dans la Cour de l\u2019\u00c9lys\u00e9e <\/b>et il est mont\u00e9 sur sc\u00e8ne avec lui.<\/p>\n<p class=\" wall-content\">\u00ab\u2009J\u2019ai fait la queue pour \u00eatre dans les premiers et \u00eatre au premier rang\u2009\u00bb.<\/p>\n<p>La g\u00e9opolitique et le droit administratif<\/p>\n<p class=\" wall-content\">Comme passe-temps, il s\u2019int\u00e9resse au r\u00f4le des \u00c9tats-Unis dans les conflits mondiaux.<\/p>\n<p class=\" wall-content\">Il en discute avec ses amis lyc\u00e9ens et avec sa m\u00e8re qu\u2019il a initi\u00e9e. Lors de son stage \u00e0 l\u2019\u00c9lys\u00e9e, il a rencontr\u00e9 des jeunes <b>partageant la m\u00eame passion<\/b> et avec qui il peut \u00e9changer sur l\u2019actualit\u00e9 politique.<\/p>\n<p class=\" wall-content\">Le lyc\u00e9en a d\u00e9j\u00e0 pens\u00e9 \u00e0 son orientation apr\u00e8s le lyc\u00e9e\u2009: BUT Gestion des entreprises et administrations ou une licence administration \u00e9conomique et sociale, dans lesquels cas il pourra \u00e9tudier le droit.<\/p>\n<p class=\" wall-content\">Le jeune homme, bon \u00e9l\u00e8ve, passe en 1e STMG. Il pr\u00e9voit <b>de nouveaux stages<\/b>, pour les vacances d\u2019octobre et de f\u00e9vrier, tout en pr\u00e9parant le bac.<\/p>\n<p class=\" wall-content\">Suivez toute l\u2019actualit\u00e9 de vos villes et m\u00e9dias favoris en vous inscrivant \u00e0 <a href=\"https:\/\/moncompte.actu.fr\" title=\"D\u00e9couvez Mon Actu\" rel=\"nofollow noopener\" data-trk=\"{&quot;cta&quot;:{&quot;action&quot;:&quot;https:\\\/\\\/moncompte.actu.fr&quot;,&quot;category&quot;:&quot;mon compte&quot;,&quot;from&quot;:&quot;article footer&quot;,&quot;name&quot;:&quot;Mon actu&quot;,&quot;type&quot;:&quot;cta&quot;}}\" target=\"_blank\">Mon Actu<\/a>.<\/p>\n","protected":false},"excerpt":{"rendered":"Par Lucile Trihan Coignard Publi\u00e9 le 23 juil. 2025 \u00e0 17h48 Un stage \u00e0 la direction g\u00e9n\u00e9rale des&hellip;\n","protected":false},"author":2,"featured_media":268679,"comment_status":"","ping_status":"","sticky":false,"template":"","format":"standard","meta":{"footnotes":""},"categories":[2821],"tags":[1111,11,829,1777,674,1011,27,12,316,9026,584,25],"class_list":{"0":"post-268678","1":"post","2":"type-post","3":"status-publish","4":"format-standard","5":"has-post-thumbnail","7":"category-rennes","8":"tag-actu","9":"tag-actualites","10":"tag-bretagne","11":"tag-eu","12":"tag-europe","13":"tag-fr","14":"tag-france","15":"tag-news","16":"tag-politique","17":"tag-portrait","18":"tag-rennes","19":"tag-republique-francaise"},"share_on_mastodon":{"url":"https:\/\/pubeurope.com\/@fr\/114904042233473764","error":""},"_links":{"self":[{"href":"https:\/\/www.europesays.com\/fr\/wp-json\/wp\/v2\/posts\/268678","targetHints":{"allow":["GET"]}}],"collection":[{"href":"https:\/\/www.europesays.com\/fr\/wp-json\/wp\/v2\/posts"}],"about":[{"href":"https:\/\/www.europesays.com\/fr\/wp-json\/wp\/v2\/types\/post"}],"author":[{"embeddable":true,"href":"https:\/\/www.europesays.com\/fr\/wp-json\/wp\/v2\/users\/2"}],"replies":[{"embeddable":true,"href":"https:\/\/www.europesays.com\/fr\/wp-json\/wp\/v2\/comments?post=268678"}],"version-history":[{"count":0,"href":"https:\/\/www.europesays.com\/fr\/wp-json\/wp\/v2\/posts\/268678\/revisions"}],"wp:featuredmedia":[{"embeddable":true,"href":"https:\/\/www.europesays.com\/fr\/wp-json\/wp\/v2\/media\/268679"}],"wp:attachment":[{"href":"https:\/\/www.europesays.com\/fr\/wp-json\/wp\/v2\/media?parent=268678"}],"wp:term":[{"taxonomy":"category","embeddable":true,"href":"https:\/\/www.europesays.com\/fr\/wp-json\/wp\/v2\/categories?post=268678"},{"taxonomy":"post_tag","embeddable":true,"href":"https:\/\/www.europesays.com\/fr\/wp-json\/wp\/v2\/tags?post=268678"}],"curies":[{"name":"wp","href":"https:\/\/api.w.org\/{rel}","templated":true}]}}