{"id":268684,"date":"2025-07-23T18:50:15","date_gmt":"2025-07-23T18:50:15","guid":{"rendered":"https:\/\/www.europesays.com\/fr\/268684\/"},"modified":"2025-07-23T18:50:15","modified_gmt":"2025-07-23T18:50:15","slug":"strasbourg-un-quinquagenaire-soupconne-davoir-filme-des-enfants-a-la-piscine-se-suicide-avant-son-proces","status":"publish","type":"post","link":"https:\/\/www.europesays.com\/fr\/268684\/","title":{"rendered":"Strasbourg. Un quinquag\u00e9naire soup\u00e7onn\u00e9 d&rsquo;avoir film\u00e9 des enfants \u00e0 la piscine se suicide avant son proc\u00e8s"},"content":{"rendered":"<p>Un quinquag\u00e9naire, soup\u00e7onn\u00e9 d&rsquo;avoir film\u00e9 des fillettes dans des cabines de piscines \u00e0 Strasbourg (Bas-Rhin), s&rsquo;est suicid\u00e9 deux jours avant son proc\u00e8s, indique le quotidien <a href=\"https:\/\/www.dna.fr\/faits-divers-justice\/2025\/07\/23\/l-homme-soupconne-d-avoir-filme-des-enfants-nus-dans-les-cabines-de-piscines-s-est-suicide\" target=\"_blank\" rel=\"nofollow noopener\">Les Derni\u00e8res Nouvelles d&rsquo;Alsace<\/a>.<\/p>\n<p>L&rsquo;homme a mis fin \u00e0 ses jours en se jetant sous un train lundi,\u00a0peu avant de compara\u00eetre ce mercredi devant la chambre des comparutions imm\u00e9diates du tribunal correctionnel de Strasbourg. Il se voyait reprocher d&rsquo;avoir film\u00e9, \u00e0 leur insu, une soixantaine d&rsquo;enfants dans des piscines municipales de Strasbourg entre janvier 2023 et juin 2025. Il avait \u00e9t\u00e9 pris en flagrant d\u00e9lit le 9 juin par un p\u00e8re de famille, intrigu\u00e9 par son comportement. Le suspect \u00e9tait \u00e9quip\u00e9 d&rsquo;une cam\u00e9ra miniature, plac\u00e9e dans une chaussure, qu&rsquo;il glissait sous la cloison des cabines, afin de saisir des images en contre-plong\u00e9e.<\/p>\n<p>Un p\u00e8re de famille ins\u00e9r\u00e9 dans la soci\u00e9t\u00e9<\/p>\n<p>\u00c2g\u00e9 de 52 ans, il avait reconnu l&rsquo;int\u00e9gralit\u00e9 des faits. P\u00e8re de deux jeunes enfants et mari\u00e9, ins\u00e9r\u00e9 dans la soci\u00e9t\u00e9, il avait \u00e9t\u00e9 convoqu\u00e9 une premi\u00e8re fois devant la chambre des comparutions imm\u00e9diates du tribunal correctionnel le 12 juin. Une expertise psychiatrique avait \u00e9t\u00e9 ordonn\u00e9e et le dossier renvoy\u00e9 au 23 juillet.<\/p>\n<p>L&rsquo;homme avait \u00e9t\u00e9 laiss\u00e9 libre sous contr\u00f4le judiciaire, avec l&rsquo;interdiction de se rendre dans les piscines et aux abords des plans d&rsquo;eau, ainsi que d&rsquo;exercer une activit\u00e9 en lien avec des mineurs. Sa mort met fin \u00e0 l&rsquo;action publique qui le visait.<\/p>\n<p class=\"note\">&gt;&gt; Lire l&rsquo;article des\u00a0<a href=\"https:\/\/www.dna.fr\/faits-divers-justice\/2025\/07\/23\/l-homme-soupconne-d-avoir-filme-des-enfants-nus-dans-les-cabines-de-piscines-s-est-suicide\" target=\"_blank\" rel=\"nofollow noopener\">Derni\u00e8res Nouvelles d&rsquo;Alsace<\/a>.<\/p>\n","protected":false},"excerpt":{"rendered":"Un quinquag\u00e9naire, soup\u00e7onn\u00e9 d&rsquo;avoir film\u00e9 des fillettes dans des cabines de piscines \u00e0 Strasbourg (Bas-Rhin), s&rsquo;est suicid\u00e9 deux&hellip;\n","protected":false},"author":2,"featured_media":268685,"comment_status":"","ping_status":"","sticky":false,"template":"","format":"standard","meta":{"footnotes":""},"categories":[2820],"tags":[1111,11,1777,674,274,107,1011,27,329,775,12,25,640],"class_list":{"0":"post-268684","1":"post","2":"type-post","3":"status-publish","4":"format-standard","5":"has-post-thumbnail","7":"category-strasbourg","8":"tag-actu","9":"tag-actualites","10":"tag-eu","11":"tag-europe","12":"tag-faits-divers-justice","13":"tag-fil-info","14":"tag-fr","15":"tag-france","16":"tag-france-monde","17":"tag-grand-est","18":"tag-news","19":"tag-republique-francaise","20":"tag-strasbourg"},"share_on_mastodon":{"url":"https:\/\/pubeurope.com\/@fr\/114904054103271927","error":""},"_links":{"self":[{"href":"https:\/\/www.europesays.com\/fr\/wp-json\/wp\/v2\/posts\/268684","targetHints":{"allow":["GET"]}}],"collection":[{"href":"https:\/\/www.europesays.com\/fr\/wp-json\/wp\/v2\/posts"}],"about":[{"href":"https:\/\/www.europesays.com\/fr\/wp-json\/wp\/v2\/types\/post"}],"author":[{"embeddable":true,"href":"https:\/\/www.europesays.com\/fr\/wp-json\/wp\/v2\/users\/2"}],"replies":[{"embeddable":true,"href":"https:\/\/www.europesays.com\/fr\/wp-json\/wp\/v2\/comments?post=268684"}],"version-history":[{"count":0,"href":"https:\/\/www.europesays.com\/fr\/wp-json\/wp\/v2\/posts\/268684\/revisions"}],"wp:featuredmedia":[{"embeddable":true,"href":"https:\/\/www.europesays.com\/fr\/wp-json\/wp\/v2\/media\/268685"}],"wp:attachment":[{"href":"https:\/\/www.europesays.com\/fr\/wp-json\/wp\/v2\/media?parent=268684"}],"wp:term":[{"taxonomy":"category","embeddable":true,"href":"https:\/\/www.europesays.com\/fr\/wp-json\/wp\/v2\/categories?post=268684"},{"taxonomy":"post_tag","embeddable":true,"href":"https:\/\/www.europesays.com\/fr\/wp-json\/wp\/v2\/tags?post=268684"}],"curies":[{"name":"wp","href":"https:\/\/api.w.org\/{rel}","templated":true}]}}