{"id":268710,"date":"2025-07-23T19:03:11","date_gmt":"2025-07-23T19:03:11","guid":{"rendered":"https:\/\/www.europesays.com\/fr\/268710\/"},"modified":"2025-07-23T19:03:11","modified_gmt":"2025-07-23T19:03:11","slug":"metropole-de-lyon-a-larrivee-de-la-police-il-jette-du-cannabis-par-la-fenetre","status":"publish","type":"post","link":"https:\/\/www.europesays.com\/fr\/268710\/","title":{"rendered":"M\u00e9tropole de Lyon. \u00c0 l\u2019arriv\u00e9e de la police, il jette du cannabis par la fen\u00eatre"},"content":{"rendered":"<p>La visite des parties communes d\u2019un immeuble de l\u2019avenue de la Division Leclerc \u00e0 V\u00e9nissieux, connu pour abriter un trafic de stup\u00e9fiants, s\u2019est r\u00e9v\u00e9l\u00e9e fructueuse.<\/p>\n<p>Lundi 21\u00a0juillet vers 18\u00a0h\u00a030, l\u2019\u00e9quipage qui se trouvait dans les \u00e9tages a constat\u00e9 qu\u2019une <a href=\"https:\/\/www.leprogres.fr\/faits-divers-justice\/2025\/07\/11\/importation-de-tonnes-de-cannabis-dans-la-region-lyonnaise-l-apparente-vie-rangee-du-commanditaire-arrete\" target=\"_blank\" rel=\"noopener\">odeur de cannabis <\/a>\u00e9manait d\u2019un appartement. Ils ont donc sonn\u00e9 \u00e0 la porte, et ont attendu quelques instants avant qu\u2019un homme vienne ouvrir. Pour cause, puisqu\u2019il avait pris le temps de se d\u00e9barrasser de deux sacs contenant du cannabis, en les jetant par la fen\u00eatre.<\/p>\n<p>Mais, s\u2019attendant \u00e0 cette man\u0153uvre, des policiers s\u2019\u00e9taient plac\u00e9s au pied de l\u2019immeuble, o\u00f9 ils ont r\u00e9cup\u00e9r\u00e9 les sacs. L\u2019occupant de l\u2019appartement, un homme de 37 ans d\u00e9favorablement connu a \u00e9t\u00e9 interpell\u00e9.<\/p>\n<p>Ce contenu est bloqu\u00e9 car vous n&rsquo;avez pas accept\u00e9 les cookies et autres traceurs.<\/p>\n<p>En cliquant sur \u00ab J\u2019accepte \u00bb, les cookies et autres traceurs seront d\u00e9pos\u00e9s et vous pourrez visualiser les contenus  (<a href=\"\" class=\"consentModule_policy\" target=\"_blank\" title=\"Consulter la politique de protection des donn\u00e9es du fournisseur\">plus d&rsquo;informations<\/a>).<\/p>\n<p>En cliquant sur \u00ab J\u2019accepte tous les cookies \u00bb, vous autorisez des d\u00e9p\u00f4ts de cookies et autres traceurs pour le stockage de vos donn\u00e9es sur nos sites et applications \u00e0 des fins de personnalisation et de ciblage publicitaire.<\/p>\n<p class=\"consentModule_secondaryText\">Vous gardez la possibilit\u00e9 de retirer votre consentement \u00e0 tout moment en consultant notre <a href=\"https:\/\/www.leprogres.fr\/protection-des-donnees\" target=\"_blank\" title=\"Consulter notre politique de protection des donn\u00e9es\" rel=\"noopener\">politique de protection des donn\u00e9es<\/a>. <br \/>&#13;<br \/>\n            <a href=\"https:\/\/www.leprogres.fr\/faits-divers-justice\/2025\/07\/23\/javascript:Didomi.notice.show()\" class=\"consentModule_cmp\" target=\"_blank\" rel=\"noopener\">G\u00e9rer mes choix<\/a>&#13;\n        <\/p>\n<p>&#13;<br \/>\n                        J&rsquo;accepte&#13;<br \/>\n            J&rsquo;accepte tous les cookies&#13;\n        <\/p>\n<p>  2,9 kg de r\u00e9sine et 636 g d&rsquo;herbe<\/p>\n<p>La perquisition du logement a permis de couvrir du cannabis et, au total, <a href=\"https:\/\/www.leprogres.fr\/faits-divers-justice\/2021\/07\/09\/trafic-de-stupefiants-comprendre-le-systeme-des-nourrices\" target=\"_blank\" rel=\"noopener\">2, 9\u00a0kg de r\u00e9sine et 636\u00a0g d\u2019herbe ont \u00e9t\u00e9 saisis<\/a>.<\/p>\n<p>Le mis en cause, qui a reconnu les faits en garde \u00e0 vue, a \u00e9t\u00e9 pr\u00e9sent\u00e9 ce mercredi au parquet en vue d\u2019une comparution sur reconnaissance pr\u00e9alable de culpabilit\u00e9 (CRPC).<\/p>\n","protected":false},"excerpt":{"rendered":"La visite des parties communes d\u2019un immeuble de l\u2019avenue de la Division Leclerc \u00e0 V\u00e9nissieux, connu pour abriter&hellip;\n","protected":false},"author":2,"featured_media":268711,"comment_status":"","ping_status":"","sticky":false,"template":"","format":"standard","meta":{"footnotes":""},"categories":[1889],"tags":[1111,11,2430,271,272,3152,1777,674,274,1011,27,2428,12,25,2429,4375,4407],"class_list":{"0":"post-268710","1":"post","2":"type-post","3":"status-publish","4":"format-standard","5":"has-post-thumbnail","7":"category-lyon","8":"tag-actu","9":"tag-actualites","10":"tag-auvergne-rhone-alpes","11":"tag-crime","12":"tag-delit-et-contravention","13":"tag-edition-est-lyonnais","14":"tag-eu","15":"tag-europe","16":"tag-faits-divers-justice","17":"tag-fr","18":"tag-france","19":"tag-lyon","20":"tag-news","21":"tag-republique-francaise","22":"tag-rhone","23":"tag-venissieux","24":"tag-venissieux-bassin"},"share_on_mastodon":{"url":"https:\/\/pubeurope.com\/@fr\/114904105182764519","error":""},"_links":{"self":[{"href":"https:\/\/www.europesays.com\/fr\/wp-json\/wp\/v2\/posts\/268710","targetHints":{"allow":["GET"]}}],"collection":[{"href":"https:\/\/www.europesays.com\/fr\/wp-json\/wp\/v2\/posts"}],"about":[{"href":"https:\/\/www.europesays.com\/fr\/wp-json\/wp\/v2\/types\/post"}],"author":[{"embeddable":true,"href":"https:\/\/www.europesays.com\/fr\/wp-json\/wp\/v2\/users\/2"}],"replies":[{"embeddable":true,"href":"https:\/\/www.europesays.com\/fr\/wp-json\/wp\/v2\/comments?post=268710"}],"version-history":[{"count":0,"href":"https:\/\/www.europesays.com\/fr\/wp-json\/wp\/v2\/posts\/268710\/revisions"}],"wp:featuredmedia":[{"embeddable":true,"href":"https:\/\/www.europesays.com\/fr\/wp-json\/wp\/v2\/media\/268711"}],"wp:attachment":[{"href":"https:\/\/www.europesays.com\/fr\/wp-json\/wp\/v2\/media?parent=268710"}],"wp:term":[{"taxonomy":"category","embeddable":true,"href":"https:\/\/www.europesays.com\/fr\/wp-json\/wp\/v2\/categories?post=268710"},{"taxonomy":"post_tag","embeddable":true,"href":"https:\/\/www.europesays.com\/fr\/wp-json\/wp\/v2\/tags?post=268710"}],"curies":[{"name":"wp","href":"https:\/\/api.w.org\/{rel}","templated":true}]}}