{"id":268712,"date":"2025-07-23T19:04:15","date_gmt":"2025-07-23T19:04:15","guid":{"rendered":"https:\/\/www.europesays.com\/fr\/268712\/"},"modified":"2025-07-23T19:04:15","modified_gmt":"2025-07-23T19:04:15","slug":"une-autre-voie-pour-les-socialistes","status":"publish","type":"post","link":"https:\/\/www.europesays.com\/fr\/268712\/","title":{"rendered":"une autre voie pour les socialistes ?"},"content":{"rendered":"<p itemprop=\"description\"><strong>Alors que le parti socialiste a repouss\u00e9 la d\u00e9signation de son chef de file lyonnais \u00e0 septembre, l\u2019\u00e9vacuation des campements de Jean Mac\u00e9 le mardi 22 juillet, se fait le symbole d\u2019une nouvelle voie pour la gauche rhodanienne.<\/strong><\/p>\n<p>Si le PS a choisi de prolonger l\u2019attente quant au nouveau chef de file lyonnais, dans le si\u00e8ge Cours de la Libert\u00e9, on chuchote d\u00e9j\u00e0 un nom comme favori. Il s\u2019agit de <a href=\"https:\/\/www.lyonmag.com\/profil-personnalite-lyonnaise\/462\/sandrine-runel\" target=\"_blank\" rel=\"noopener nofollow\">Sandrine Runel<\/a>, d\u00e9put\u00e9e PS du Rh\u00f4ne et ancienne adjointe aux Solidarit\u00e9s de <a href=\"https:\/\/www.lyonmag.com\/profil-personnalite-lyonnaise\/504\/gregory-doucet\" target=\"_blank\" rel=\"noopener nofollow\">Gr\u00e9gory Doucet<\/a>.<\/p>\n<p>Pourtant, l\u2019\u00e9vacuation des campements de Jean Mac\u00e9 qui a eu lieu ce 22 juillet, n\u2019est pas en la faveur de la candidate. Loin de la mettre en avant, l\u2019\u00e9v\u00e9nement sonne comme une r\u00e9miniscence de sa p\u00e9riode aux c\u00f4t\u00e9s du maire de Lyon.<\/p>\n<p>\u00c9poque durant laquelle Sandrine Runel avait \u00e9t\u00e9 conspu\u00e9e, notamment par sa propre famille politique pour avoir \u00e9t\u00e9 le visage de l&rsquo;\u00e9vacuation du gymnase Dargent. Une d\u00e9cision datant de 2024 qui avait suscit\u00e9 l\u2019incompr\u00e9hension des Jeunes Socialistes du Rh\u00f4ne et cr\u00e9\u00e9 des remous au sein du parti \u00e0 la rose.<\/p>\n<p>Jamais oubli\u00e9es, ces actions p\u00e8sent sur la balance de la candidate \u00e0 l&rsquo;heure des municipales. Les plus circonspects de son bilan ont ainsi saisi l\u2019occasion pour proposer au PS rhodanien une nouvelle voie. Parmi ces derniers, Abdel Kader El Bouni, candidat \u00e0 la candidature socialiste de Lyon.<\/p>\n<p>Dans son communiqu\u00e9, le secr\u00e9taire de la section PS du 9e arrondissement explique regretter que l\u2019\u00e9vacuation du campement de Jean Mac\u00e9 se soit faite sans proposition de relogement, \u201calors que la quasi-totalit\u00e9 des personnes sont en situation r\u00e9guli\u00e8re.\u201d Et d\u00e9nonce une perte d&rsquo;humanisme ambiante, que la majorit\u00e9 \u00e9cologiste ne parvient pas \u00e0 enrayer.<\/p>\n<p>Pour le socialiste, \u201cd\u00e9placer la mis\u00e8re ne sert \u00e0 rien. Une politique de gauche, alors que l&rsquo;\u00c9tat ne prend pas ses responsabilit\u00e9s, doit assurer la dignit\u00e9 des personnes et des familles.\u201d Une prise de position qui pointe du doigt la favorite de cette \u00e9lection interne.<\/p>\n<p>L\u2019occasion \u00e9galement pour Abdel Kader El Bouni de pr\u00e9ciser qu&rsquo;il porte le texte d\u2019orientation majoritaire \u00e0 Lyon, soutenu par Olivier Faure, et de faire part \u00e0 LyonMag de sa position : \u201cMa strat\u00e9gie, c\u2019est l\u2019union mais pas \u00e0 n\u2019importe quel prix. Il doit y avoir des lignes rouges. Nos lignes rouges sont programmatiques avant toute chose\u201d.<\/p>\n","protected":false},"excerpt":{"rendered":"Alors que le parti socialiste a repouss\u00e9 la d\u00e9signation de son chef de file lyonnais \u00e0 septembre, l\u2019\u00e9vacuation&hellip;\n","protected":false},"author":2,"featured_media":268713,"comment_status":"","ping_status":"","sticky":false,"template":"","format":"standard","meta":{"footnotes":""},"categories":[1889],"tags":[1111,11,2813,2190,2430,1109,251,1112,2811,1777,674,118,1011,27,1922,1110,1114,2428,2810,12,241,316,25,2812,517,800],"class_list":{"0":"post-268712","1":"post","2":"type-post","3":"status-publish","4":"format-standard","5":"has-post-thumbnail","7":"category-lyon","8":"tag-actu","9":"tag-actualites","10":"tag-article","11":"tag-asvel","12":"tag-auvergne-rhone-alpes","13":"tag-breves","14":"tag-culture","15":"tag-depeches","16":"tag-economique","17":"tag-eu","18":"tag-europe","19":"tag-faits-divers","20":"tag-fr","21":"tag-france","22":"tag-info","23":"tag-informations","24":"tag-infos","25":"tag-lyon","26":"tag-lyonmag","27":"tag-news","28":"tag-ol","29":"tag-politique","30":"tag-republique-francaise","31":"tag-sociale","32":"tag-sport","33":"tag-transports"},"share_on_mastodon":{"url":"https:\/\/pubeurope.com\/@fr\/114904109101276208","error":""},"_links":{"self":[{"href":"https:\/\/www.europesays.com\/fr\/wp-json\/wp\/v2\/posts\/268712","targetHints":{"allow":["GET"]}}],"collection":[{"href":"https:\/\/www.europesays.com\/fr\/wp-json\/wp\/v2\/posts"}],"about":[{"href":"https:\/\/www.europesays.com\/fr\/wp-json\/wp\/v2\/types\/post"}],"author":[{"embeddable":true,"href":"https:\/\/www.europesays.com\/fr\/wp-json\/wp\/v2\/users\/2"}],"replies":[{"embeddable":true,"href":"https:\/\/www.europesays.com\/fr\/wp-json\/wp\/v2\/comments?post=268712"}],"version-history":[{"count":0,"href":"https:\/\/www.europesays.com\/fr\/wp-json\/wp\/v2\/posts\/268712\/revisions"}],"wp:featuredmedia":[{"embeddable":true,"href":"https:\/\/www.europesays.com\/fr\/wp-json\/wp\/v2\/media\/268713"}],"wp:attachment":[{"href":"https:\/\/www.europesays.com\/fr\/wp-json\/wp\/v2\/media?parent=268712"}],"wp:term":[{"taxonomy":"category","embeddable":true,"href":"https:\/\/www.europesays.com\/fr\/wp-json\/wp\/v2\/categories?post=268712"},{"taxonomy":"post_tag","embeddable":true,"href":"https:\/\/www.europesays.com\/fr\/wp-json\/wp\/v2\/tags?post=268712"}],"curies":[{"name":"wp","href":"https:\/\/api.w.org\/{rel}","templated":true}]}}