{"id":268716,"date":"2025-07-23T19:06:16","date_gmt":"2025-07-23T19:06:16","guid":{"rendered":"https:\/\/www.europesays.com\/fr\/268716\/"},"modified":"2025-07-23T19:06:16","modified_gmt":"2025-07-23T19:06:16","slug":"de-violents-orages-arrivent-14-departements-en-vigilance-orange-notamment-en-ile-de-france-2","status":"publish","type":"post","link":"https:\/\/www.europesays.com\/fr\/268716\/","title":{"rendered":"De violents orages arrivent, 14 d\u00e9partements en vigilance orange, notamment en Ile-de-France"},"content":{"rendered":"<p>N\u2019oubliez pas vos parapluies, voire restez chez vous. <a href=\"https:\/\/www.20minutes.fr\/dossier\/meteo_france\" class=\"color-ultramarine c-link\" target=\"_blank\" rel=\"noopener\">M\u00e9t\u00e9o-France <\/a>a plac\u00e9 quatorze d\u00e9partements du Bassin <a href=\"https:\/\/www.20minutes.fr\/paris\/\" class=\"color-ultramarine c-link\" target=\"_blank\" rel=\"noopener\">parisien<\/a> en<a href=\"https:\/\/www.20minutes.fr\/planete\/4164456-20250720-orages-six-departements-nord-places-vigilance-orange-dimanche-apres-midi\" class=\"color-ultramarine c-link\" target=\"_blank\" rel=\"noopener\"> vigilance orange<\/a> pour un risque de \u00ab\u00a0pluie-inondation\u00a0\u00bb, dans son dernier bulletin mercredi apr\u00e8s-midi. Elle pr\u00e9voit dans les heures \u00e0 venir un \u00ab\u00a0\u00e9pisode pluvio-orageux provoquant, par endroits, de tr\u00e8s forts cumuls de pr\u00e9cipitations\u00a0\u00bb.<\/p>\n<p class=\"mb-xxl@xs color-ultramarine font-weight-semi-bold@xs font-source-serif-pro heading-s@xs\">L\u2019acc\u00e8s \u00e0 ce contenu a \u00e9t\u00e9 bloqu\u00e9 afin de respecter votre choix de consentement<\/p>\n<p class=\"mb-m@xs text-l@xs\">En cliquant sur\u00ab J\u2019accepte \u00bb, vous acceptez le d\u00e9p\u00f4t de cookies par des services externes et aurez ainsi acc\u00e8s aux contenus de nos partenaires.<\/p>\n<p class=\"mb-xl@xs text-s@xs\">Plus d\u2019informations sur la page<a href=\"https:\/\/www.20minutes.fr\/gestion-cookies\" class=\"mx-xxs@xs color-ultramarine\" target=\"_blank\" rel=\"noopener\">Politique de gestion des cookies<\/a><\/p>\n<p>J\u2019accepte<\/p>\n<p>Les d\u00e9partements <a href=\"https:\/\/www.20minutes.fr\/dossier\/ile-de-france\" class=\"color-ultramarine c-link\" target=\"_blank\" rel=\"noopener\">d\u2019Ile-de-France<\/a>, dont Paris, l\u2019Eure-et-Loir, le Loiret, l\u2019Aube, la Marne, l\u2019Aisne et l\u2019Yonne sont concern\u00e9s. Si les pluies sont pour l\u2019instant d\u2019intensit\u00e9 mod\u00e9r\u00e9e, \u00ab\u00a0elles vont devenir de plus en plus fr\u00e9quentes sur les d\u00e9partements plac\u00e9s en vigilance orange\u00a0\u00bb dans les prochaines heures, alerte l\u2019agence m\u00e9t\u00e9orologique.<\/p>\n<\/p>\n<p>Des cumuls importants<\/p>\n<p>Des cumuls de 40 \u00e0 60\u00a0mm <a href=\"https:\/\/www.20minutes.fr\/planete\/4164731-20250722-bretagne-cote-azur-plages-doivent-fermer-cause-pluie\" class=\"color-ultramarine c-link\" target=\"_blank\" rel=\"noopener\">de pluie<\/a> seront souvent atteints, pr\u00e9cise M\u00e9t\u00e9o-France. Localement, il pourra tomber jusqu\u2019\u00e0 80\u00a0mm de pr\u00e9cipitations. \u00ab\u00a0Cette situation pourrait donc conduire \u00e0 des ph\u00e9nom\u00e8nes de ruissellement et d\u2019inondations, notamment dans les secteurs vuln\u00e9rables\u00a0\u00bb, souligne l\u2019agence m\u00e9t\u00e9orologique, soulignant une probabilit\u00e9 plus marqu\u00e9e que ces forts cumuls aient lieu sur la moiti\u00e9 sud des <a href=\"https:\/\/www.20minutes.fr\/societe\/yvelines\/\" class=\"color-ultramarine c-link\" target=\"_blank\" rel=\"noopener\">Yvelines<\/a>, Paris et sa petite couronne, l\u2019<a href=\"https:\/\/www.20minutes.fr\/societe\/essonne\/\" class=\"color-ultramarine c-link\" target=\"_blank\" rel=\"noopener\">Essonne<\/a> et la Seine-et-Marne.<\/p>\n<p>La vigilance orange sera maintenue jeudi pour les d\u00e9partements concern\u00e9s.<\/p>\n","protected":false},"excerpt":{"rendered":"N\u2019oubliez pas vos parapluies, voire restez chez vous. M\u00e9t\u00e9o-France a plac\u00e9 quatorze d\u00e9partements du Bassin parisien en vigilance&hellip;\n","protected":false},"author":2,"featured_media":268717,"comment_status":"","ping_status":"","sticky":false,"template":"","format":"standard","meta":{"footnotes":""},"categories":[1592],"tags":[1111,47,11,58,1777,674,1011,27,662,4458,3059,2487,2357,12,626,52,4459,2119,25,104],"class_list":{"0":"post-268716","1":"post","2":"type-post","3":"status-publish","4":"format-standard","5":"has-post-thumbnail","7":"category-ile-de-france","8":"tag-actu","9":"tag-actualite","10":"tag-actualites","11":"tag-divertissement","12":"tag-eu","13":"tag-europe","14":"tag-fr","15":"tag-france","16":"tag-ile-de-france","17":"tag-inondation","18":"tag-intemperies","19":"tag-meteo","20":"tag-meteo-france","21":"tag-news","22":"tag-paris","23":"tag-planete","24":"tag-pluie","25":"tag-previsions-meteo","26":"tag-republique-francaise","27":"tag-societe"},"share_on_mastodon":{"url":"https:\/\/pubeurope.com\/@fr\/114904117203652918","error":""},"_links":{"self":[{"href":"https:\/\/www.europesays.com\/fr\/wp-json\/wp\/v2\/posts\/268716","targetHints":{"allow":["GET"]}}],"collection":[{"href":"https:\/\/www.europesays.com\/fr\/wp-json\/wp\/v2\/posts"}],"about":[{"href":"https:\/\/www.europesays.com\/fr\/wp-json\/wp\/v2\/types\/post"}],"author":[{"embeddable":true,"href":"https:\/\/www.europesays.com\/fr\/wp-json\/wp\/v2\/users\/2"}],"replies":[{"embeddable":true,"href":"https:\/\/www.europesays.com\/fr\/wp-json\/wp\/v2\/comments?post=268716"}],"version-history":[{"count":0,"href":"https:\/\/www.europesays.com\/fr\/wp-json\/wp\/v2\/posts\/268716\/revisions"}],"wp:featuredmedia":[{"embeddable":true,"href":"https:\/\/www.europesays.com\/fr\/wp-json\/wp\/v2\/media\/268717"}],"wp:attachment":[{"href":"https:\/\/www.europesays.com\/fr\/wp-json\/wp\/v2\/media?parent=268716"}],"wp:term":[{"taxonomy":"category","embeddable":true,"href":"https:\/\/www.europesays.com\/fr\/wp-json\/wp\/v2\/categories?post=268716"},{"taxonomy":"post_tag","embeddable":true,"href":"https:\/\/www.europesays.com\/fr\/wp-json\/wp\/v2\/tags?post=268716"}],"curies":[{"name":"wp","href":"https:\/\/api.w.org\/{rel}","templated":true}]}}