{"id":268718,"date":"2025-07-23T19:07:11","date_gmt":"2025-07-23T19:07:11","guid":{"rendered":"https:\/\/www.europesays.com\/fr\/268718\/"},"modified":"2025-07-23T19:07:11","modified_gmt":"2025-07-23T19:07:11","slug":"qui-sont-les-recrues-du-mans-fc-feminin-pour-la-prochaine-saison","status":"publish","type":"post","link":"https:\/\/www.europesays.com\/fr\/268718\/","title":{"rendered":"qui sont les recrues du Mans FC f\u00e9minin pour la prochaine saison\u00a0?"},"content":{"rendered":"<p>            Par<br \/>\n        <strong><br \/>\n            <a href=\"https:\/\/actu.fr\/auteur\/aurelien-burban\" title=\"Consulter tous les articles de Aur\u00e9lien Burban\" target=\"_blank\" rel=\"noopener\">Aur\u00e9lien Burban<\/a><br \/>\n        <\/strong><\/p>\n<p>        Publi\u00e9 le<\/p>\n<p>            23 juil. 2025 \u00e0 19h21        <\/p>\n<p>Mardi 22\u00a0juillet 2025, c\u2019\u00e9tait la reprise pour les joueuses de la section f\u00e9minine du\u00a0<b>Mans FC<\/b> (<a href=\"https:\/\/actu.fr\/pays-de-la-loire\/sarthe_72\" target=\"_blank\" rel=\"noopener\">Sarthe<\/a>). Qui dit saison qui d\u00e9marre, dit nouvelles personnes qui rejoignent l\u2019effectif.<\/p>\n<p class=\" wall-content\">Pour cette saison 2025-2026, <b>huit nouvelles footballeuses<\/b> rejoignent le club sarthois. \u00ab\u2009Damien (Bollini, entra\u00eeneur des f\u00e9minines) m\u2019a fait un peu voyager\u2009\u00bb, souligne le pr\u00e9sident, Thierry Gomez.<\/p>\n<p>Une nouvelle gardienne de D3 et deux nouvelles d\u00e9fenseures de D1 au\u00a0Mans FC<\/p>\n<p class=\" wall-content\">Le coach voulait \u00ab\u2009associer l\u2019exp\u00e9rience avec de la jeunesse de grande qualit\u00e9.\u2009\u00bb Tout d\u2019abord, le club fait venir une nouvelle gardienne de but de 22\u00a0ans, <b>Anouck Laisney<\/b>. Form\u00e9e \u00e0 <b>Yzeure<\/b>, elle arrive de <a href=\"https:\/\/actu.fr\/pays-de-la-loire\/la-roche-sur-yon_85191\" target=\"_blank\" rel=\"noopener\">La Roche-sur-Yon<\/a>, quatri\u00e8me de D3, o\u00f9 elle \u00e9voluait depuis 2020. Elle a donc d\u00e9j\u00e0 connu la D2.<\/p>\n<p class=\" wall-content\">Ensuite, <a href=\"https:\/\/actu.fr\/tag\/le-mans-fc\" target=\"_blank\" rel=\"noopener\">Le\u00a0Mans FC<\/a> a recrut\u00e9 deux d\u00e9fenseures. Tout d\u2019abord, <b>Pauline Dechilly<\/b>, piston droit. N\u00e9e \u00e0 <a href=\"https:\/\/actu.fr\/paris\/\" target=\"_blank\" rel=\"noopener\">Paris<\/a> mais rapidement install\u00e9e en <a href=\"https:\/\/actu.fr\/tag\/alsace\" target=\"_blank\" rel=\"noopener\">Alsace<\/a>, elle a fait ses gammes \u00e0 Vendenheim. En parall\u00e8le, elle a int\u00e9gr\u00e9 le p\u00f4le France \u00e0 Clairefontaine puis l\u2019Insep. Par la suite, elle traverse les Vosges pour rejoindre le <a href=\"https:\/\/actu.fr\/tag\/fc-metz-thionville\" target=\"_blank\" rel=\"noopener\">FC Metz<\/a> et \u00e9voluer en D1 pendant deux saisons. Elle reste dans cette division \u00e0 <a href=\"https:\/\/actu.fr\/bourgogne-franche-comte\/dijon_21231\" target=\"_blank\" rel=\"noopener\">Dijon<\/a>, mais elle est \u00e9loign\u00e9e des terrains \u00e0 cause de nombreux p\u00e9pins physiques. Elle a donc rejoint Strasbourg pour se relancer. Elle a \u00e9galement connu toutes les s\u00e9lections de jeunes avec la France\u2009: U16, U17, U19 et U20.<\/p>\n<p class=\" wall-content\">Puis, le club manceau a fait venir une d\u00e9fenseure gauche de 31\u00a0ans, <b>Fanny Hoarau<\/b>. Originaire de <a href=\"https:\/\/actu.fr\/la-reunion\/\" target=\"_blank\" rel=\"noopener\">La R\u00e9union<\/a>, elle a aussi fait un passage en Alsace, \u00e0 <a href=\"https:\/\/actu.fr\/grand-est\/vendenheim_67506\" target=\"_blank\" rel=\"noopener\">Vendenheim<\/a> en D1 apr\u00e8s avoir connu la D2 avec <a href=\"https:\/\/actu.fr\/grand-est\/bischheim_67043\" target=\"_blank\" rel=\"noopener\">Bischeim<\/a>. Depuis, elle a eu onze saisons au compteur en premi\u00e8re division\u2009: \u00e0 <a href=\"https:\/\/actu.fr\/occitanie\/rodez_12202\" target=\"_blank\" rel=\"noopener\">Rodez<\/a>, <a href=\"https:\/\/actu.fr\/bretagne\/guingamp_22070\" target=\"_blank\" rel=\"noopener\">Guingamp<\/a>, Nantes, Le\u00a0Havre puis Strasbourg o\u00f9 elle est devenue capitaine. Elle est \u00e9galement internationale U19, U20 et espoirs.<\/p>\n<p>Trois milieux de terrain, dont une Canadienne, internationale ha\u00eftienne<\/p>\n<p class=\" wall-content\">Form\u00e9e \u00e0 l\u2019<a href=\"https:\/\/actu.fr\/tag\/association-sportive-saint-etienne-asse\" target=\"_blank\" rel=\"noopener\">AS Saint-\u00c9tienne<\/a>, <b>Jade Decilap<\/b>, 23\u00a0ans, \u00e9volue au poste de milieu de terrain. Elle a connu la D2 puis la D3 \u00e0 <a href=\"https:\/\/actu.fr\/grenoble\/\" target=\"_blank\" rel=\"noopener\">Grenoble<\/a> o\u00f9 elle s\u2019est impos\u00e9e comme capitaine. L\u2019an pass\u00e9, elle portait les couleurs du <a href=\"https:\/\/actu.fr\/auvergne-rhone-alpes\/le-puy-en-velay_43157\" target=\"_blank\" rel=\"noopener\">Puy-en-Velay<\/a>\u2009: \u00ab\u2009On la suivait depuis trois ans. Elle \u00e9voluait en D3, mais elle avait le niveau au-dessus.\u2009\u00bb<\/p>\n<p class=\" wall-content\">De son c\u00f4t\u00e9, la jeune <b>Cl\u00e9lia Favennec<\/b>, milieu de terrain, arrive du <a href=\"https:\/\/actu.fr\/tag\/stade-brestois-29\" target=\"_blank\" rel=\"noopener\">Stade brestois<\/a>\u2009: \u00ab\u2009C\u2019est un grand gabarit avec des capacit\u00e9s physiques, techniques et athl\u00e9tiques.\u2009\u00bb<\/p>\n<p class=\" wall-content\"><b>Anyssa Ibrahim<\/b> est une milieu de terrain offensif, internationale ha\u00eftienne, en provenance du <b>Clube de Albergaria<\/b> (Portugal)\u2009: \u00ab\u2009Elle est originaire du <a href=\"https:\/\/actu.fr\/tag\/canada\" target=\"_blank\" rel=\"noopener\">Canada<\/a>, de Montr\u00e9al. Elle peut aussi \u00e9voluer au poste d\u2019attaquante.\u2009\u00bb<\/p>\n<p>Deux attaquantes, dont une internationale marocaine<\/p>\n<p class=\" wall-content\">N\u00e9e \u00e0 <a href=\"https:\/\/actu.fr\/ile-de-france\/montreuil_93048\" target=\"_blank\" rel=\"noopener\">Montreuil<\/a>, <b>Kenza Chapelle <\/b>a int\u00e9gr\u00e9 le centre de formation de l\u2019<a href=\"https:\/\/actu.fr\/corse\/ajaccio_2A004\" target=\"_blank\" rel=\"noopener\">AC Ajaccio<\/a>, puis l\u2019Insep, avant de revenir en r\u00e9gion parisienne \u00e0 <a href=\"https:\/\/actu.fr\/ile-de-france\/saint-maur-des-fosses_94068\" target=\"_blank\" rel=\"noopener\">Saint-Maur-des-Foss\u00e9s<\/a>, en D2. En 2020, elle d\u00e9couvre l\u2019\u00e9lite fran\u00e7aise avec le<b> FC Fleury 91<\/b> face au <a href=\"https:\/\/actu.fr\/tag\/paris-saint-germain-psg\" target=\"_blank\" rel=\"noopener\">PSG<\/a>. Ensuite, elle est pr\u00eat\u00e9e \u00e0 <a href=\"https:\/\/actu.fr\/tag\/fc-nantes\" target=\"_blank\" rel=\"noopener\">Nantes<\/a>, en D2, puis \u00e0 Strasbourg o\u00f9 elle retrouve la D1.<\/p>\n<p class=\" wall-content\">Alors qu\u2019elle a \u00e9volu\u00e9 dans toutes les \u00e9quipes de France de jeunes, des U16 aux U20, Kenza a finalement d\u00e9cid\u00e9 de repr\u00e9senter le <a href=\"http:\/\/actu.fr\/tag\/maroc\" target=\"_blank\" rel=\"noopener\">Maroc<\/a>.<\/p>\n<p class=\" wall-content\">Enfin, <b>Geylissa Marchand<\/b>, est une attaquante arrivant des U19 du\u00a0<a href=\"https:\/\/actu.fr\/tag\/havre-ac-hac\" target=\"_blank\" rel=\"noopener\">Havre AC<\/a>\u2009: \u00ab\u2009Elle a un profil plut\u00f4t athl\u00e9tique, mais elle est capable de prendre la profondeur.\u2009\u00bb<\/p>\n<p class=\" wall-content\">Suivez toute l\u2019actualit\u00e9 de vos villes et m\u00e9dias favoris en vous inscrivant \u00e0 <a href=\"https:\/\/moncompte.actu.fr\" title=\"D\u00e9couvez Mon Actu\" rel=\"nofollow noopener\" data-trk=\"{&quot;cta&quot;:{&quot;action&quot;:&quot;https:\\\/\\\/moncompte.actu.fr&quot;,&quot;category&quot;:&quot;mon compte&quot;,&quot;from&quot;:&quot;article footer&quot;,&quot;name&quot;:&quot;Mon actu&quot;,&quot;type&quot;:&quot;cta&quot;}}\" target=\"_blank\">Mon Actu<\/a>.<\/p>\n","protected":false},"excerpt":{"rendered":"Par Aur\u00e9lien Burban Publi\u00e9 le 23 juil. 2025 \u00e0 19h21 Mardi 22\u00a0juillet 2025, c\u2019\u00e9tait la reprise pour les&hellip;\n","protected":false},"author":2,"featured_media":268719,"comment_status":"","ping_status":"","sticky":false,"template":"","format":"standard","meta":{"footnotes":""},"categories":[1888],"tags":[1111,1928,11,1927,1777,674,63,3236,1011,27,40797,1434,12,1926,626,1925,25,517,60],"class_list":{"0":"post-268718","1":"post","2":"type-post","3":"status-publish","4":"format-standard","5":"has-post-thumbnail","7":"category-paris","8":"tag-actu","9":"tag-actu-paris","10":"tag-actualites","11":"tag-actualites-paris","12":"tag-eu","13":"tag-europe","14":"tag-football","15":"tag-football-feminin","16":"tag-fr","17":"tag-france","18":"tag-le-mans-fc","19":"tag-mercato","20":"tag-news","21":"tag-news-paris","22":"tag-paris","23":"tag-paris-news","24":"tag-republique-francaise","25":"tag-sport","26":"tag-sports"},"share_on_mastodon":{"url":"https:\/\/pubeurope.com\/@fr\/114904120888441491","error":""},"_links":{"self":[{"href":"https:\/\/www.europesays.com\/fr\/wp-json\/wp\/v2\/posts\/268718","targetHints":{"allow":["GET"]}}],"collection":[{"href":"https:\/\/www.europesays.com\/fr\/wp-json\/wp\/v2\/posts"}],"about":[{"href":"https:\/\/www.europesays.com\/fr\/wp-json\/wp\/v2\/types\/post"}],"author":[{"embeddable":true,"href":"https:\/\/www.europesays.com\/fr\/wp-json\/wp\/v2\/users\/2"}],"replies":[{"embeddable":true,"href":"https:\/\/www.europesays.com\/fr\/wp-json\/wp\/v2\/comments?post=268718"}],"version-history":[{"count":0,"href":"https:\/\/www.europesays.com\/fr\/wp-json\/wp\/v2\/posts\/268718\/revisions"}],"wp:featuredmedia":[{"embeddable":true,"href":"https:\/\/www.europesays.com\/fr\/wp-json\/wp\/v2\/media\/268719"}],"wp:attachment":[{"href":"https:\/\/www.europesays.com\/fr\/wp-json\/wp\/v2\/media?parent=268718"}],"wp:term":[{"taxonomy":"category","embeddable":true,"href":"https:\/\/www.europesays.com\/fr\/wp-json\/wp\/v2\/categories?post=268718"},{"taxonomy":"post_tag","embeddable":true,"href":"https:\/\/www.europesays.com\/fr\/wp-json\/wp\/v2\/tags?post=268718"}],"curies":[{"name":"wp","href":"https:\/\/api.w.org\/{rel}","templated":true}]}}