{"id":268730,"date":"2025-07-23T19:13:10","date_gmt":"2025-07-23T19:13:10","guid":{"rendered":"https:\/\/www.europesays.com\/fr\/268730\/"},"modified":"2025-07-23T19:13:10","modified_gmt":"2025-07-23T19:13:10","slug":"donald-trump-empetre-dans-laffaire-epstein","status":"publish","type":"post","link":"https:\/\/www.europesays.com\/fr\/268730\/","title":{"rendered":"Donald Trump emp\u00eatr\u00e9 dans l&rsquo;affaire Epstein"},"content":{"rendered":"<p>            lire plus tard<\/p>\n<p id=\"dialog__title\" class=\"dialog__title\">Pour sauvegarder cet article, connectez-vous ou cr\u00e9ez un compte franceinfo<\/p>\n<p class=\"dialog__description\">Sans paiement. Sans abonnement.<\/p>\n<p>        Fermer la fen\u00eatre d\u2019activation des notifications France Info<\/p>\n<p>            cr\u00e9er votre compte<\/p>\n<p>            se connecter<\/p>\n<p>        Fermer la fen\u00eatre de pr\u00e9sentation<\/p>\n<p>    Publi\u00e9 le 23\/07\/2025 21:04<\/p>\n<p>      Mis \u00e0 jour le 23\/07\/2025 21:05<\/p>\n<p>        Temps de lecture : 2min &#8211; vid\u00e9o : 2min<\/p>\n<p>    <img decoding=\"async\" class=\"francetv-player-wrapper__image\" alt=\"\u00c9tats-Unis : Donald Trump emp\u00eatr\u00e9 dans l'affaire Epstein\"  width=\"432\" height=\"243\" src=\"https:\/\/www.europesays.com\/fr\/wp-content\/uploads\/2025\/07\/donny-688131ff48bdd721124405.jpg\" fetchpriority=\"high\"\/><\/p>\n<p>              \u00c9tats-Unis : Donald Trump emp\u00eatr\u00e9 dans l&rsquo;affaire Epstein<br \/>\n                    (France 2)<\/p>\n<p>      2min<\/p>\n<p>\n  Outre-Atlantique, l&rsquo;affaire Epstein \u00e9branle Donald Trump. Interrog\u00e9 sur ses relations privil\u00e9gi\u00e9es avec l&rsquo;homme d&rsquo;affaires mort en 2019, le pr\u00e9sident des \u00c9tats-Unis a pr\u00e9f\u00e9r\u00e9 s&rsquo;en prendre \u00e0 Barack Obama.\n<\/p>\n<p>Jeffrey Epstein, le fant\u00f4me dont Donald Trump n&rsquo;arrive pas \u00e0 se d\u00e9barrasser. <a target=\"_self\" rel=\"noopener noreferrer nofollow\" href=\"https:\/\/www.franceinfo.fr\/monde\/usa\/presidentielle\/chef-de-gang-coup-d-etat-trahison-interroge-sur-l-affaire-epstein-donald-trump-prefere-s-en-prendre-a-barack-obama_7392904.html\">Nouvel \u00e9pisode de ce feuilleton de l&rsquo;\u00e9t\u00e9 aux \u00c9tats-Unis<\/a> apr\u00e8s la diffusion par CNN de photos exclusives. Tout d&rsquo;abord, un clich\u00e9 qui montre, pour la premi\u00e8re fois, qu&rsquo;Epstein \u00e9tait invit\u00e9 au mariage de Donald Trump avec sa seconde \u00e9pouse Marla Marles. C&rsquo;\u00e9tait en 1993, avant, donc, les premi\u00e8res all\u00e9gations de trafic de mineurs. Six ans plus tard, une vid\u00e9o montre Trump et l&rsquo;homme d&rsquo;affaires complices, main sur l&rsquo;\u00e9paule, lors d&rsquo;un d\u00e9fil\u00e9 de la marque de lingerie Victoria&rsquo;s Secret. Interrog\u00e9 sur ces documents, voici ce que le pr\u00e9sident a r\u00e9pondu \u00e0 Andrew Kaczynski, le journaliste de CNN, qui raconte : \u00ab\u00a0Il a marqu\u00e9 une pause, il a dit : &lsquo;Vous plaisantez ?&rsquo;, et a trait\u00e9 CNN de fake news. Et il m&rsquo;a raccroch\u00e9 au nez.\u00a0\u00bb<\/p>\n<p>Donald Trump est furieux de voir les m\u00e9dias qu&rsquo;il d\u00e9teste se pencher sur sa relation avec le sulfureux Epstein. Pris \u00e0 son propre pi\u00e8ge depuis que son gouvernement a dit ne pas avoir de preuves d&rsquo;une liste secr\u00e8te de clients d&rsquo;Epstein, mort en prison en 2019. Trump avait affirm\u00e9 le contraire pendant sa campagne, assurant que l&rsquo;\u00c9tat prot\u00e9geait des personnalit\u00e9s. \u00ab\u00a0Que cache-t-il ?\u00a0\u00bb, se demandent des manifestants. Sa base aussi crie \u00e0 la trahison. <\/p>\n<p>Alors, Donald Trump tente d&rsquo;allumer des contrefeux. Comme mardi 22 juillet, o\u00f9, interrog\u00e9 sur le scandale, il s&rsquo;en est pris \u00e0 Barack Obama, qu&rsquo;il accuse d&rsquo;avoir tent\u00e9 de truquer l&rsquo;\u00e9lection en 2016 : \u00ab\u00a0C&rsquo;est une chasse aux sorci\u00e8res. Vous devriez plut\u00f4t parler du pr\u00e9sident Obama. Il est coupable.\u00a0\u00bb<\/p>\n<p>\u00ab\u00a0Une man\u0153uvre de diversion ridicule\u00a0\u00bb, r\u00e9pond Obama, pour une fois sorti de sa r\u00e9serve habituelle. \u00ab\u00a0Preuve de la f\u00e9brilit\u00e9 des R\u00e9publicains, le pr\u00e9sident de la chambre des repr\u00e9sentants vient d&rsquo;envoyer les d\u00e9put\u00e9s en vacances un peu plus t\u00f4t que pr\u00e9vu pour \u00e9viter tout vote embarrassant contre Donald Trump\u00a0\u00bb, souligne St\u00e9phanie Perez, envoy\u00e9e sp\u00e9ciale aux \u00c9tats-Unis.<\/p>\n","protected":false},"excerpt":{"rendered":"lire plus tard Pour sauvegarder cet article, connectez-vous ou cr\u00e9ez un compte franceinfo Sans paiement. Sans abonnement. Fermer&hellip;\n","protected":false},"author":2,"featured_media":268731,"comment_status":"","ping_status":"","sticky":false,"template":"","format":"standard","meta":{"footnotes":""},"categories":[1589],"tags":[11,73,1866,12,1864,1865,1863,308],"class_list":{"0":"post-268730","1":"post","2":"type-post","3":"status-publish","4":"format-standard","5":"has-post-thumbnail","7":"category-etats-unis","8":"tag-actualites","9":"tag-etats-unis","10":"tag-etats-unis-damerique","11":"tag-news","12":"tag-united-states","13":"tag-united-states-of-america","14":"tag-us","15":"tag-usa"},"share_on_mastodon":{"url":"https:\/\/pubeurope.com\/@fr\/114904144555901381","error":""},"_links":{"self":[{"href":"https:\/\/www.europesays.com\/fr\/wp-json\/wp\/v2\/posts\/268730","targetHints":{"allow":["GET"]}}],"collection":[{"href":"https:\/\/www.europesays.com\/fr\/wp-json\/wp\/v2\/posts"}],"about":[{"href":"https:\/\/www.europesays.com\/fr\/wp-json\/wp\/v2\/types\/post"}],"author":[{"embeddable":true,"href":"https:\/\/www.europesays.com\/fr\/wp-json\/wp\/v2\/users\/2"}],"replies":[{"embeddable":true,"href":"https:\/\/www.europesays.com\/fr\/wp-json\/wp\/v2\/comments?post=268730"}],"version-history":[{"count":0,"href":"https:\/\/www.europesays.com\/fr\/wp-json\/wp\/v2\/posts\/268730\/revisions"}],"wp:featuredmedia":[{"embeddable":true,"href":"https:\/\/www.europesays.com\/fr\/wp-json\/wp\/v2\/media\/268731"}],"wp:attachment":[{"href":"https:\/\/www.europesays.com\/fr\/wp-json\/wp\/v2\/media?parent=268730"}],"wp:term":[{"taxonomy":"category","embeddable":true,"href":"https:\/\/www.europesays.com\/fr\/wp-json\/wp\/v2\/categories?post=268730"},{"taxonomy":"post_tag","embeddable":true,"href":"https:\/\/www.europesays.com\/fr\/wp-json\/wp\/v2\/tags?post=268730"}],"curies":[{"name":"wp","href":"https:\/\/api.w.org\/{rel}","templated":true}]}}