{"id":268736,"date":"2025-07-23T19:16:13","date_gmt":"2025-07-23T19:16:13","guid":{"rendered":"https:\/\/www.europesays.com\/fr\/268736\/"},"modified":"2025-07-23T19:16:13","modified_gmt":"2025-07-23T19:16:13","slug":"pres-de-40c-leurope-etouffee-par-une-vague-de-chaleur-journal-de-20-heures","status":"publish","type":"post","link":"https:\/\/www.europesays.com\/fr\/268736\/","title":{"rendered":"Pr\u00e8s de 40\u00b0C : l&rsquo;Europe \u00e9touff\u00e9e par une vague de chaleur &#8211; Journal de 20 heures"},"content":{"rendered":"<p id=\"descriptionPanel\" class=\"text-secondary mr-2 line-clamp-2 pr-2.5 overflow-visible\">En France, on observe toutes les temp\u00e9ratures de saison, mais avec plus de 40\u00b0C au sud. Ces intemp\u00e9ries sont la cons\u00e9quence d&rsquo;une goutte froide pr\u00e9sente sur l&rsquo;Europe. C&rsquo;est un ph\u00e9nom\u00e8ne qui produit au m\u00eame moment des chaleurs extr\u00eames en Gr\u00e8ce, au Kosovo, ou en Finlande. Ce 23 juillet, il faisait jusqu&rsquo;\u00e0 33 degr\u00e9s \u00e0 Rovaniemi, mondialement connu pour \u00eatre le village du P\u00e8re No\u00ebl, \u00e0 dix kilom\u00e8tres du cercle polaire. Les pays scandinaves, habitu\u00e9s \u00e0 une vingtaine de degr\u00e9s en \u00e9t\u00e9, sont pass\u00e9s \u00e0 34\u00b0C.<\/p>\n<p>TF1 | Reportage B. CHRISTAL, A. KLY<\/p>\n<p>Afficher la version longue du r\u00e9sum\u00e9<a class=\"shrink-0\" href=\"https:\/\/www.tf1.fr\/tf1\/jt-20h\" target=\"_blank\" rel=\"noopener\"><img decoding=\"async\" src=\"https:\/\/www.europesays.com\/fr\/wp-content\/uploads\/2025\/07\/flux-program-card-portrait-1-jt20h-btcb-f6f521-de0119-4109ab-0@1x.jpg\" width=\"138\" height=\"184\" alt=\"\" loading=\"eager\" fetchpriority=\"auto\" class=\"rounded-3px aspect-[3\/4] h-24 w-auto\" aria-hidden=\"true\"\/><\/a><\/p>\n","protected":false},"excerpt":{"rendered":"En France, on observe toutes les temp\u00e9ratures de saison, mais avec plus de 40\u00b0C au sud. Ces intemp\u00e9ries&hellip;\n","protected":false},"author":2,"featured_media":268737,"comment_status":"","ping_status":"","sticky":false,"template":"","format":"standard","meta":{"footnotes":""},"categories":[1586],"tags":[11,1777,674,3483,3697,1011,27,3699,3698,12,25,3701,3702,3700],"class_list":{"0":"post-268736","1":"post","2":"type-post","3":"status-publish","4":"format-standard","5":"has-post-thumbnail","7":"category-europe","8":"tag-actualites","9":"tag-eu","10":"tag-europe","11":"tag-extrait","12":"tag-extrait-journal-de-20-heures","13":"tag-fr","14":"tag-france","15":"tag-journal-de-20-heures","16":"tag-journal-de-20-heures-extrait","17":"tag-news","18":"tag-republique-francaise","19":"tag-streaming-journal-de-20-heures","20":"tag-video-en-streaming-journal-de-20-heures","21":"tag-video-journal-de-20-heures"},"share_on_mastodon":{"url":"https:\/\/pubeurope.com\/@fr\/114904156333476395","error":""},"_links":{"self":[{"href":"https:\/\/www.europesays.com\/fr\/wp-json\/wp\/v2\/posts\/268736","targetHints":{"allow":["GET"]}}],"collection":[{"href":"https:\/\/www.europesays.com\/fr\/wp-json\/wp\/v2\/posts"}],"about":[{"href":"https:\/\/www.europesays.com\/fr\/wp-json\/wp\/v2\/types\/post"}],"author":[{"embeddable":true,"href":"https:\/\/www.europesays.com\/fr\/wp-json\/wp\/v2\/users\/2"}],"replies":[{"embeddable":true,"href":"https:\/\/www.europesays.com\/fr\/wp-json\/wp\/v2\/comments?post=268736"}],"version-history":[{"count":0,"href":"https:\/\/www.europesays.com\/fr\/wp-json\/wp\/v2\/posts\/268736\/revisions"}],"wp:featuredmedia":[{"embeddable":true,"href":"https:\/\/www.europesays.com\/fr\/wp-json\/wp\/v2\/media\/268737"}],"wp:attachment":[{"href":"https:\/\/www.europesays.com\/fr\/wp-json\/wp\/v2\/media?parent=268736"}],"wp:term":[{"taxonomy":"category","embeddable":true,"href":"https:\/\/www.europesays.com\/fr\/wp-json\/wp\/v2\/categories?post=268736"},{"taxonomy":"post_tag","embeddable":true,"href":"https:\/\/www.europesays.com\/fr\/wp-json\/wp\/v2\/tags?post=268736"}],"curies":[{"name":"wp","href":"https:\/\/api.w.org\/{rel}","templated":true}]}}