{"id":268746,"date":"2025-07-23T19:21:17","date_gmt":"2025-07-23T19:21:17","guid":{"rendered":"https:\/\/www.europesays.com\/fr\/268746\/"},"modified":"2025-07-23T19:21:17","modified_gmt":"2025-07-23T19:21:17","slug":"jon-rahm-milite-pour-que-sergio-garcia-soit-capitaine-a-la-ryder-cup-2031-en-espagne","status":"publish","type":"post","link":"https:\/\/www.europesays.com\/fr\/268746\/","title":{"rendered":"Jon Rahm milite pour que Sergio Garcia soit capitaine \u00e0 la Ryder Cup 2031 en Espagne"},"content":{"rendered":"<p>\t\t\t\t\t\t<img width=\"770\" height=\"556\" src=\"https:\/\/www.europesays.com\/fr\/wp-content\/uploads\/2025\/07\/afp__20250712__2224742303__v3__highres__livgolfandaluciadaytwo-770x556.jpg\" class=\"img-responsive wp-post-image\" alt=\"ANGEL MARTINEZ \/ GETTY IMAGES EUROPE \/ Getty Images via AFP\" decoding=\"async\" fetchpriority=\"high\"  \/>\t\t\t\t\t<\/p>\n<p>\t\t\t\t\t\t Partager cet article <\/p>\n<p class=\"screen-reader-text juiz_sps_maybe_hidden_text\">Partager la publication \u00ab\u00a0Jon Rahm milite pour que Sergio Garcia soit capitaine \u00e0 la Ryder Cup 2031 en Espagne\u00a0\u00bb<\/p>\n<p><strong>Jon Rahm a officiellement annonc\u00e9 \u00eatre en faveur de la nomination de Sergio Garcia au poste de capitaine europ\u00e9en lors de la Ryder Cup 2031, affirmant que ce serait le choix le plus \u00e9vident tout en partageant son immense \u00e9motion \u00e0 l\u2019id\u00e9e de disputer la comp\u00e9tition en Espagne.<\/strong><\/p>\n<p>\t\t\t\t\t<a id=\"178042\" href=\"https:\/\/leclub-golf.com\/fr\/actualites\/team-sud-ouest-vs-team-sud-est-le-duel-de-lete?utm_source=golf+planete&amp;utm_medium=referral&amp;utm_campaign=team+sud&amp;utm_id=team+sud_golf+planete_referral_banner\" target=\"_blank\" rel=\"sponsorised nofollow noopener\"><img decoding=\"async\" src=\"data:image\/svg+xml,%3Csvg%20xmlns=\" http:=\"\" class=\"img-responsive\" alt=\"\" data-lazy-src=\"https:\/\/www.europesays.com\/fr\/wp-content\/uploads\/2025\/07\/leclubgolf-e08-duel-teams-1170x275-1.png\"\/><\/a><\/p>\n<p><a href=\"https:\/\/www.golfplanete.com\/actualites\/ryder-cup-2031-camiral-confirme-comme-parcours-hote\/\" rel=\"nofollow noopener\" target=\"_blank\">La confirmation de la <strong>Ryder Cup<\/strong> 2031 \u00e0 <strong>Camiral<\/strong><\/a>, pr\u00e8s de Barcelone, a fait ressurgir l\u2019enthousiasme des fans espagnols, mais aussi celui de <strong>Jon Rahm<\/strong>.<\/p>\n<p>Le double vainqueur en Majeur n\u2019a pas cach\u00e9 son excitation \u00e0 l\u2019id\u00e9e d\u2019un retour de la comp\u00e9tition \u00e0 domicile, 34 ans apr\u00e8s le sacre europ\u00e9en de <strong>Seve Ballesteros<\/strong> \u00e0 <strong>Valderrama<\/strong>.<\/p>\n<p>\t\t\t\t<img loading=\"lazy\" decoding=\"async\" src=\"data:image\/svg+xml,%3Csvg%20xmlns=\" http:=\"\" attributionsrc=\"\" border=\"0\" height=\"1\" width=\"1\" alt=\"Advertisement\" data-lazy-src=\"https:\/\/www.europesays.com\/fr\/wp-content\/uploads\/2025\/06\/B33661776.421948095;dc_trk_aid=614321628;dc_trk_cid=235413172;ord=[timestamp];dc_lat=;dc_rdid=;tag_f.gif\"\/><\/p>\n<p>\t\t\t\t\t<a id=\"174697\" href=\"https:\/\/ad.doubleclick.net\/ddm\/trackclk\/N6600.3770024GOLFPLANATE\/B33661776.421948095;dc_trk_aid=614321628;dc_trk_cid=235413172;dc_lat=;dc_rdid=;tag_for_child_directed_treatment=;tfua=;gdpr=${GDPR};gdpr_consent=${GDPR_CONSENT_755};ltd=;dc_tdv=1\" target=\"_blank\" rel=\"sponsorised nofollow noopener\"><img decoding=\"async\" src=\"data:image\/svg+xml,%3Csvg%20xmlns=\" http:=\"\" class=\"img-responsive\" alt=\"\" data-lazy-src=\"https:\/\/www.europesays.com\/fr\/wp-content\/uploads\/2025\/06\/amundi-e01-retraite-2506-1170x275-1.jpg\"\/><\/a><br \/>\nRahm porte Garcia en \u00e9tendard<\/p>\n<p>Interrog\u00e9 sur le prochain capitaine europ\u00e9en avant le <strong>LIV Golf UK<\/strong>, Jon Rahm a d\u00e9clar\u00e9 : \u00ab Je pense que faire participer Sergio \u00e0 celle-l\u00e0 serait un choix \u00e9vident.\u00a0\u00bb<\/p>\n<p>Le Basque a assur\u00e9 qu\u2019avoir un capitaine local serait \u00ab ph\u00e9nom\u00e9nal pour le public \u00bb et il fait l\u2019\u00e9loge du r\u00f4le historique de l\u2019Espagne dans l\u2019\u00e9quipe europ\u00e9enne.<\/p>\n<blockquote><p>\nParis et Rome ont \u00e9t\u00e9 si incroyablement sp\u00e9ciales que je n\u2019arriverais pas \u00e0 exprimer ce que j\u2019\u00e9prouverais \u00e0 l\u2019id\u00e9e d\u2019en jouer une en Espagne.\n<\/p><\/blockquote>\n<p>Pour Jon Rahm, participer \u00e0 la Ryder Cup \u00ab \u00e0 domicile \u00bb serait un aboutissement exceptionnel.<\/p>\n<p>\u00ab Ce serait absolument incroyable, non seulement de continuer les Ryder Cups, mais aussi de faire partie et de disputer d\u2019une \u00e9dition \u00e0 la maison. Je ne pense pas pouvoir le d\u00e9crire. Paris et Rome ont \u00e9t\u00e9 si incroyablement sp\u00e9ciales que je n\u2019arriverais pas \u00e0 exprimer ce que j\u2019\u00e9prouverais \u00e0 l\u2019id\u00e9e d\u2019en jouer une en Espagne, a-t-il ajout\u00e9. Le fait de savoir que certaines choses se sont arrang\u00e9es dans le monde du golf, que Sergio pourrait \u00e9ventuellement \u00eatre le capitaine de l\u2019\u00e9quipe de la Ryder Cup, rend cette perspective encore plus sp\u00e9ciale. Je ne sais pas ce que je ressentirai. Il y a certainement une certaine pression qui vient avec, mais ce serait vraiment un r\u00eave qui devient r\u00e9alit\u00e9. \u00bb<\/p>\n<p>\t\t\t\t<img loading=\"lazy\" decoding=\"async\" src=\"data:image\/svg+xml,%3Csvg%20xmlns=\" http:=\"\" attributionsrc=\"\" border=\"0\" height=\"1\" width=\"1\" alt=\"Advertisement\" data-lazy-src=\"https:\/\/www.europesays.com\/fr\/wp-content\/uploads\/2025\/07\/B33047934.411969880;dc_trk_aid=603484932;dc_trk_cid=227659580;ord=[timestamp];dc_lat=;dc_rdid=;tag_f.gif\"\/><\/p>\n<p>\t\t\t\t\t<a id=\"158175\" href=\"https:\/\/ad.doubleclick.net\/ddm\/trackclk\/N1153799.3770024GOLFPLANATE\/B33047934.411969880;dc_trk_aid=603484932;dc_trk_cid=227659580;dc_lat=;dc_rdid=;tag_for_child_directed_treatment=;tfua=;gdpr=${GDPR};gdpr_consent=${GDPR_CONSENT_755};ltd=;dc_tdv=1\" target=\"_blank\" rel=\"sponsorised nofollow noopener\"><img decoding=\"async\" src=\"data:image\/svg+xml,%3Csvg%20xmlns=\" http:=\"\" class=\"img-responsive\" alt=\"\" data-lazy-src=\"https:\/\/www.europesays.com\/fr\/wp-content\/uploads\/2025\/07\/callaway-e01-elyte-driver-1170x275-1.jpg\"\/><\/a><\/p>\n<p>Photo : ANGEL MARTINEZ \/ Getty Images via AFP<\/p>\n","protected":false},"excerpt":{"rendered":"Partager cet article Partager la publication \u00ab\u00a0Jon Rahm milite pour que Sergio Garcia soit capitaine \u00e0 la Ryder&hellip;\n","protected":false},"author":2,"featured_media":268747,"comment_status":"","ping_status":"","sticky":false,"template":"","format":"standard","meta":{"footnotes":""},"categories":[1418],"tags":[1011,27,1472,60],"class_list":{"0":"post-268746","1":"post","2":"type-post","3":"status-publish","4":"format-standard","5":"has-post-thumbnail","7":"category-golf","8":"tag-fr","9":"tag-france","10":"tag-golf","11":"tag-sports"},"share_on_mastodon":{"url":"https:\/\/pubeurope.com\/@fr\/114904175924509504","error":""},"_links":{"self":[{"href":"https:\/\/www.europesays.com\/fr\/wp-json\/wp\/v2\/posts\/268746","targetHints":{"allow":["GET"]}}],"collection":[{"href":"https:\/\/www.europesays.com\/fr\/wp-json\/wp\/v2\/posts"}],"about":[{"href":"https:\/\/www.europesays.com\/fr\/wp-json\/wp\/v2\/types\/post"}],"author":[{"embeddable":true,"href":"https:\/\/www.europesays.com\/fr\/wp-json\/wp\/v2\/users\/2"}],"replies":[{"embeddable":true,"href":"https:\/\/www.europesays.com\/fr\/wp-json\/wp\/v2\/comments?post=268746"}],"version-history":[{"count":0,"href":"https:\/\/www.europesays.com\/fr\/wp-json\/wp\/v2\/posts\/268746\/revisions"}],"wp:featuredmedia":[{"embeddable":true,"href":"https:\/\/www.europesays.com\/fr\/wp-json\/wp\/v2\/media\/268747"}],"wp:attachment":[{"href":"https:\/\/www.europesays.com\/fr\/wp-json\/wp\/v2\/media?parent=268746"}],"wp:term":[{"taxonomy":"category","embeddable":true,"href":"https:\/\/www.europesays.com\/fr\/wp-json\/wp\/v2\/categories?post=268746"},{"taxonomy":"post_tag","embeddable":true,"href":"https:\/\/www.europesays.com\/fr\/wp-json\/wp\/v2\/tags?post=268746"}],"curies":[{"name":"wp","href":"https:\/\/api.w.org\/{rel}","templated":true}]}}