{"id":268748,"date":"2025-07-23T19:23:09","date_gmt":"2025-07-23T19:23:09","guid":{"rendered":"https:\/\/www.europesays.com\/fr\/268748\/"},"modified":"2025-07-23T19:23:09","modified_gmt":"2025-07-23T19:23:09","slug":"pro-d2-le-biarritz-olympique-annonce-une-nouvelle-recrue-mais-elle-nest-pas-sur-le-terrain","status":"publish","type":"post","link":"https:\/\/www.europesays.com\/fr\/268748\/","title":{"rendered":"Pro D2. Le Biarritz Olympique annonce une nouvelle recrue&#8230; mais elle n&rsquo;est pas sur le terrain"},"content":{"rendered":"<p>            Par<br \/>\n        <strong><br \/>\n            <a href=\"https:\/\/actu.fr\/auteur\/anthony-assemat\" title=\"Consulter tous les articles de Anthony Assemat\" target=\"_blank\" rel=\"noopener\">Anthony Assemat<\/a><br \/>\n        <\/strong><\/p>\n<p>        Publi\u00e9 le<\/p>\n<p>            23 juil. 2025 \u00e0 16h53        <\/p>\n<p>Le <a href=\"https:\/\/www.bo-pb.com\/\" target=\"_blank\" rel=\"noopener\">Biarritz Olympique<\/a> poursuit sa restructuration en interne. Mercredi 23 juillet 2025, le club basque a annonc\u00e9 l\u2019arriv\u00e9e d\u2019un nouveau directeur g\u00e9n\u00e9ral, en la personne de <strong>Louis de Baudus.<\/strong> Ce dernier viendra seconder<strong> Cyril Arrosteguy,<\/strong> <a href=\"https:\/\/www.sudouest.fr\/sport\/rugby\/biarritz-olympique\/biarritz-olympique-president-comme-son-pere-qui-est-l-ambitieux-cyril-arrosteguy-24622778.php\" target=\"_blank\" rel=\"noopener\">qui avait remplac\u00e9 \u00e0 la pr\u00e9sidence Arnaud Dubois fin mai<\/a>, qui assurait les fonctions de pr\u00e9sident et de directeur g\u00e9n\u00e9ral. \u00ab\u00a0Cette arriv\u00e9e marque une nouvelle \u00e9tape dans la transformation du club, engag\u00e9e depuis plusieurs semaines autour d\u2019un projet de structuration, d\u2019ambition et de retour au premier plan\u00a0\u00bb, indique le club dans un communiqu\u00e9.<\/p>\n<p class=\" wall-content\">\n<p>\u00ab\u00a0Accompagner le BOPB dans ses challenges\u00a0\u00bb<\/p>\n<p class=\" wall-content\">Dipl\u00f4m\u00e9 de HEC Paris et ancien directeur g\u00e9n\u00e9ral d\u2019Eureka Education, notamment, il entend \u00ab\u00a0consolider les bases d\u2019une gouvernance stable et performante, soutenir la mont\u00e9e en puissance de nos jeunes talents et poser les fondations d\u2019un projet sportif et \u00e9conomique solide, ambitieux et durable.\u00a0\u00bb\u00a0<\/p>\n<p class=\" wall-content\">Cyril Arrosteguy, le pr\u00e9sident, donne \u00e9galement son avis sur la venue de ce nouveau DG :<\/p>\n<blockquote class=\"ac-article-quote wall-content\">\n<p>\u00ab\u00a0Dans une p\u00e9riode o\u00f9 le club se reconstruit sur des bases solides, il est crucial de pouvoir compter sur un dirigeant capable de conjuguer rigueur strat\u00e9gique, vision claire et sens de l\u2019effort. Louis partage notre ambition de faire du BOPB un club \u00e0 la fois performant sportivement, stable \u00e9conomiquement et profond\u00e9ment ancr\u00e9 dans son territoire. Je suis convaincu que son regard neuf, sa culture du r\u00e9sultat et son attachement sinc\u00e8re aux valeurs du rugby seront des atouts pr\u00e9cieux pour accompagner le BOPB dans ses challenges \u00e0 venir\u00a0\u00bb. <\/p>\n<p>    <strong>Cyril Arrosteguy<\/strong><br \/>\n        Pr\u00e9sident du Biarritz Olympique    <\/p><\/blockquote>\n<p>La r\u00e9trogradation\u2026 et le sauvetage du club<\/p>\n<p class=\" wall-content\">Est-ce la fin d\u2019une intersaison tr\u00e8s mouvement\u00e9e sur la C\u00f4te basque ? Le 19 mai dernier, Biarritz avait \u00e9t\u00e9 <strong>r\u00e9trograd\u00e9 administrativement en Nationale et sanctionn\u00e9 de six points de retard.<\/strong> Un mois apr\u00e8s, le BO avait finalement eu gain de cause aupr\u00e8s de la commission d\u2019appel de la FFR, mais d\u00e9buter le championnat avec un retrait de trois points. \u00ab\u00a0Ce maintien, d\u2019abord acquis sportivement sur le terrain, est d\u00e9sormais confirm\u00e9 sur le plan administratif. Il vient valider le travail engag\u00e9 dans un esprit de transparence et de responsabilit\u00e9. Il constitue une \u00e9tape importante pour une institution qui souhaite repartir sur des bases plus saines et construire un avenir plus stable\u00a0\u00bb, avait alors r\u00e9agi le club.<\/p>\n<p class=\" wall-content\">\n<p>Un calendrier dantesque<\/p>\n<p class=\" wall-content\">C\u00f4t\u00e9 terrain, Biarritz, dont le principal soutien financier est <a href=\"https:\/\/fr.wikipedia.org\/wiki\/Pierre-%C3%89douard_St%C3%A9rin\" target=\"_blank\" rel=\"noopener\">le milliardaire Pierre-Edouard Sterin<\/a> via son fonds d\u2019investissement Otium, va donc relever le d\u00e9fi d\u2019un championnat de Pro D2 toujours plus relev\u00e9 chaque ann\u00e9e. 9e la saison pass\u00e9e, le BO devra rapidement \u00eatre pr\u00eat sur le terrain avec un calendrier d\u00e9mentiel qui l\u2019attend : B\u00e9ziers et Brive \u00e0 domicile, Colomiers et Provence Rugby \u00e0 l\u2019ext\u00e9rieur !\u00a0<\/p>\n<p class=\" wall-content\">Si les Basques ont perdu pas mal de joueurs \u00e0 l\u2019intersaison, <a href=\"https:\/\/www.allrugby.com\/dossiers\/mutations-prod2.html\" target=\"_blank\" rel=\"noopener\">il s\u2019est \u00e9galement renforc\u00e9 avec des \u00e9l\u00e9ments d\u2019exp\u00e9rience<\/a> comme l\u2019ancien demi de m\u00eal\u00e9e de l\u2019UBB<strong> Yann Lesgourgues,<\/strong> le 3e ligne de Bayonne<strong> R\u00e9mi Bourdeau<\/strong> ou encore le centre de Colomiers<strong> Dorian Laborde<\/strong>.<\/p>\n<p class=\" wall-content\">Suivez toute l\u2019actualit\u00e9 de vos villes et m\u00e9dias favoris en vous inscrivant \u00e0 <a href=\"https:\/\/moncompte.actu.fr\" title=\"D\u00e9couvez Mon Actu\" rel=\"nofollow noopener\" data-trk=\"{&quot;cta&quot;:{&quot;action&quot;:&quot;https:\\\/\\\/moncompte.actu.fr&quot;,&quot;category&quot;:&quot;mon compte&quot;,&quot;from&quot;:&quot;article footer&quot;,&quot;name&quot;:&quot;Mon actu&quot;,&quot;type&quot;:&quot;cta&quot;}}\" target=\"_blank\">Mon Actu<\/a>.<\/p>\n","protected":false},"excerpt":{"rendered":"Par Anthony Assemat Publi\u00e9 le 23 juil. 2025 \u00e0 16h53 Le Biarritz Olympique poursuit sa restructuration en interne.&hellip;\n","protected":false},"author":2,"featured_media":268749,"comment_status":"","ping_status":"","sticky":false,"template":"","format":"standard","meta":{"footnotes":""},"categories":[1416],"tags":[18318,1011,27,2308,479,1468,60],"class_list":{"0":"post-268748","1":"post","2":"type-post","3":"status-publish","4":"format-standard","5":"has-post-thumbnail","7":"category-rugby","8":"tag-biarritz-olympique","9":"tag-fr","10":"tag-france","11":"tag-pro-d2","12":"tag-rugby","13":"tag-rugby-football","14":"tag-sports"},"share_on_mastodon":{"url":"https:\/\/pubeurope.com\/@fr\/114904183794072606","error":""},"_links":{"self":[{"href":"https:\/\/www.europesays.com\/fr\/wp-json\/wp\/v2\/posts\/268748","targetHints":{"allow":["GET"]}}],"collection":[{"href":"https:\/\/www.europesays.com\/fr\/wp-json\/wp\/v2\/posts"}],"about":[{"href":"https:\/\/www.europesays.com\/fr\/wp-json\/wp\/v2\/types\/post"}],"author":[{"embeddable":true,"href":"https:\/\/www.europesays.com\/fr\/wp-json\/wp\/v2\/users\/2"}],"replies":[{"embeddable":true,"href":"https:\/\/www.europesays.com\/fr\/wp-json\/wp\/v2\/comments?post=268748"}],"version-history":[{"count":0,"href":"https:\/\/www.europesays.com\/fr\/wp-json\/wp\/v2\/posts\/268748\/revisions"}],"wp:featuredmedia":[{"embeddable":true,"href":"https:\/\/www.europesays.com\/fr\/wp-json\/wp\/v2\/media\/268749"}],"wp:attachment":[{"href":"https:\/\/www.europesays.com\/fr\/wp-json\/wp\/v2\/media?parent=268748"}],"wp:term":[{"taxonomy":"category","embeddable":true,"href":"https:\/\/www.europesays.com\/fr\/wp-json\/wp\/v2\/categories?post=268748"},{"taxonomy":"post_tag","embeddable":true,"href":"https:\/\/www.europesays.com\/fr\/wp-json\/wp\/v2\/tags?post=268748"}],"curies":[{"name":"wp","href":"https:\/\/api.w.org\/{rel}","templated":true}]}}