{"id":268756,"date":"2025-07-23T19:29:12","date_gmt":"2025-07-23T19:29:12","guid":{"rendered":"https:\/\/www.europesays.com\/fr\/268756\/"},"modified":"2025-07-23T19:29:12","modified_gmt":"2025-07-23T19:29:12","slug":"tdf-tour-de-france-tadej-pogacar-on-ne-cherche-pas-a-etre-arrogants","status":"publish","type":"post","link":"https:\/\/www.europesays.com\/fr\/268756\/","title":{"rendered":"TDF. Tour de France &#8211; Tadej Pogacar : \u00abOn ne cherche pas \u00e0 \u00eatre arrogants&#8230;\u00bb"},"content":{"rendered":"<p>Journ\u00e9e de transition pass\u00e9e sans souci pour <strong>Tadej Pogacar<\/strong> (UAE Team Emirates-XRG) ! Le porteur du maillot Jaune du <strong><a href=\"https:\/\/www.cyclismactu.net\/..\/news-tdf-route-tour-de-france-marc-madiot-on-n-est-pas-la-pour-prix-de-combativite-89174.html\" target=\"_blank\" rel=\"nofollow noopener\">Tour de France<\/a><\/strong>\u00a0a \u00e9vit\u00e9 les pi\u00e8ges et les chutes ce mercredi \u00e0 l&rsquo;occasion d&rsquo;une 17e \u00e9tape promise aux sprinteurs mais qui a \u00e9t\u00e9 marqu\u00e9e par une pluie intense sur Valence. Le final s&rsquo;est donc d\u00e9roul\u00e9 sur des routes d\u00e9tremp\u00e9es, et forc\u00e9ment, la tension \u00e9tait \u00e0 son comble dans les derniers kilom\u00e8tres, avec une grosse chute sous la flamme rouge. Le champion du monde a pu passer au travers sans encombre et peut donc se projeter avec envie sur les deux grosses \u00e9tapes alpestres \u00e0 venir, avec pour commencer le fameux col de la Loze o\u00f9 il a une revanche \u00e0 prendre par rapport \u00e0 sa d\u00e9faillance en 2023 (m\u00eame si ce ne sera pas pas le m\u00eame versant)&#8230;<\/p>\n<p>\u00a0<\/p>\n<p>\u00ab\u00a0Certains devraient se calmer et feraient mieux de se taire\u00a0\u00bb<\/p>\n<p>\u00ab\u00a0La journ\u00e9e a \u00e9t\u00e9 relativement calme, mais pas facile pour autant, car c\u2019\u00e9tait rapide et il y a eu du mauvais temps \u00e0 la fin. Je suis content que l\u2019\u00e9tape soit termin\u00e9e et que nous soyons tous arriv\u00e9s sans encombre\u00a0\u00bb, a tout d&rsquo;abord r\u00e9sum\u00e9 le Slov\u00e8ne, avant d&rsquo;aborder la suite. \u00ab\u00a0Le mauvais temps est l\u00e0 et les prochains jours ne devraient pas \u00eatre beaucoup mieux. Normalement \u00e7a me convient bien, m\u00eame si au final je pr\u00e9f\u00e8re le soleil. L\u2019objectif est de garder le Maillot Jaune, rien d\u2019autre. Pour demain, on peut s\u2019attendre \u00e0 ce que Visma tente d\u2019entrer dans l\u2019\u00e9chapp\u00e9e et monte chaque col \u00e0 bloc. Plus tard, au Col de la Loze, ils feront tout pour me l\u00e2cher. Je serai pr\u00eat \u00e0 affronter tout ce qui se pr\u00e9sentera. Je connais La Loze, c\u2019est une mont\u00e9e magnifique, et parmi les plus dures que j\u2019aie jamais faites. Peut-\u00eatre que ce versant est un peu moins infernal que celui qu\u2019on a grimp\u00e9 en 2023&#8230;\u00a0\u00bb, a esp\u00e9r\u00e9\u00a0<strong>Tadej Pogacar<\/strong>.<\/p>\n<p>Lors d&rsquo;une autre interview d&rsquo;apr\u00e8s-course, le maillot Jaune a \u00e9galement eu l&rsquo;occasion de revenir sur la pol\u00e9mique qui enfle ces derniers jours autour de lui et de son \u00e9quipe <strong>UAE Team Emirates-XRG<\/strong>, accus\u00e9s de faire preuve d&rsquo;arrogance envers le reste des \u00e9quipes et des coureurs du peloton. Des accusations qui font suite \u00e0 certaines de ses d\u00e9clarations, mais aussi au comportement de ses co\u00e9quipiers pour contr\u00f4ler la course, \u00e0 l&rsquo;image de Nils Politt mardi vers le Ventoux. \u00ab\u00a0Je pense que certains devraient se calmer et feraient mieux de se taire, \u00e0 mon avis\u00a0\u00bb, a r\u00e9pondu s\u00e8chement le Slov\u00e8ne, visiblement pas content du tout des bruits qui court \u00e0 ce sujet.<\/p>\n<p>\u00ab\u00a0\u00c7a peut sembler super arrogant de dire \u00e7a, mais bon&#8230;\u00a0L&rsquo;arrogance est une chose, essayer de gagner le Tour de France en est une autre.\u00a0On ne cherche pas \u00e0 \u00eatre arrogants, on essaie juste de se rendre la course la plus facile possible pour gagner.\u00a0Beaucoup de coureurs peuvent nous voir comme arrogants, comme hier, quand on a essay\u00e9 de calmer les choses quand on l&rsquo;a voulu, parce qu&rsquo;on est l&rsquo;\u00e9quipe qui doit contr\u00f4ler chaque kilom\u00e8tre de cette course\u00a0\u00bb, a-t-il conclu. Une d\u00e9claration qui ne devrait encore une fois pas passer inaper\u00e7u&#8230;<\/p>\n<p>Tour de France &#8211; Classement de la 17\u00e8 \u00e9tape Tour de France &#8211; Classement g\u00e9n\u00e9ral provisoire apr\u00e8s la 17\u00e8 \u00e9tape<\/p>\n","protected":false},"excerpt":{"rendered":"Journ\u00e9e de transition pass\u00e9e sans souci pour Tadej Pogacar (UAE Team Emirates-XRG) ! Le porteur du maillot Jaune&hellip;\n","protected":false},"author":2,"featured_media":268757,"comment_status":"","ping_status":"","sticky":false,"template":"","format":"standard","meta":{"footnotes":""},"categories":[1411],"tags":[1154,207,211,1011,27,209,60,210,212,208,213],"class_list":{"0":"post-268756","1":"post","2":"type-post","3":"status-publish","4":"format-standard","5":"has-post-thumbnail","7":"category-cyclisme","8":"tag-cycling","9":"tag-cyclisme","10":"tag-ffc","11":"tag-fr","12":"tag-france","13":"tag-route","14":"tag-sports","15":"tag-tour-de-france","16":"tag-uci","17":"tag-velo","18":"tag-world-tour"},"share_on_mastodon":{"url":"https:\/\/pubeurope.com\/@fr\/114904207654491375","error":""},"_links":{"self":[{"href":"https:\/\/www.europesays.com\/fr\/wp-json\/wp\/v2\/posts\/268756","targetHints":{"allow":["GET"]}}],"collection":[{"href":"https:\/\/www.europesays.com\/fr\/wp-json\/wp\/v2\/posts"}],"about":[{"href":"https:\/\/www.europesays.com\/fr\/wp-json\/wp\/v2\/types\/post"}],"author":[{"embeddable":true,"href":"https:\/\/www.europesays.com\/fr\/wp-json\/wp\/v2\/users\/2"}],"replies":[{"embeddable":true,"href":"https:\/\/www.europesays.com\/fr\/wp-json\/wp\/v2\/comments?post=268756"}],"version-history":[{"count":0,"href":"https:\/\/www.europesays.com\/fr\/wp-json\/wp\/v2\/posts\/268756\/revisions"}],"wp:featuredmedia":[{"embeddable":true,"href":"https:\/\/www.europesays.com\/fr\/wp-json\/wp\/v2\/media\/268757"}],"wp:attachment":[{"href":"https:\/\/www.europesays.com\/fr\/wp-json\/wp\/v2\/media?parent=268756"}],"wp:term":[{"taxonomy":"category","embeddable":true,"href":"https:\/\/www.europesays.com\/fr\/wp-json\/wp\/v2\/categories?post=268756"},{"taxonomy":"post_tag","embeddable":true,"href":"https:\/\/www.europesays.com\/fr\/wp-json\/wp\/v2\/tags?post=268756"}],"curies":[{"name":"wp","href":"https:\/\/api.w.org\/{rel}","templated":true}]}}