{"id":268758,"date":"2025-07-23T19:30:12","date_gmt":"2025-07-23T19:30:12","guid":{"rendered":"https:\/\/www.europesays.com\/fr\/268758\/"},"modified":"2025-07-23T19:30:12","modified_gmt":"2025-07-23T19:30:12","slug":"ce-que-sera-le-classement-final-de-la-ligue-2-2025-26-selon-chatgpt","status":"publish","type":"post","link":"https:\/\/www.europesays.com\/fr\/268758\/","title":{"rendered":"Ce que sera le classement final de la Ligue 2 2025-26 selon ChatGPT"},"content":{"rendered":"<p><img fetchpriority=\"high\" decoding=\"async\" width=\"620\" height=\"413\" src=\"https:\/\/www.europesays.com\/fr\/wp-content\/uploads\/2025\/04\/Maillots-Ligue-2-1-620x413.jpeg\" alt=\"Ce que sera le classement final de la Ligue 2 2025-26 selon ChatGPT\" class=\"wp-image-344502\"  \/>Il y a encore beaucoup d\u2019incertitudes en Ligue 2 en commen\u00e7ant par l\u2019identit\u00e9 des 18 \u00e9quipes du championnat.<\/p>\n<p>Dans 17 jours, le 9 ao\u00fbt d\u00e9butera le championnat de France de <a href=\"https:\/\/sportune.20minutes.fr\/ligue-2-l2\" rel=\"nofollow noopener\" target=\"_blank\">Ligue 2<\/a> saison 2025-2026 et \u00e0 ce stade p\u00e8se toujours une lourde incertitude sur l\u2019identit\u00e9 des clubs qui s\u2019affronteront. Elle concerne l\u2019<a href=\"https:\/\/sportune.20minutes.fr\/ac-ajaccio\" rel=\"nofollow noopener\" target=\"_blank\">AC Ajaccio<\/a> que la Direction nationale de contr\u00f4le de gestion a frapp\u00e9 d\u2019une rel\u00e9gation administrative, une sanction qu\u2019elle a renouvel\u00e9 en appel. Il reste encore un possible recours devant le CNOSF pour le club corse, qui ne l\u2019a pas encore formul\u00e9. <\/p>\n<p>Dans cette attente et si la situation demeure tel quelle, l\u2019US Boulogne sera promu dans l\u2019antichambre de l\u2019\u00e9lite, avec ses anciens camarades de promotion du National, <a href=\"https:\/\/sportune.20minutes.fr\/le-mans-fc\" rel=\"nofollow noopener\" target=\"_blank\">Le Mans FC<\/a> et l\u2019<a href=\"https:\/\/sportune.20minutes.fr\/as-nancy-lorraine-asnl\" rel=\"nofollow noopener\" target=\"_blank\">AS Nancy Lorraine<\/a>. Pour ces trois l\u00e0, l\u2019exercice \u00e0 venir sera forc\u00e9ment compliqu\u00e9. L\u2019intelligence artificielle ChatGPT en est \u00e0 ce point convaincue, qu\u2019elle glisse les trois promus aux trois derni\u00e8res places dans son classement final pr\u00e9dictif de ce championnat de <a href=\"https:\/\/sportune.20minutes.fr\/ligue-2-l2\" rel=\"nofollow noopener\" target=\"_blank\">Ligue 2<\/a>.<\/p>\n<p>Un classement sans v\u00e9ritables surprises<\/p>\n<p>Et inversement, les trois rel\u00e9gu\u00e9s de la <a href=\"https:\/\/sportune.20minutes.fr\/ligue-1-l1\" rel=\"nofollow noopener\" target=\"_blank\">Ligue 1<\/a> se disputeront le podium et en particulier, les deux premi\u00e8res places synonymes de retour dans l\u2019\u00e9lite. Rien que du tr\u00e8s logique non, mais ChatGPT avance \u00e0 leur sujet : \u00ab\u00a0Montpellier a un effectif et une formation jeunes solides. Si Zoumana Camara r\u00e9ussit \u00e0 structurer son projet, c\u2019est une \u00e9quipe de haut de tableau.\u00a0\u00bb \u00ab\u00a0Saint-\u00c9tienne a l\u2019inertie et la ferveur pour rebondir, mais tout d\u00e9pendra de la dynamique de l\u2019automne.\u00a0\u00bb Quant au <a href=\"https:\/\/sportune.20minutes.fr\/stade-de-reims\" rel=\"nofollow noopener\" target=\"_blank\">Stade de Reims<\/a> : \u00ab\u00a0Reims, malgr\u00e9 une bonne base, pourrait mettre plus de temps \u00e0 dig\u00e9rer la descente que les deux autres rel\u00e9gu\u00e9s.\u00a0\u00bb<\/p>\n<p>Derri\u00e8re, l\u2019IA argumente pour trois clubs : \u00ab\u00a0Guingamp est une \u00e9quipe qui progresse lentement mais s\u00fbrement\u00a0\u00bb et \u00ab\u00a0Grenoble et Bastia sont tr\u00e8s solides en L2, bien implant\u00e9s.\u00a0\u00bb Quant \u00e0 l\u2019<a href=\"https:\/\/sportune.20minutes.fr\/ac-ajaccio\" rel=\"nofollow noopener\" target=\"_blank\">AC Ajaccio<\/a>, s\u2019il est finalement maintenu en <a href=\"https:\/\/sportune.20minutes.fr\/ligue-2-l2\" rel=\"nofollow noopener\" target=\"_blank\">Ligue 2<\/a>, ChatGPT ne l\u2019imagine pas sombrer sportivement. Ajaccio, s\u2019il est r\u00e9int\u00e9gr\u00e9, serait probablement class\u00e9 autour de la 15e place.\u00a0\u00bb Verdict le vendredi 8 mai 2026 pour la derni\u00e8re journ\u00e9e.<\/p>\n<p>Ce que sera le classement final de la Ligue 2 2025-26 selon ChatGPT<\/p>\n<p>Montpellier HSC<br \/>AS Saint-\u00c9tienne<br \/>Stade de Reims<br \/>EA Guingamp<br \/>Grenoble Foot 38<br \/>SC Bastia<br \/>ESTAC Troyes<br \/>Stade lavallois<br \/>Amiens SC<br \/>Red Star FC<br \/>Rodez AF<br \/>FC Annecy<br \/>Pau FC<br \/>USL Dunkerque<br \/>Clermont Foot 63<br \/>Le Mans FC<br \/>AS Nancy-Lorraine<br \/>US Boulogne<\/p>\n","protected":false},"excerpt":{"rendered":"Il y a encore beaucoup d\u2019incertitudes en Ligue 2 en commen\u00e7ant par l\u2019identit\u00e9 des 18 \u00e9quipes du championnat.&hellip;\n","protected":false},"author":2,"featured_media":572,"comment_status":"","ping_status":"","sticky":false,"template":"","format":"standard","meta":{"footnotes":""},"categories":[1410],"tags":[40798,461,33977,19062,40799,63,1011,27,21780,463,40800,5416,40801,5628,60,464,40802,40803],"class_list":{"0":"post-268758","1":"post","2":"type-post","3":"status-publish","4":"format-standard","5":"has-post-thumbnail","7":"category-football","8":"tag-amiens-sc","9":"tag-asse","10":"tag-clermont-foot","11":"tag-ea-guingamp","12":"tag-estac","13":"tag-football","14":"tag-fr","15":"tag-france","16":"tag-gf38","17":"tag-mhsc","18":"tag-pau-fc","19":"tag-red-star","20":"tag-rodez-af","21":"tag-sc-bastia","22":"tag-sports","23":"tag-stade-de-reims","24":"tag-stade-lavallois","25":"tag-usl-dunkerque"},"share_on_mastodon":{"url":"https:\/\/pubeurope.com\/@fr\/114904211326499037","error":""},"_links":{"self":[{"href":"https:\/\/www.europesays.com\/fr\/wp-json\/wp\/v2\/posts\/268758","targetHints":{"allow":["GET"]}}],"collection":[{"href":"https:\/\/www.europesays.com\/fr\/wp-json\/wp\/v2\/posts"}],"about":[{"href":"https:\/\/www.europesays.com\/fr\/wp-json\/wp\/v2\/types\/post"}],"author":[{"embeddable":true,"href":"https:\/\/www.europesays.com\/fr\/wp-json\/wp\/v2\/users\/2"}],"replies":[{"embeddable":true,"href":"https:\/\/www.europesays.com\/fr\/wp-json\/wp\/v2\/comments?post=268758"}],"version-history":[{"count":0,"href":"https:\/\/www.europesays.com\/fr\/wp-json\/wp\/v2\/posts\/268758\/revisions"}],"wp:featuredmedia":[{"embeddable":true,"href":"https:\/\/www.europesays.com\/fr\/wp-json\/wp\/v2\/media\/572"}],"wp:attachment":[{"href":"https:\/\/www.europesays.com\/fr\/wp-json\/wp\/v2\/media?parent=268758"}],"wp:term":[{"taxonomy":"category","embeddable":true,"href":"https:\/\/www.europesays.com\/fr\/wp-json\/wp\/v2\/categories?post=268758"},{"taxonomy":"post_tag","embeddable":true,"href":"https:\/\/www.europesays.com\/fr\/wp-json\/wp\/v2\/tags?post=268758"}],"curies":[{"name":"wp","href":"https:\/\/api.w.org\/{rel}","templated":true}]}}