{"id":268759,"date":"2025-07-23T19:31:12","date_gmt":"2025-07-23T19:31:12","guid":{"rendered":"https:\/\/www.europesays.com\/fr\/268759\/"},"modified":"2025-07-23T19:31:12","modified_gmt":"2025-07-23T19:31:12","slug":"mayer-secret-story-au-plus-mal-linquietant-message-de-son-ami-damien","status":"publish","type":"post","link":"https:\/\/www.europesays.com\/fr\/268759\/","title":{"rendered":"Mayer (Secret Story) au plus mal ? L\u2019inqui\u00e9tant message de son ami, Damien"},"content":{"rendered":"<p>      R\u00e9sum\u00e9<\/p>\n<p>Mayer a quitt\u00e9 Secret Story pour prot\u00e9ger sa sant\u00e9 mentale, et son ami Damien \u00e9voque actuellement une phase difficile n\u00e9cessitant du recul, suscitant l\u2019inqui\u00e9tude des fans.<\/p>\n<p>        Sommaire<\/p>\n<p>L&rsquo;aventure \u00ab\u00a0Secret Story\u00a0\u00bb bat son plein. Et contre toute attente, iy a quelques jours, Mayer a pris tout le monde de court en quittant volontairement l\u2019aventure. Face aux nombreuses interrogations, le jeune homme s\u2019est exprim\u00e9 d\u00e8s le lendemain pour expliquer les raisons de son d\u00e9part, notamment li\u00e9es \u00e0 sa sant\u00e9 mentale. Et c\u2019est aujourd\u2019hui son ami proche, Damien, qui sort du silence. Et ses propos inqui\u00e8tent les fans.<\/p>\n<p>Une d\u00e9cision inattendue mais assum\u00e9e<\/p>\n<p>C\u2019est un moment fort de cette saison de Secret Story : Mayer a d\u00e9cid\u00e9 de quitter la maison volontairement, sans \u00eatre \u00e9limin\u00e9. Une sortie qui a provoqu\u00e9 de nombreuses r\u00e9actions sur les r\u00e9seaux sociaux, tant le candidat \u00e9tait appr\u00e9ci\u00e9 pour sa sensibilit\u00e9 et son authenticit\u00e9.<\/p>\n<p>Au lendemain de sa sortie, <a href=\"https:\/\/www.public.fr\/mayer-secret-story-annonce-a-son-tour-quil-ne-fera-pas-dautre-emission-de-tele-realite\" target=\"_blank\" rel=\"noopener\">Mayer a pris la parole publiquement pour expliquer sa d\u00e9cision<\/a>. Dans un message touchant, il a \u00e9voqu\u00e9 sa sant\u00e9 mentale comme principale raison de son d\u00e9part :<\/p>\n<blockquote class=\"wp-block-quote is-layout-flow wp-block-quote-is-layout-flow\">\n<p>\u00ab J\u2019ai atteint une limite que je ne pouvais plus ignorer. J\u2019ai pr\u00e9f\u00e9r\u00e9 me retirer pour me pr\u00e9server. \u00bb<br \/>Une d\u00e9claration qui a suscit\u00e9 beaucoup de respect et de soutien de la part du public.<\/p>\n<p>Damien prend la parole\u2026 et s\u00e8me l\u2019inqui\u00e9tude<\/p>\n<p>D\u00e8s leur sortie de l&rsquo;aventure, les anciens candidats se plaisaient visiblement \u00e0 passer du temps ensemble. Adrien et Pimprenelle qui avaient mis un terme \u00e0 leur br\u00e8ve idylle, ont ainsi \u00e9t\u00e9 aper\u00e7us ensemble \u00e0 plusieurs reprises dans les rues de Paris.<\/p>\n<p>Mayer de son c\u00f4t\u00e9, a \u00e9t\u00e9 r\u00e9cemment aper\u00e7u aux c\u00f4t\u00e9s de son ami Damien. Et face aux messages envoy\u00e9s par les internautes, ce dernier a publi\u00e9 un message \u00e9nigmatique \u2014 et quelque peu alarmant \u2014 sur Instagram. Dans une story, il \u00e9crit :<\/p>\n<blockquote class=\"wp-block-quote is-layout-flow wp-block-quote-is-layout-flow\">\n<p>\u00ab J&rsquo;ai bien vu tous vos messages et bien \u00e9videmment, vous avez tous devin\u00e9 avec qui j&rsquo;\u00e9tais, mais il a encore besoin de prendre du recul sur la situation. Donc vous allez devoir attendre avant de nous revoir ensemble, soyez patients. \u00bb<\/p>\n<\/blockquote>\n<p>Un message qui laisse entendre que Mayer traverse toujours une p\u00e9riode difficile et qu\u2019il n\u2019est pas encore pr\u00eat \u00e0 revenir sur le devant de la sc\u00e8ne \u2014 m\u00eame aux c\u00f4t\u00e9s de ses proches. Cette prise de parole a rapidement enflamm\u00e9 les r\u00e9seaux sociaux, o\u00f9 les fans s\u2019inqui\u00e8tent pour le bien-\u00eatre du jeune homme.<\/p>\n<p><img loading=\"lazy\" decoding=\"async\" width=\"584\" height=\"1016\" src=\"https:\/\/www.europesays.com\/fr\/wp-content\/uploads\/2025\/07\/Capture-decran-2025-07-23-a-19.33.28.png\" alt=\"Mayer (Secret Story) au plus mal ? L\u2019inqui\u00e9tant message de son ami, Damien\"  \/><\/p>\n<\/blockquote>\n<p>      Mentionn\u00e9s dans cet article<\/p>\n<p>\u00c0 lire aussi<\/p>\n","protected":false},"excerpt":{"rendered":"R\u00e9sum\u00e9 Mayer a quitt\u00e9 Secret Story pour prot\u00e9ger sa sant\u00e9 mentale, et son ami Damien \u00e9voque actuellement une&hellip;\n","protected":false},"author":2,"featured_media":268760,"comment_status":"","ping_status":"","sticky":false,"template":"","format":"standard","meta":{"footnotes":""},"categories":[1359],"tags":[58,59,1011,27,22247,973,29901],"class_list":{"0":"post-268759","1":"post","2":"type-post","3":"status-publish","4":"format-standard","5":"has-post-thumbnail","7":"category-people","8":"tag-divertissement","9":"tag-entertainment","10":"tag-fr","11":"tag-france","12":"tag-mayer","13":"tag-people","14":"tag-secret-story"},"share_on_mastodon":{"url":"https:\/\/pubeurope.com\/@fr\/114904215305165708","error":""},"_links":{"self":[{"href":"https:\/\/www.europesays.com\/fr\/wp-json\/wp\/v2\/posts\/268759","targetHints":{"allow":["GET"]}}],"collection":[{"href":"https:\/\/www.europesays.com\/fr\/wp-json\/wp\/v2\/posts"}],"about":[{"href":"https:\/\/www.europesays.com\/fr\/wp-json\/wp\/v2\/types\/post"}],"author":[{"embeddable":true,"href":"https:\/\/www.europesays.com\/fr\/wp-json\/wp\/v2\/users\/2"}],"replies":[{"embeddable":true,"href":"https:\/\/www.europesays.com\/fr\/wp-json\/wp\/v2\/comments?post=268759"}],"version-history":[{"count":0,"href":"https:\/\/www.europesays.com\/fr\/wp-json\/wp\/v2\/posts\/268759\/revisions"}],"wp:featuredmedia":[{"embeddable":true,"href":"https:\/\/www.europesays.com\/fr\/wp-json\/wp\/v2\/media\/268760"}],"wp:attachment":[{"href":"https:\/\/www.europesays.com\/fr\/wp-json\/wp\/v2\/media?parent=268759"}],"wp:term":[{"taxonomy":"category","embeddable":true,"href":"https:\/\/www.europesays.com\/fr\/wp-json\/wp\/v2\/categories?post=268759"},{"taxonomy":"post_tag","embeddable":true,"href":"https:\/\/www.europesays.com\/fr\/wp-json\/wp\/v2\/tags?post=268759"}],"curies":[{"name":"wp","href":"https:\/\/api.w.org\/{rel}","templated":true}]}}