{"id":268761,"date":"2025-07-23T19:32:12","date_gmt":"2025-07-23T19:32:12","guid":{"rendered":"https:\/\/www.europesays.com\/fr\/268761\/"},"modified":"2025-07-23T19:32:12","modified_gmt":"2025-07-23T19:32:12","slug":"rater-mieux-rater-encore-plus-mal-lart-du-kitsch-2","status":"publish","type":"post","link":"https:\/\/www.europesays.com\/fr\/268761\/","title":{"rendered":"Rater mieux, rater encore plus mal\u00a0: l\u2019art du kitsch"},"content":{"rendered":"<p style=\"text-align:start\">S\u2019il n\u2019est peut-\u00eatre pas faux de dire que <strong>le kitsch est omnipr\u00e9sent dans notre monde contemporain<\/strong>, ce n\u2019est pas que la possibilit\u00e9 ne nous soit plus offerte d\u2019exp\u00e9riences enti\u00e8rement \u00e9trang\u00e8res au kitsch, c\u2019est que celui-ci est toujours susceptible de surgir \u00e0 l\u2019improviste ou de projeter son ombre n\u2019importe o\u00f9. Quel que soit le champ o\u00f9 on se situe, artistique, social, \u00e9conomique, politique ou religieux, on court le risque de glisser ou de culbuter vers lui, avec innocence ou lucidit\u00e9, tendresse ou ironie, par provocation ou par instinct, sentimentalisme ou d\u00e9magogie.<\/p>\n<p style=\"text-align:start\">Des <strong>outrances <\/strong>effroyablement sirupeuses de la\u00a0campagne \u00e9lectorale de Donald\u00a0Trump, aux bigarrures de la\u00a0derni\u00e8re collection de Miuccia\u00a0Prada, o\u00f9 la transgression des codes du luxe se veut aussi leur parodie, de l\u2019orientalo-hell\u00e9nisme ploutocratique de\u00a0l\u2019Atlantis de Duba\u00ef\u00a0au romano-byzantinisme mystique de la basilique du Sacr\u00e9-C\u0153ur \u00e0 Montmartre, d\u2019Andr\u00e9\u00a0Rieu \u00e0 Richard\u00a0Wagner (exemple d\u2019un \u00ab\u00a0kitsch g\u00e9nial\u00a0\u00bb, selon Hermann\u00a0Broch), de la Barbie\u00a0\u00ab\u00a0western rose\u00a0\u00bb\u00a0en vente dans un\u00a0mall\u00a0de Miami ou de Manilla au\u00a0Barbie (2023), de Greta Gerwig\u00a0o\u00f9 l\u2019univers de la poup\u00e9e de Mattel investit l\u2019\u00e9cran d\u2019une mani\u00e8re si litt\u00e9rale qu\u2019il en \u00e9veille de mani\u00e8re \u00e9tonnante une forme de r\u00e9flexivit\u00e9\u2026<\/p>\n<p style=\"text-align:start\">Les positions monolithiques, surplombantes et dogmatiques s\u2019av\u00e8rent de moins en moins capables de rendre compte d\u2019un kitsch qui, en prolif\u00e9rant, a aussi amplifi\u00e9 ses registres, multipli\u00e9 ses dimensions ou ses strates. Et qui nous oblige alors \u00e0 le consid\u00e9rer au cas par cas, en tenant compte, \u00e0 chaque fois qu\u2019il para\u00eet, de tous les \u00e9l\u00e9ments en pr\u00e9sence au sein d\u2019\u00e9quations tant\u00f4t tr\u00e8s \u00e9l\u00e9mentaires, tant\u00f4t tr\u00e8s subtiles. Et dont on n\u2019est pas certain de pouvoir dire, dans les meilleurs des cas, dans quelques \u0153uvres rares, si elles aboutissent au succ\u00e8s ou \u00e0 l\u2019\u00e9chec.<\/p>\n<blockquote style=\"text-align:left\">\n<p>\u00a0\u00bb\u00a0Rater mieux encore. Ou mieux plus mal. Rater plus mal encore. Encore plus mal encore.\u00a0\u00ab\u00a0<\/p>\n<\/blockquote>\n<p style=\"text-align:start\">Laquelle de ces qu\u00eates, \u00e9nonc\u00e9es par\u00a0Samuel\u00a0Beckett, est celle de celui qui accepte dans son art d\u2019avoir partie li\u00e9e avec le kitsch\u00a0?<\/p>\n","protected":false},"excerpt":{"rendered":"S\u2019il n\u2019est peut-\u00eatre pas faux de dire que le kitsch est omnipr\u00e9sent dans notre monde contemporain, ce n\u2019est&hellip;\n","protected":false},"author":2,"featured_media":268762,"comment_status":"","ping_status":"","sticky":false,"template":"","format":"standard","meta":{"footnotes":""},"categories":[1358],"tags":[1348,1384,1385,1386,58,59,1011,27],"class_list":{"0":"post-268761","1":"post","2":"type-post","3":"status-publish","4":"format-standard","5":"has-post-thumbnail","7":"category-arts-et-design","8":"tag-arts","9":"tag-arts-and-design","10":"tag-arts-et-design","11":"tag-design","12":"tag-divertissement","13":"tag-entertainment","14":"tag-fr","15":"tag-france"},"share_on_mastodon":{"url":"https:\/\/pubeurope.com\/@fr\/114904220053270507","error":""},"_links":{"self":[{"href":"https:\/\/www.europesays.com\/fr\/wp-json\/wp\/v2\/posts\/268761","targetHints":{"allow":["GET"]}}],"collection":[{"href":"https:\/\/www.europesays.com\/fr\/wp-json\/wp\/v2\/posts"}],"about":[{"href":"https:\/\/www.europesays.com\/fr\/wp-json\/wp\/v2\/types\/post"}],"author":[{"embeddable":true,"href":"https:\/\/www.europesays.com\/fr\/wp-json\/wp\/v2\/users\/2"}],"replies":[{"embeddable":true,"href":"https:\/\/www.europesays.com\/fr\/wp-json\/wp\/v2\/comments?post=268761"}],"version-history":[{"count":0,"href":"https:\/\/www.europesays.com\/fr\/wp-json\/wp\/v2\/posts\/268761\/revisions"}],"wp:featuredmedia":[{"embeddable":true,"href":"https:\/\/www.europesays.com\/fr\/wp-json\/wp\/v2\/media\/268762"}],"wp:attachment":[{"href":"https:\/\/www.europesays.com\/fr\/wp-json\/wp\/v2\/media?parent=268761"}],"wp:term":[{"taxonomy":"category","embeddable":true,"href":"https:\/\/www.europesays.com\/fr\/wp-json\/wp\/v2\/categories?post=268761"},{"taxonomy":"post_tag","embeddable":true,"href":"https:\/\/www.europesays.com\/fr\/wp-json\/wp\/v2\/tags?post=268761"}],"curies":[{"name":"wp","href":"https:\/\/api.w.org\/{rel}","templated":true}]}}