{"id":268763,"date":"2025-07-23T19:33:15","date_gmt":"2025-07-23T19:33:15","guid":{"rendered":"https:\/\/www.europesays.com\/fr\/268763\/"},"modified":"2025-07-23T19:33:15","modified_gmt":"2025-07-23T19:33:15","slug":"juillet-2025-a-la-bibliotheque-des-tanneries-dijoncter-info","status":"publish","type":"post","link":"https:\/\/www.europesays.com\/fr\/268763\/","title":{"rendered":"Juillet 2025 \u00e0 la biblioth\u00e8que des Tanneries \u2013 Dijoncter.info"},"content":{"rendered":"<p>\u00c9v\u00e8nements<\/p>\n<p>Pas de permanences ni d\u2019\u00e9v\u00e8nements cet \u00e9t\u00e9. La prochaine permanence aura lieu le mercredi 10\u00a0septembre, avec un cercle de lecture, on vous invitera \u00e0 venir nous pr\u00e9senter votre meilleure lecture de l\u2019\u00e9t\u00e9.<\/p>\n<p>Nouveaut\u00e9s<\/p>\n<p>Nous recevons ce mois-ci un don des \u00e9ditions Divergences, un grand merci \u00e0 elles\u00a0!<\/p>\n<p>\u00c9ditions Divergences<\/p>\n<p>Fond\u00e9es en septembre 2016, les \u00e9ditions Divergences s\u2019attachent \u00e0 publier des ouvrages de critique sociale et politique. Quel que soit l\u2019angle par lequel ils abordent le r\u00e9el nos livres cherchent \u00e0 comprendre et \u00e0 rendre intelligible le monde dans lequel nous vivons, \u00e0 y r\u00e9sister et en imaginer de nouveaux, plus beaux, plus justes et plus d\u00e9sirables.<\/p>\n<p>      <a href=\"https:\/\/dijoncter.info\/IMG\/jpg\/divergences.jpg\" title=\"JPEG - 444.5\u00a0ko\" type=\"image\/jpeg\" rel=\"nofollow noopener\" target=\"_blank\"><br \/>\n        <img decoding=\"async\" src=\"https:\/\/www.europesays.com\/fr\/wp-content\/uploads\/2025\/07\/divergences-8e4ad-7121d.jpg\" width=\"800\" height=\"316\" class=\" photoshow img-responsive\" data-photo=\"https:\/\/dijoncter.info\/IMG\/jpg\/divergences.jpg\" data-photo-w=\"2170\" data-photo-h=\"857\" alt=\"JPEG - 444.5\u00a0ko\" loading=\"lazy\"\/><br \/>\n        <\/a><\/p>\n<p>      <a href=\"https:\/\/dijoncter.info\/IMG\/jpg\/technopolice.jpg\" title=\"JPEG - 13.7\u00a0ko\" type=\"image\/jpeg\" rel=\"nofollow noopener\" target=\"_blank\"><br \/>\n        <img decoding=\"async\" src=\"https:\/\/www.europesays.com\/fr\/wp-content\/uploads\/2025\/07\/technopolice-3c30e-cb399.jpg\" width=\"150\" height=\"250\" class=\" photoshow img-responsive\" data-photo=\"https:\/\/dijoncter.info\/IMG\/jpg\/technopolice.jpg\" data-photo-w=\"150\" data-photo-h=\"250\" alt=\"JPEG - 13.7\u00a0ko\" loading=\"lazy\"\/><br \/>\n        <\/a><\/p>\n<p>  Technopolice<\/p>\n<p><strong>La surveillance polici\u00e8re \u00e0 l\u2019\u00e8re de l\u2019intelligence artificielle<br class=\"autobr\"\/><br \/>\nF\u00e9lix Tr\u00e9guer<\/strong><br class=\"autobr\"\/><br \/>\nDrones, logiciels pr\u00e9dictifs, vid\u00e9osurveillance algorithmique, reconnaissance faciale\u00a0: le recours aux derni\u00e8res technologies de contr\u00f4le se banalise au sein de la police. Loin de juguler la criminalit\u00e9, toutes ces innovations contribuent en r\u00e9alit\u00e9 \u00e0 amplifier la violence d\u2019Etat. Elles referment nos imaginaires politiques et placent la ville sous contr\u00f4le s\u00e9curitaire. C\u2019est ce que montre ce livre \u00e0 partir d\u2019exp\u00e9riences et de savoirs forg\u00e9s au cours des luttes r\u00e9centes contre la surveillance polici\u00e8re. De l\u2019industrie de la s\u00e9curit\u00e9 aux arcanes du minist\u00e8re de l\u2019Int\u00e9rieur, de la CNIL au v\u00e9hicule de l\u2019officier en patrouille, il retrace les liens qu\u2019entretient l\u2019h\u00e9g\u00e9monie techno-solutionniste avec la d\u00e9rive autoritaire en cours.<\/p>\n<p>      <a href=\"https:\/\/dijoncter.info\/IMG\/jpg\/gaie_panique.jpg\" title=\"JPEG - 13\u00a0ko\" type=\"image\/jpeg\" rel=\"nofollow noopener\" target=\"_blank\"><br \/>\n        <img decoding=\"async\" src=\"https:\/\/www.europesays.com\/fr\/wp-content\/uploads\/2025\/07\/gaie_panique-c1a04-e477d.jpg\" width=\"150\" height=\"250\" class=\" photoshow img-responsive\" data-photo=\"https:\/\/dijoncter.info\/IMG\/jpg\/gaie_panique.jpg\" data-photo-w=\"150\" data-photo-h=\"250\" alt=\"JPEG - 13\u00a0ko\" loading=\"lazy\"\/><br \/>\n        <\/a><\/p>\n<p>  La gaie panique<\/p>\n<p><strong>Une histoire politique de l\u2019homophobie<br class=\"autobr\"\/><br \/>\nMicka\u00ebl Temp\u00eate<\/strong><\/p>\n<p>Hier pourchass\u00e9s par l\u2019\u00c9tat fran\u00e7ais, les gays sont aujourd\u2019hui invit\u00e9s \u00e0 souscrire \u00e0 une gestion s\u00e9curitaire de l\u2019homophobie\u00a0: incorporation des valeurs r\u00e9publicaines, d\u2019une culture de la peur et des solutions polici\u00e8res. Que faire de cette mise en sc\u00e8ne d\u2019une guerre sexuelle dont le but est de produire une masculinit\u00e9 h\u00e9g\u00e9monique souveraine en faisant la part entre ceux qu\u2019on \u00e9limine, ceux qu\u2019on sacrifie, ceux qu\u2019on contr\u00f4le et ceux qu\u2019on fantasme\u00a0? Pour r\u00e9sister \u00e0 cette guerre et cerner la raison de la permanence des brutalit\u00e9s anti-homosexuelles, il faut en remonter l\u2019histoire. \u00c0 partir de discours politiques, de disputes scientifiques, de faits divers et de s\u00e9quences m\u00e9diatiques, cet essai explore les bases th\u00e9oriques qui constituent la r\u00e9pression sans fin du d\u00e9sir homosexuel.<\/p>\n<p>      <a href=\"https:\/\/dijoncter.info\/IMG\/jpg\/revoltes_animales.jpg\" title=\"JPEG - 13.6\u00a0ko\" type=\"image\/jpeg\" rel=\"nofollow noopener\" target=\"_blank\"><br \/>\n        <img decoding=\"async\" src=\"https:\/\/www.europesays.com\/fr\/wp-content\/uploads\/2025\/07\/revoltes_animales-8b563-b7c60.jpg\" width=\"150\" height=\"250\" class=\" photoshow img-responsive\" data-photo=\"https:\/\/dijoncter.info\/IMG\/jpg\/revoltes_animales.jpg\" data-photo-w=\"150\" data-photo-h=\"250\" alt=\"JPEG - 13.6\u00a0ko\" loading=\"lazy\"\/><br \/>\n        <\/a><\/p>\n<p>  R\u00e9voltes animales<\/p>\n<p><strong>Fahim Amir<\/strong><br class=\"autobr\"\/><br \/>\nQu\u2019on pleurniche la mort du vivant ou qu\u2019on s\u2019\u00e9merveille de ses fa\u00e7ons de vivre, on envisage le monde animal comme un \u00eelot de puret\u00e9, \u00e9tranger aux luttes de l\u2019humanit\u00e9. Ou alors, on passe son temps \u00e0 se moquer de ceux qui d\u00e9fendent les b\u00eates, au nom de conceptions caduques de la cit\u00e9. Faut-il se r\u00e9soudre \u00e0 ce dilemme\u00a0? Ni plus ni moins que nous, les animaux sont sujets de l\u2019exploitation capitaliste, et d\u00e9veloppent leurs propres fa\u00e7ons d\u2019y r\u00e9sister. Des porcs r\u00e9calcitrants sont aux origines de l\u2019usine moderne. Les termites cr\u00e9ent des soci\u00e9t\u00e9s communistes. Ainsi s\u2019esquissent les contours d\u2019une vision politique ensauvag\u00e9e, m\u00ealant humains et animaux dans un horizon partag\u00e9. Les b\u00eates renvoient l\u2019humanit\u00e9 \u00e0 sa part incarn\u00e9e, nous reconnectent avec les sources vives de la r\u00e9volte.<\/p>\n<p>      <a href=\"https:\/\/dijoncter.info\/IMG\/jpg\/la_question_technique_en_chine.jpg\" title=\"JPEG - 13.8\u00a0ko\" type=\"image\/jpeg\" rel=\"nofollow noopener\" target=\"_blank\"><br \/>\n        <img decoding=\"async\" src=\"https:\/\/www.europesays.com\/fr\/wp-content\/uploads\/2025\/07\/la_question_technique_en_chine-a518e-90529.jpg\" width=\"150\" height=\"250\" class=\" photoshow img-responsive\" data-photo=\"https:\/\/dijoncter.info\/IMG\/jpg\/la_question_technique_en_chine.jpg\" data-photo-w=\"150\" data-photo-h=\"250\" alt=\"JPEG - 13.8\u00a0ko\" loading=\"lazy\"\/><br \/>\n        <\/a><\/p>\n<p>  La question de la technique en Chine<\/p>\n<p><strong>Yuk Hui<\/strong><br class=\"autobr\"\/><br \/>\nS\u2019il y a un domaine o\u00f9 la Chine s\u2019impose au XXIe si\u00e8cle, c\u2019est bien celui de la technique. Conqu\u00eate de l\u2019espace, d\u00e9ploiement de la 5G, construction d\u2019un Internet \u00ab\u00a0national\u00a0\u00bb avec ses propres g\u00e9ants num\u00e9riques, nouvelles technologies de surveillance et de contr\u00f4le\u00a0: Yuk Hui part de ces avanc\u00e9es inqui\u00e9tantes pour questionner la fa\u00e7on dont les Chinois pensent la technique. Certes, l\u2019immense syst\u00e8me technique qui \u00e9tend aujourd\u2019hui son emprise sur la Terre pour en extraire les ressources trouve ses origines dans la modernit\u00e9 europ\u00e9enne. Mais rien ne semblait pr\u00e9destiner la Chine \u00e0 accepter ni \u00e0 int\u00e9grer ce syst\u00e8me, encore moins \u00e0 en \u00eatre \u00e0 la pointe. Contre les penseurs europ\u00e9ens qui pr\u00e9sentent toujours la technique comme une donn\u00e9e universelle, Yuk Hui propose de r\u00e9ins\u00e9rer les techniques dans leur contexte local et cosmologique, \u00e0 la lumi\u00e8re d\u2019une relecture de l\u2019histoire des philosophies de la technique en Occident et en Asie.<\/p>\n<p>      <a href=\"https:\/\/dijoncter.info\/IMG\/jpg\/trap.jpg\" title=\"JPEG - 10.3\u00a0ko\" type=\"image\/jpeg\" rel=\"nofollow noopener\" target=\"_blank\"><br \/>\n        <img decoding=\"async\" src=\"https:\/\/www.europesays.com\/fr\/wp-content\/uploads\/2025\/07\/trap-9b08c-6ec73.jpg\" width=\"165\" height=\"250\" class=\" photoshow img-responsive\" data-photo=\"https:\/\/dijoncter.info\/IMG\/jpg\/trap.jpg\" data-photo-w=\"165\" data-photo-h=\"250\" alt=\"JPEG - 10.3\u00a0ko\" loading=\"lazy\"\/><br \/>\n        <\/a><\/p>\n<p>  Trap<\/p>\n<p><strong>Rap drogue argent survie<br class=\"autobr\"\/><br \/>\nEn collaboration avec Audimat \u00e9ditions<\/strong><br class=\"autobr\"\/><br \/>\nLa trap est autant c\u00e9l\u00e9br\u00e9e que stigmatis\u00e9e et criminalis\u00e9e. Elle \u00e9voque le rap obsessionnel d\u2019artistes comme T.I., Young Jeezy, Gucci Mane, Young Thug ou Future, les planques d\u2019Atlanta et la prison, les succ\u00e8s fran\u00e7ais de 13Block et Kaaris, aussi bien que les trilles de caisses claires dans les tubes de Miley Cyrus ou Ariana Grande. La trap est ainsi pass\u00e9e d\u2019une tendance propre au rap \u00e0 un r\u00e9pertoire de techniques et de structures affectives qui aimantent aujourd\u2019hui des artistes de musique pop ou \u00e9lectronique. Ce livre s\u2019attache \u00e0 ces histoires d\u2019enfermement et de fuite, gr\u00e2ce \u00e0 des auteurs et autrices qui l\u2019\u00e9coutent au quotidien, et qui vivent, \u00e9crivent ou militent sous son influence.<\/p>\n<p>      <a href=\"https:\/\/dijoncter.info\/IMG\/jpg\/ce_que_le_football_est_devenu.jpg\" title=\"JPEG - 16.4\u00a0ko\" type=\"image\/jpeg\" rel=\"nofollow noopener\" target=\"_blank\"><br \/>\n        <img decoding=\"async\" src=\"https:\/\/www.europesays.com\/fr\/wp-content\/uploads\/2025\/07\/ce_que_le_football_est_devenu-72106-79c64.jpg\" width=\"150\" height=\"250\" class=\" photoshow img-responsive\" data-photo=\"https:\/\/dijoncter.info\/IMG\/jpg\/ce_que_le_football_est_devenu.jpg\" data-photo-w=\"150\" data-photo-h=\"250\" alt=\"JPEG - 16.4\u00a0ko\" loading=\"lazy\"\/><br \/>\n        <\/a><\/p>\n<p>  Ce que le football est devenu<\/p>\n<p><strong>Trois d\u00e9cennies de r\u00e9volution lib\u00e9rale<br class=\"autobr\"\/><br \/>\nJ\u00e9r\u00f4me Latta<\/strong><br class=\"autobr\"\/><br \/>\nChacun, qu\u2019il l\u2019aime ou non, croit savoir ce qui est arriv\u00e9 au football depuis le tournant des ann\u00e9es 1990\u00a0: une expansion \u00e9conomique spectaculaire qui a conduit \u00e0 de nombreuses \u00ab\u00a0d\u00e9rives\u00a0\u00bb. Pourtant, cette m\u00e9tamorphose n\u2019a jamais \u00e9t\u00e9 vraiment racont\u00e9e \u2013 ces dynamiques in\u00e9galitaires qui ont conduit \u00e0 l\u2019enrichissement des clubs les plus riches, \u00e0 la formation d\u2019une oligarchie accaparant les ressources et les meilleurs joueurs, et au lien de plus en plus \u00e9troit entre puissance financi\u00e8re et r\u00e9sultats sportifs. Cet ouvrage propose une lecture politique in\u00e9dite de ces trois d\u00e9cennies de r\u00e9volution lib\u00e9rale et \u00e9litiste, montrant \u00e0 quel point ce qui se passe aujourd\u2019hui sur les terrains est le r\u00e9sultat de ce qui s\u2019est pass\u00e9 en dehors.<\/p>\n<p>      <a href=\"https:\/\/dijoncter.info\/IMG\/jpg\/du_sexisme_dans_le_sport.jpg\" title=\"JPEG - 16.5\u00a0ko\" type=\"image\/jpeg\" rel=\"nofollow noopener\" target=\"_blank\"><br \/>\n        <img decoding=\"async\" src=\"https:\/\/www.europesays.com\/fr\/wp-content\/uploads\/2025\/07\/du_sexisme_dans_le_sport-4741c-db67e.jpg\" width=\"158\" height=\"250\" class=\" photoshow img-responsive\" data-photo=\"https:\/\/dijoncter.info\/IMG\/jpg\/du_sexisme_dans_le_sport.jpg\" data-photo-w=\"158\" data-photo-h=\"250\" alt=\"JPEG - 16.5\u00a0ko\" loading=\"lazy\"\/><br \/>\n        <\/a><\/p>\n<p>  Du sexisme dans le sport<\/p>\n<p><strong>B\u00e9atrice Barbusse<br class=\"autobr\"\/><br \/>\nAnamosa<\/strong><br class=\"autobr\"\/><br \/>\n\u00ab\u00a0Retourne faire la vaisselle et du tricot\u00a0\u00bb\u00a0; \u00ab\u00a0Qu\u2019elles s\u2019occupent de leurs casseroles\u2026\u00a0\u00bb\u00a0; \u00ab\u00a0On dirait un tir de femme enceinte\u00a0\u00bb\u2026 Autant de \u00ab\u00a0petites phrases\u00a0\u00bb, trop souvent r\u00e9p\u00e9t\u00e9es dans le monde du sport, o\u00f9 le machisme et le sexisme semblent r\u00e9gner sinon en ma\u00eetres, du moins dans une forme de connivence naturelle.<\/p>\n<p>Du sexisme ordinaire, touchant d\u2019ailleurs femmes comme hommes, aux violences sexuelles, dont les d\u00e9nonciations se font d\u00e9sormais plus nombreuses, de la question d\u2019une \u00ab\u00a0nature masculine\u00a0\u00bb du sport \u00e0 celle de la f\u00e9minit\u00e9 des sportives et des actrices du sport, \u00e0 laquelle celles-ci entretiennent elles-m\u00eames un rapport non d\u00e9nu\u00e9 d\u2019ambigu\u00eft\u00e9s, l\u2019ancienne handballeuse et sociologue B\u00e9atrice Barbusse d\u00e9crypte et analyse pas \u00e0 pas la r\u00e9alit\u00e9 de l\u2019ancrage du sexisme dans ce milieu. S\u2019appuyant sur des cas concrets et sur son propre v\u00e9cu, elle entend lib\u00e9rer une parole et souligne aussi les changements en cours tout comme le chemin encore \u00e0 parcourir pour une plus grande \u00e9galit\u00e9.<\/p>\n<p>      <a href=\"https:\/\/dijoncter.info\/IMG\/jpg\/histoire_populaire_du_football.jpg\" title=\"JPEG - 13.9\u00a0ko\" type=\"image\/jpeg\" rel=\"nofollow noopener\" target=\"_blank\"><br \/>\n        <img decoding=\"async\" src=\"https:\/\/www.europesays.com\/fr\/wp-content\/uploads\/2025\/07\/histoire_populaire_du_football-46a0d-8bfe0.jpg\" width=\"164\" height=\"250\" class=\" photoshow img-responsive\" data-photo=\"https:\/\/dijoncter.info\/IMG\/jpg\/histoire_populaire_du_football.jpg\" data-photo-w=\"164\" data-photo-h=\"250\" alt=\"JPEG - 13.9\u00a0ko\" loading=\"lazy\"\/><br \/>\n        <\/a><\/p>\n<p>  Une histoire populaire du football<\/p>\n<p><strong>Micka\u00ebl Correia<br class=\"autobr\"\/><br \/>\nLa D\u00e9couverte<\/strong><br class=\"autobr\"\/><br \/>\nSalaires mirobolants des joueurs, omnipr\u00e9sence des sponsors, corruption des instances internationales, inflation insens\u00e9e des droits de retransmission t\u00e9l\u00e9vis\u00e9e\u00a0: le football incarne aujourd\u2019hui les pires d\u00e9rives du capitalisme d\u00e9brid\u00e9. \u00c0 contre-pied du foot-business et de son cadre institutionnel, Micka\u00ebl Correia propose une histoire \u00ab\u00a0par en bas\u00a0\u00bb de ce sport populaire qui demeure aussi g\u00e9n\u00e9reux que subversif.<br class=\"autobr\"\/><br \/>\nDe l\u2019Angleterre \u00e0 la Palestine, de l\u2019Allemagne au Mexique, du Br\u00e9sil \u00e0 l\u2019\u00c9gypte, de la France \u00e0 l\u2019Afrique du Sud, ce livre raconte une autre histoire du ballon rond, depuis ses origines jusqu\u2019\u00e0 nos jours.<br class=\"autobr\"\/><br \/>\nLe football ne se r\u00e9sume pas au foot-business\u00a0: depuis plus d\u2019un si\u00e8cle, il a \u00e9t\u00e9 un puissant instrument d\u2019\u00e9mancipation pour les ouvriers, les f\u00e9ministes, les militants anticolonialistes, les jeunes des quartiers populaires et les contestataires du monde entier.<br class=\"autobr\"\/><br \/>\nL\u2019auteur retrace le destin de celles et ceux qui, pratiquant ce sport populaire au quotidien, en professionnels ou en amateurs, ont trop longtemps \u00e9t\u00e9 \u00e9clips\u00e9s par les \u00e9quipes stars et les l\u00e9gendes dor\u00e9es. Prenant \u00e0 contre-pied les clich\u00e9s sur les supporters de foot, il raconte aussi l\u2019\u00e9tonnante histoire des contre-cultures footballistiques n\u00e9es apr\u00e8s la Seconde Guerre mondiale, des hooligans anglais jusqu\u2019aux ultras qui ont jou\u00e9 un r\u00f4le central dans les printemps arabes de 2011.<br class=\"autobr\"\/><br \/>\nEn proposant une histoire \u00ab\u00a0par en bas\u00a0\u00bb, en s\u2019attachant \u00e0 donner la parole \u00e0 tous les protagonistes de cette \u00e9pop\u00e9e, Micka\u00ebl Correia rappelle que le football peut \u00eatre aussi g\u00e9n\u00e9reux que subversif.<\/p>\n<p>      <a href=\"https:\/\/dijoncter.info\/IMG\/jpg\/corps_et_ames.jpg\" title=\"JPEG - 14.7\u00a0ko\" type=\"image\/jpeg\" rel=\"nofollow noopener\" target=\"_blank\"><br \/>\n        <img decoding=\"async\" src=\"https:\/\/www.europesays.com\/fr\/wp-content\/uploads\/2025\/07\/corps_et_ames-efc8c-9802b.jpg\" width=\"140\" height=\"250\" class=\" photoshow img-responsive\" data-photo=\"https:\/\/dijoncter.info\/IMG\/jpg\/corps_et_ames.jpg\" data-photo-w=\"140\" data-photo-h=\"250\" alt=\"JPEG - 14.7\u00a0ko\" loading=\"lazy\"\/><br \/>\n        <\/a><\/p>\n<p>  Corps et \u00e2me<\/p>\n<p><strong>Carnets ethnographiques d\u2019un apprenti boxeur<br class=\"autobr\"\/><br \/>\nLo\u00efc Wacquant<br class=\"autobr\"\/><br \/>\nAgone<\/strong><br class=\"autobr\"\/><br \/>\n\u00ab\u00a0En ao\u00fbt 1988, \u00e0 la suite d\u2019un concours de circonstances, je me suis inscrit dans un club de boxe d\u2019un quartier du ghetto noir de Chicago. Je n\u2019avais jamais pratiqu\u00e9 ce sport, ni m\u00eame envisag\u00e9 de le faire. Hormis les images st\u00e9r\u00e9otyp\u00e9es que chacun peut s\u2019en former \u00e0 travers les m\u00e9dias, le cin\u00e9ma ou la litt\u00e9rature, je n\u2019avais eu aucun contact avec le monde pugilistique. Je me trouvais donc dans la situation du parfait novice.<\/p>\n<p>Trois ans durant, j\u2019ai particip\u00e9 aux entra\u00eenements aux c\u00f4t\u00e9s des boxeurs du cru, amateurs et professionnels, \u00e0 raison de trois \u00e0 six s\u00e9ances par semaine. \u00c0 ma propre surprise, je me suis pris au jeu, au point de passer mes apr\u00e8s-midi au gym avant de passer entre les cordes disputer un combat officiel. Les notes consign\u00e9es au jour le jour dans mon carnet de terrain (initialement pour m\u2019aider \u00e0 surmonter un profond sentiment de maladresse et de g\u00eane physique, sans nul doute redoubl\u00e9 par le fait d\u2019\u00eatre le seul Blanc de la salle), ainsi que les observations, photos et enregistrements r\u00e9alis\u00e9s lors des tournois et \u201cr\u00e9unions\u201d o\u00f9 se produisaient des membres de mon club ont fourni la mati\u00e8re des textes qu\u2019on va lire.\u00a0\u00bb<\/p>\n<p>Mariant l\u2019analyse sociologique et l\u2019\u00e9vocation litt\u00e9raire, la rigueur de l\u2019observation ethnographique et la ferveur de l\u2019engagement charnel, ce livre invite \u00e0 p\u00e9n\u00e9trer dans l\u2019univers quotidien des boxeurs de Chicago, contribuant \u00e0 la sociologie du corps et \u00e0 l\u2019ethnologie de ce \u00ab\u00a0n\u00e9gatif\u00a0\u00bb vivant de l\u2019Am\u00e9rique qu\u2019est le ghetto noir.<\/p>\n<p>      <a href=\"https:\/\/dijoncter.info\/IMG\/jpg\/qatar.jpg\" title=\"JPEG - 11.6\u00a0ko\" type=\"image\/jpeg\" rel=\"nofollow noopener\" target=\"_blank\"><br \/>\n        <img decoding=\"async\" src=\"https:\/\/www.europesays.com\/fr\/wp-content\/uploads\/2025\/07\/qatar-04fea-407b3.jpg\" width=\"152\" height=\"250\" class=\" photoshow img-responsive\" data-photo=\"https:\/\/dijoncter.info\/IMG\/jpg\/qatar.jpg\" data-photo-w=\"152\" data-photo-h=\"250\" alt=\"JPEG - 11.6\u00a0ko\" loading=\"lazy\"\/><br \/>\n        <\/a><\/p>\n<p>  Qatar, le mondial de la honte<\/p>\n<p><strong>Nicolas Kssis-Martov<br class=\"autobr\"\/><br \/>\nLibertalia<\/strong><br class=\"autobr\"\/><br \/>\nLa Coupe du monde au Qatar rel\u00e8ve bien du cauchemar annonc\u00e9.<br class=\"autobr\"\/><br \/>\nIl a d\u2019abord fallu modifier le calendrier sportif en raison du climat d\u00e9sertique\u00a0; puis imaginer des stades enti\u00e8rement climatis\u00e9s, une aberration \u00e9cologique\u00a0! Les aspects humains ach\u00e8vent de rendre ce Mondial inadmissible\u00a0: non-respect des droits des femmes, des homosexuels, des libert\u00e9s individuelles, et plus de 6 000 morts sur les chantiers des stades parmi les ouvriers venus du N\u00e9pal et d\u2019Inde.<br class=\"autobr\"\/><br \/>\nEn revenant dans cet essai-manifeste sur ce \u00ab\u00a0Mondial de la honte\u00a0\u00bb, et en convoquant des exemples historiques qui trouvent \u00e9cho dans l\u2019actualit\u00e9, l\u2019auteur interroge l\u2019enjeu politique que repr\u00e9sente le sport et le pouvoir d\u2019agir des athl\u00e8tes face \u00e0 l\u2019inacceptable.<\/p>\n<p>      <a href=\"https:\/\/dijoncter.info\/IMG\/jpg\/contrebande.jpg\" title=\"JPEG - 25.7\u00a0ko\" type=\"image\/jpeg\" rel=\"nofollow noopener\" target=\"_blank\"><br \/>\n        <img decoding=\"async\" src=\"https:\/\/www.europesays.com\/fr\/wp-content\/uploads\/2025\/07\/contrebande-ad68d-f9cfe.jpg\" width=\"190\" height=\"250\" class=\" photoshow img-responsive\" data-photo=\"https:\/\/dijoncter.info\/IMG\/jpg\/contrebande.jpg\" data-photo-w=\"190\" data-photo-h=\"250\" alt=\"JPEG - 25.7\u00a0ko\" loading=\"lazy\"\/><br \/>\n        <\/a><\/p>\n<p>  Contrebande<\/p>\n<p><strong>Une cartographie de la bande dessinn\u00e9e alternative francophone<br class=\"autobr\"\/><br \/>\nMorvandiau<br class=\"autobr\"\/><br \/>\n\u00c9ditions du commun<\/strong><br class=\"autobr\"\/><br \/>\n\u00c0 l\u2019or\u00e9e des ann\u00e9es 1990, la bande dessin\u00e9e alternative \u2013 ici d\u00e9nomm\u00e9e contrebande \u2013 ouvre des br\u00e8ches au sein du 9 art et suscite un bouleversement durable dans l\u2019ensemble de ce secteur \u00e9ditorial. Souvent r\u00e9uni\u00b7es autour de revues, celles et ceux qui les fondent tranchent avec la culture du divertissement qui domine alors le versant industriel du domaine. \u00c0 la fois auteurices et \u00e9diteurices, connaissant leurs classiques mais aussi impr\u00e9gn\u00e9\u00b7es de l\u2019underground des sixties, ses structures historiques s\u2019appellent L\u2019Association, Les Requins Marteaux, Le Dernier Cri, Amok, Fr\u00e9on, Corn\u00e9lius, 6 Pieds sous terre, Ego comme X ou Atrabile&#8230;<\/p>\n<p>\u00c9tudi\u00e9 sur deux g\u00e9n\u00e9rations et sur plus de trente ans d\u2019existence, le ph\u00e9nom\u00e8ne de la contrebande montre en quoi la diversit\u00e9 contemporaine de la bande dessin\u00e9e est nourrie par une s\u00e9dimentation culturelle qui associe \u00e0 la fois exp\u00e9rimentation, l\u00e9gitimation de la discipline, ouverture internationale et soutien de politiques publiques du livre. Outre un d\u00e9cryptage des bouleversements esth\u00e9tiques qui contribuent \u00e0 fa\u00e7onner de nouvelles repr\u00e9sentations, cet essai propose une lecture politique de la cha\u00eene du livre et une r\u00e9flexion sur la diffusion de l\u2019art et des id\u00e9es. \u00c0 travers une p\u00e9riode caract\u00e9ris\u00e9e par les concentrations de l\u2019industrie et des m\u00e9dias mais aussi par la g\u00e9n\u00e9ralisation des technologies num\u00e9riques, il dresse, sans en ignorer les tensions et les contradictions, l\u2019inspirant portrait d\u2019une utopie mise en pratique.<\/p>\n<p>\u00c0 travers cet ouvrage critique alternant analyses, portraits, entretiens et enrichi important corpus iconographique, Morvandiau, auteur form\u00e9 au sein de la contrebande, dessinateur de presse, directeur de festivals et docteur en arts plastiques, peint le paysage d\u2019une aventure \u00e9ditoriale originale et vari\u00e9e, tant sur le plan esth\u00e9tique que structurel.<\/p>\n<p>      <a href=\"https:\/\/dijoncter.info\/IMG\/jpg\/vsa.jpg\" title=\"JPEG - 21.9\u00a0ko\" type=\"image\/jpeg\" rel=\"nofollow noopener\" target=\"_blank\"><br \/>\n        <img decoding=\"async\" src=\"https:\/\/www.europesays.com\/fr\/wp-content\/uploads\/2025\/07\/vsa-d92fd-a28ef.jpg\" width=\"176\" height=\"250\" class=\" photoshow img-responsive\" data-photo=\"https:\/\/dijoncter.info\/IMG\/jpg\/vsa.jpg\" data-photo-w=\"176\" data-photo-h=\"250\" alt=\"JPEG - 21.9\u00a0ko\" loading=\"lazy\"\/><br \/>\n        <\/a><\/p>\n<p>  VSA vid\u00e9osurveillance algorithmique, dangers et contre-attaque<\/p>\n<p><strong>La Quadrature du Net<\/strong><br class=\"autobr\"\/><br \/>\nLa Quadrature du Net documente le d\u00e9ploiement de la vid\u00e9osurveillance algorithmique depuis 2019. Dans cette brochure, nous r\u00e9sumons l\u2019usage de cette technologie par la police, les cons\u00e9quences qu\u2019elle a sur les personnes et les espaces ainsi surveill\u00e9s et d\u00e9taillons les diff\u00e9rents ressors historiques, argumentatifs et strat\u00e9giques relatifs \u00e0 sa mise en place et sa l\u00e9galisation.<\/p>\n<p>      <a href=\"https:\/\/dijoncter.info\/IMG\/jpg\/on_ne_dissout_pas_un_soulevement.jpg\" title=\"JPEG - 24.3\u00a0ko\" type=\"image\/jpeg\" rel=\"nofollow noopener\" target=\"_blank\"><br \/>\n        <img decoding=\"async\" src=\"https:\/\/www.europesays.com\/fr\/wp-content\/uploads\/2025\/07\/on_ne_dissout_pas_un_soulevement-18270-0aa0d.jpg\" width=\"175\" height=\"250\" class=\" photoshow img-responsive\" data-photo=\"https:\/\/dijoncter.info\/IMG\/jpg\/on_ne_dissout_pas_un_soulevement.jpg\" data-photo-w=\"175\" data-photo-h=\"250\" alt=\"JPEG - 24.3\u00a0ko\" loading=\"lazy\"\/><br \/>\n        <\/a><\/p>\n<p>  On ne dissout pas un soul\u00e8vement<\/p>\n<p><strong>40 voix pour les Soul\u00e8vements de la terre<br class=\"autobr\"\/><br \/>\nSeuil<\/strong><br class=\"autobr\"\/><br \/>\nOn ne dissout pas un d\u00e9r\u00e8glement plan\u00e9taire. On n\u2019efface pas par d\u00e9cret les constats scientifiques ni le refus d\u2019un capitalisme radicalis\u00e9 fon\u00e7ant dans le mur. Loin des proc\u00e8s en \u00ab\u00a0\u00e9coterrorisme\u00a0\u00bb, ce qui se joue autour des mouvements comme les Soul\u00e8vements de la Terre n\u2019est rien d\u2019autre que la bataille de ce si\u00e8cle.<\/p>\n<p>      <a href=\"https:\/\/dijoncter.info\/IMG\/jpg\/premieres_secousses.jpg\" title=\"JPEG - 7.8\u00a0ko\" type=\"image\/jpeg\" rel=\"nofollow noopener\" target=\"_blank\"><br \/>\n        <img decoding=\"async\" src=\"https:\/\/www.europesays.com\/fr\/wp-content\/uploads\/2025\/07\/premieres_secousses-66d1f-804b3.jpg\" width=\"162\" height=\"250\" class=\" photoshow img-responsive\" data-photo=\"https:\/\/dijoncter.info\/IMG\/jpg\/premieres_secousses.jpg\" data-photo-w=\"162\" data-photo-h=\"250\" alt=\"JPEG - 7.8\u00a0ko\" loading=\"lazy\"\/><br \/>\n        <\/a><\/p>\n<p>  Premi\u00e8res Secousses<\/p>\n<p><strong>Les Soul\u00e8vements de la terre<br class=\"autobr\"\/><br \/>\nLa Fabrique<\/strong><br class=\"autobr\"\/><br \/>\nAu fil des saisons, nous avons forme\u0301 des corte\u0300ges bigarre\u0301s, muni\u00b7es de be\u0302ches, de me\u0301gaphones et de meuleuses, ve\u0302tu\u00b7es de bleus de travail et de combinaisons blanches, escorte\u0301\u00b7es par des oiseaux ge\u0301ants\u2026 Nous avons traverse\u0301 les bocages et les plaines, arpente\u0301 les valle\u0301es industrielles et le bitume des usines \u2013 et me\u0302me fro\u0302le\u0301 les cimes alpines. Nous nous soulevons pour de\u0301fendre les terres et leurs usages communs. Contre les me\u0301ga-bassines, les carrie\u0300res de sable, les coule\u0301es de be\u0301ton et les spe\u0301culateurs fonciers, nous voulons propager les gestes de blocage, d\u2019occupation et de de\u0301sarmement, pour de\u0301manteler les filie\u0300res toxiques. Nous nous soulevons parce que nous n\u2019attendons rien de ceux qui gouvernent le de\u0301sastre. Nous nous soulevons parce que nous croyons en notre capacite\u0301 d\u2019agir.<br class=\"autobr\"\/><br \/>\nDepuis des sie\u0300cles, du nord au sud, des mouvements populaires se battent pour de\u0301fendre une ide\u0301e simple\u00a0: la terre et l\u2019eau appartiennent a\u0300 tou\u00b7tes, ou peut-e\u0302tre a\u0300 personne. Les Soule\u0300vements de la terre n\u2019inventent rien ou si peu. Ils renouent avec une conviction dont jamais nous n\u2019aurions du\u0302 nous de\u0301partir.<\/p>\n<p>      <a href=\"https:\/\/dijoncter.info\/IMG\/jpg\/mai_68_en_france.jpg\" title=\"JPEG - 8.7\u00a0ko\" type=\"image\/jpeg\" rel=\"nofollow noopener\" target=\"_blank\"><br \/>\n        <img decoding=\"async\" src=\"https:\/\/www.europesays.com\/fr\/wp-content\/uploads\/2025\/07\/mai_68_en_france-34c02-b5837.jpg\" width=\"169\" height=\"250\" class=\" photoshow img-responsive\" data-photo=\"https:\/\/dijoncter.info\/IMG\/jpg\/mai_68_en_france.jpg\" data-photo-w=\"169\" data-photo-h=\"250\" alt=\"JPEG - 8.7\u00a0ko\" loading=\"lazy\"\/><br \/>\n        <\/a><\/p>\n<p>  Mai 68 en France<\/p>\n<p><strong>S. Bologna, G. Daghini<br class=\"autobr\"\/><br \/>\nEntremonde<\/strong><br class=\"autobr\"\/><br \/>\nCet essai sur Mai 68 \u2013 publi\u00e9 en juillet de la m\u00eame ann\u00e9e dans la revue Quaderni pia\u00ad\u00ad\u00adcen\u00ad\u00ad\u00adtini \u2013 a \u00e9t\u00e9 \u00e9crit dans le feu de l\u2019action, au milieu des bar\u00ad\u00ad\u00adri\u00ad\u00ad\u00adca\u00ad\u00ad\u00addes pari\u00ad\u00ad\u00adsien\u00ad\u00ad\u00adnes. Devenu un clas\u00ad\u00ad\u00adsi\u00ad\u00ad\u00adque, sa lec\u00ad\u00ad\u00adture des \u00e9v\u00e9nements s\u2019oppose aux inter\u00ad\u00ad\u00adpr\u00e9\u00ad\u00ad\u00adta\u00ad\u00ad\u00adtions alors en vogue dans la gauche, \u00e0 la fois ins\u00ad\u00ad\u00adti\u00ad\u00ad\u00adtu\u00ad\u00ad\u00adtion\u00ad\u00ad\u00adnelle et r\u00e9vo\u00ad\u00ad\u00adlu\u00ad\u00ad\u00adtion\u00ad\u00ad\u00adnaire. Les auteurs, en ana\u00ad\u00ad\u00adly\u00ad\u00ad\u00adsant la r\u00e9volte des \u00e9tudiants et des tra\u00ad\u00ad\u00advailleurs, ont en effet ignor\u00e9 les sch\u00e9\u00ad\u00ad\u00admas id\u00e9o\u00ad\u00ad\u00adlo\u00ad\u00ad\u00adgi\u00ad\u00ad\u00adques du marxisme-l\u00e9ni\u00ad\u00ad\u00adnisme, du mao\u00efsme, de l\u2019anar\u00ad\u00ad\u00adchisme, etc., en met\u00ad\u00ad\u00adtant en avant les cat\u00e9\u00ad\u00ad\u00adgo\u00ad\u00ad\u00adries op\u00e9\u00ad\u00ad\u00adra\u00efs\u00ad\u00ad\u00adtes for\u00ad\u00ad\u00adg\u00e9es dans les revues Quaderni rossi et Classe ope\u00ad\u00ad\u00adraia.<\/p>\n<p>Autres nouveaut\u00e9s<\/p>\n<p>Contre l\u2019allocation universelle, M.\u00a0Alaluf, D. Zamora (dir.) Lux<br class=\"autobr\"\/><br \/>\nLa rage et la r\u00e9volte, Al\u00e8ssi Dell\u2019Umbria, Agone<br class=\"autobr\"\/><br \/>\nLe march\u00e9 de droit divin, Capitalisme sauvage et populisme de march\u00e9, Thomas Frank, Agone<br class=\"autobr\"\/><br \/>\nD\u00e9fendre la ZAD, Collectif Maauvaise troupe, L\u2019\u00e9clat<br class=\"autobr\"\/><br \/>\nUn futur sans avenir, pourquoi il ne faut pas sauver la recherche scientifique, Oblomoff, L\u2019\u00e9chapp\u00e9e<br class=\"autobr\"\/><br \/>\nVoyage au creux du d\u00e9sordre, journal d\u2019un anti-nucl\u00e9aire, Hans-Christoph Buch, Hachette<br class=\"autobr\"\/><br \/>\nDe la justification, L. Boltanski, L. Th\u00e9venot, Gallimard<br class=\"autobr\"\/><br \/>\nQue faire de l\u2019Europe\u00a0? D\u00e9sob\u00e9ir pour reconstruire, Attac, Fondation Copernic, Les Liens qui Lib\u00e8rent<br class=\"autobr\"\/><br \/>\nChanger vraiment\u00a0! Quelles politiques \u00e9conomiques de gauche\u00a0?, Harribey, Khalfa Marty (coord.), Syllepse<br class=\"autobr\"\/><br \/>\nD\u00e9pendance, perte d\u2019autonomie, affaire priv\u00e9e ou s\u00e9curit\u00e9 sociale\u00a0?, Christiane Marty (coord.), Syllepse<br class=\"autobr\"\/><br \/>\nRetraites, l\u2019heure de v\u00e9rit\u00e9, Harribey, Khalfa, Marty (coord.), Syllepse<br class=\"autobr\"\/><br \/>\nUn imp\u00f4t juste pour une soci\u00e9t\u00e9 juste, Christiane Marty (coord.), Syllepse<br class=\"autobr\"\/><br \/>\nLes guerre des salamandres, Karel \u010capek, Cambourakis<\/p>\n<p>Un grand merci \u00e0 tou\u00b7tes les donnateur\u00b7ices, et notamment aux \u00e9ditions Divergences.<\/p>\n","protected":false},"excerpt":{"rendered":"\u00c9v\u00e8nements Pas de permanences ni d\u2019\u00e9v\u00e8nements cet \u00e9t\u00e9. La prochaine permanence aura lieu le mercredi 10\u00a0septembre, avec un&hellip;\n","protected":false},"author":2,"featured_media":268764,"comment_status":"","ping_status":"","sticky":false,"template":"","format":"standard","meta":{"footnotes":""},"categories":[1357],"tags":[1379,58,59,1011,27,1380],"class_list":{"0":"post-268763","1":"post","2":"type-post","3":"status-publish","4":"format-standard","5":"has-post-thumbnail","7":"category-livres","8":"tag-books","9":"tag-divertissement","10":"tag-entertainment","11":"tag-fr","12":"tag-france","13":"tag-livres"},"share_on_mastodon":{"url":"https:\/\/pubeurope.com\/@fr\/114904223663659283","error":""},"_links":{"self":[{"href":"https:\/\/www.europesays.com\/fr\/wp-json\/wp\/v2\/posts\/268763","targetHints":{"allow":["GET"]}}],"collection":[{"href":"https:\/\/www.europesays.com\/fr\/wp-json\/wp\/v2\/posts"}],"about":[{"href":"https:\/\/www.europesays.com\/fr\/wp-json\/wp\/v2\/types\/post"}],"author":[{"embeddable":true,"href":"https:\/\/www.europesays.com\/fr\/wp-json\/wp\/v2\/users\/2"}],"replies":[{"embeddable":true,"href":"https:\/\/www.europesays.com\/fr\/wp-json\/wp\/v2\/comments?post=268763"}],"version-history":[{"count":0,"href":"https:\/\/www.europesays.com\/fr\/wp-json\/wp\/v2\/posts\/268763\/revisions"}],"wp:featuredmedia":[{"embeddable":true,"href":"https:\/\/www.europesays.com\/fr\/wp-json\/wp\/v2\/media\/268764"}],"wp:attachment":[{"href":"https:\/\/www.europesays.com\/fr\/wp-json\/wp\/v2\/media?parent=268763"}],"wp:term":[{"taxonomy":"category","embeddable":true,"href":"https:\/\/www.europesays.com\/fr\/wp-json\/wp\/v2\/categories?post=268763"},{"taxonomy":"post_tag","embeddable":true,"href":"https:\/\/www.europesays.com\/fr\/wp-json\/wp\/v2\/tags?post=268763"}],"curies":[{"name":"wp","href":"https:\/\/api.w.org\/{rel}","templated":true}]}}