{"id":268765,"date":"2025-07-23T19:34:30","date_gmt":"2025-07-23T19:34:30","guid":{"rendered":"https:\/\/www.europesays.com\/fr\/268765\/"},"modified":"2025-07-23T19:34:30","modified_gmt":"2025-07-23T19:34:30","slug":"surprise-jean-luc-reichmann-annonce-deja-le-retour-demilien-dans-les-12-coups-de-midi-pour-une-soiree-exceptionnelle-cet-ete-video","status":"publish","type":"post","link":"https:\/\/www.europesays.com\/fr\/268765\/","title":{"rendered":"Surprise ! Jean-Luc Reichmann annonce d\u00e9j\u00e0 le retour d&rsquo;\u00c9milien dans Les 12 coups de midi pour une soir\u00e9e exceptionnelle cet \u00e9t\u00e9 (VIDEO)"},"content":{"rendered":"<p>Quelques semaines apr\u00e8s son \u00e9limination des 12 coups de midi sur TF1, \u00c9milien va faire son grand retour lors d&rsquo;un prime sp\u00e9cial. Une soir\u00e9e exceptionnelle dont Jean-Luc Reichmann a d\u00e9voil\u00e9 la date sur les r\u00e9seaux sociaux ce mercredi 23 juillet. On vous dit tout !<\/p>\n<p>L&rsquo;\u00e9limination d&rsquo;\u00c9milien dans Les 12 coups de midi sur TF1 a \u00e9t\u00e9 un drame pour de nombreux t\u00e9l\u00e9spectateurs. Apr\u00e8s 647 participations dans le jeu de <a href=\"https:\/\/www.programme-tv.net\/biographie\/2099-reichmann-jean-luc\/\" data-link-people=\"f5b49b93-58e5-45b7-be63-499f37b1b108\" rel=\"nofollow noopener\" target=\"_blank\">Jean-Luc Reichmann<\/a>,<a href=\"https:\/\/www.programme-tv.net\/news\/tv\/382434-jai-discute-avec-lui-emilien-les-12-coups-de-midi-revele-ce-quil-a-dit-a-romain-le-candidat-qui-la-elimine\/\" data-api-deeplink=\"teleloisirs:\/\/news\/382434\" rel=\"nofollow noopener\" target=\"_blank\"> l&rsquo;ultime Ma\u00eetre de midi s&rsquo;est inclin\u00e9 face \u00e0 Romain lors du Coup fatal le 6 juillet dernier<\/a>. Heureux d&#8217;empocher enfin ses<a href=\"https:\/\/www.programme-tv.net\/news\/tv\/382530-emilien-les-12-coups-de-midi-devoile-ce-quil-compte-faire-de-ses-gains-je-pense-que-c-est-important\/\" data-api-deeplink=\"teleloisirs:\/\/news\/382530\" rel=\"nofollow noopener\" target=\"_blank\"> 2 566 931 euros de gains et de cadeaux<\/a>, le Vend\u00e9en a laiss\u00e9 un grand vide sur le plateau du jeu. Ce mercredi 23 juillet, Jean-Luc Reichmann a d\u00e9voil\u00e9 une vid\u00e9o sur les r\u00e9seaux sociaux o\u00f9 il va r\u00e9conforter Charlotte, une fid\u00e8le de l&rsquo;\u00e9mission qui n&rsquo;a toujours pas dig\u00e9r\u00e9 le d\u00e9part d&rsquo;\u00c9milien&#8230;<\/p>\n<p>Jean-Luc Reichmann fait une adorable surprise \u00e0 une fan des 12 coups de midi<\/p>\n<p>C&rsquo;est une surprise qu&rsquo;elle n&rsquo;attendait pas. Alors qu&rsquo;elle \u00e9tait devant Les 12 coups de midi comme tous les jours \u00e0 la m\u00eame heure, Charlotte, 90 ans, a re\u00e7u la visite de Jean-Luc Reichmann.<b> \u00ab\u00a0On va faire une surprise \u00e0 une dame qui regarde tous les midis<\/b><b> Les 12 coups de midi<\/b><b>, qui s&rsquo;appelle Charlotte. Elle a 90 ans\u00a0\u00bb<\/b>, a expliqu\u00e9 l&rsquo;animateur avant de d\u00e9barquer dans le salon de la t\u00e9l\u00e9spectatrice. \u00ab\u00a0Comment \u00e7a va ? Je suis l\u00e0 et on m&rsquo;a dit qu&rsquo;il fallait que je passe parce que c&rsquo;\u00e9tait l&rsquo;heure. Je suis l\u00e0 (dans l&rsquo;\u00e9cran, N.D.L.R) et je suis l\u00e0 en m\u00eame temps. C&rsquo;est rigolo, non ?\u00a0\u00bb, a-t-il d\u00e9clar\u00e9. \u00ab\u00a0\u00c7a me fait plaisir de vous voir en personne\u00a0\u00bb, a r\u00e9agi Charlotte, tr\u00e8s touch\u00e9e par ce geste, avant de confirmer qu&rsquo;elle regardait l&rsquo;\u00e9mission \u00ab\u00a0tous les midis\u00a0\u00bb. \u00ab\u00a0\u00c9milien lui manque\u00a0\u00bb, a comment\u00e9 son fils Jean-Louis. Une information confirm\u00e9e par Charlotte qui a regrett\u00e9 avoir manqu\u00e9<a href=\"https:\/\/www.programme-tv.net\/news\/tv\/383085-le-combat-des-maitres-xavier-vs-emilien-qui-a-gagne-le-prime-special-des-12-coups-de-midi\/\" data-api-deeplink=\"teleloisirs:\/\/news\/383085\" rel=\"nofollow noopener\" target=\"_blank\"> Le Combat des Ma\u00eetres entre Xavier et \u00c9milien du 12 juillet dernier<\/a>.<\/p>\n<p>                        Les 12 coups de midi : Jean-Luc Reichmann annonce le retour d&rsquo;\u00c9milien pour un prime sp\u00e9cial<\/p>\n<p>\u00ab\u00a0Le samedi soir quand vous avez fait avec Xavier, qui a gagn\u00e9 alors ?\u00a0\u00bb, s&rsquo;est renseign\u00e9e Charlotte. \u00ab\u00a0C&rsquo;est Xavier. <a href=\"https:\/\/www.programme-tv.net\/news\/tv\/382993-xavier-les-12-coups-de-midi-reagit-a-sa-victoire-contre-emilien-dans-le-combat-des-maitres-les-statistiques-etaient-contre-moi\/\" data-api-deeplink=\"teleloisirs:\/\/news\/382993\" rel=\"nofollow noopener\" target=\"_blank\">\u00c9milien, il a perdu<\/a>\u00ab\u00a0, a inform\u00e9 Jean-Luc Reichmann avant d&rsquo;annoncer le retour d&rsquo;\u00c9milien dans quelques semaines pour une soir\u00e9e exceptionnelle des 12 coups de midi :<b> \u00ab\u00a0Mais il y en a un autre o\u00f9 \u00c9milien revient, le 22 ao\u00fbt, il va y avoir un nouveau Combat avec Xavier, avec \u00c9milien avec <\/b><a href=\"https:\/\/www.programme-tv.net\/news\/tv\/383103-je-passe-mon-tour-bruno-les-12-coups-de-midi-soulage-de-ne-pas-participer-au-combat-des-maitres-qui-oppose-xavier-et-emilien\/\" data-api-deeplink=\"teleloisirs:\/\/news\/383103\" rel=\"nofollow noopener\" target=\"_blank\"><b>tout le monde<\/b><\/a><b>.\u00a0\u00bb<\/b> Un prime que Charlotte ne compte pas manquer : \u00ab\u00a0Ah ! \u00c7a, je vais le regarder !\u00a0\u00bb<\/p>\n<blockquote class=\"instagram-media\" data-instgrm-captioned=\"\" data-instgrm-permalink=\"https:\/\/www.instagram.com\/reel\/DMclVsgMiXg\/?utm_source=ig_embed&amp;utm_campaign=loading\" data-instgrm-version=\"14\" style=\" background:#FFF; border:0; border-radius:3px; box-shadow:0 0 1px 0 rgba(0,0,0,0.5),0 1px 10px 0 rgba(0,0,0,0.15); margin: 1px; max-width:658px; min-width:326px; padding:0; width:99.375%; width:-webkit-calc(100% - 2px); width:calc(100% - 2px);\"\/>\n<p>        <script async src=\"\/\/www.instagram.com\/embed.js\"><\/script><\/p>\n","protected":false},"excerpt":{"rendered":"Quelques semaines apr\u00e8s son \u00e9limination des 12 coups de midi sur TF1, \u00c9milien va faire son grand retour&hellip;\n","protected":false},"author":2,"featured_media":268766,"comment_status":"","ping_status":"","sticky":false,"template":"","format":"standard","meta":{"footnotes":""},"categories":[1356],"tags":[244,58,8049,59,1011,27,465,8050,27173,252,199,1364],"class_list":{"0":"post-268765","1":"post","2":"type-post","3":"status-publish","4":"format-standard","5":"has-post-thumbnail","7":"category-television","8":"tag-commentaire","9":"tag-divertissement","10":"tag-emilien-les-12-coups-de-midi","11":"tag-entertainment","12":"tag-fr","13":"tag-france","14":"tag-jean-luc-reichmann","15":"tag-les-douze-coups-de-midi","16":"tag-maitre-de-midi","17":"tag-television","18":"tag-tf1","19":"tag-tv"},"share_on_mastodon":{"url":"https:\/\/pubeurope.com\/@fr\/114904227105702932","error":""},"_links":{"self":[{"href":"https:\/\/www.europesays.com\/fr\/wp-json\/wp\/v2\/posts\/268765","targetHints":{"allow":["GET"]}}],"collection":[{"href":"https:\/\/www.europesays.com\/fr\/wp-json\/wp\/v2\/posts"}],"about":[{"href":"https:\/\/www.europesays.com\/fr\/wp-json\/wp\/v2\/types\/post"}],"author":[{"embeddable":true,"href":"https:\/\/www.europesays.com\/fr\/wp-json\/wp\/v2\/users\/2"}],"replies":[{"embeddable":true,"href":"https:\/\/www.europesays.com\/fr\/wp-json\/wp\/v2\/comments?post=268765"}],"version-history":[{"count":0,"href":"https:\/\/www.europesays.com\/fr\/wp-json\/wp\/v2\/posts\/268765\/revisions"}],"wp:featuredmedia":[{"embeddable":true,"href":"https:\/\/www.europesays.com\/fr\/wp-json\/wp\/v2\/media\/268766"}],"wp:attachment":[{"href":"https:\/\/www.europesays.com\/fr\/wp-json\/wp\/v2\/media?parent=268765"}],"wp:term":[{"taxonomy":"category","embeddable":true,"href":"https:\/\/www.europesays.com\/fr\/wp-json\/wp\/v2\/categories?post=268765"},{"taxonomy":"post_tag","embeddable":true,"href":"https:\/\/www.europesays.com\/fr\/wp-json\/wp\/v2\/tags?post=268765"}],"curies":[{"name":"wp","href":"https:\/\/api.w.org\/{rel}","templated":true}]}}