{"id":268781,"date":"2025-07-23T19:42:16","date_gmt":"2025-07-23T19:42:16","guid":{"rendered":"https:\/\/www.europesays.com\/fr\/268781\/"},"modified":"2025-07-23T19:42:16","modified_gmt":"2025-07-23T19:42:16","slug":"israel-accuse-le-hamas-dorganiser-la-famine","status":"publish","type":"post","link":"https:\/\/www.europesays.com\/fr\/268781\/","title":{"rendered":"Isra\u00ebl accuse le Hamas d\u2019organiser la \u00ab\u00a0famine\u00a0\u00bb"},"content":{"rendered":"<p>Le gouvernement <a href=\"https:\/\/www.20minutes.fr\/monde\/israel\/\" class=\"color-ultramarine c-link\" target=\"_blank\" rel=\"noopener\">isra\u00e9lien <\/a>a d\u00e9clar\u00e9 mercredi qu\u2019il n\u2019\u00e9tait pas responsable de la p\u00e9nurie chronique de nourriture dans la bande de <a href=\"https:\/\/www.20minutes.fr\/monde\/gaza\/\" class=\"color-ultramarine c-link\" target=\"_blank\" rel=\"noopener\">Gaza <\/a>et a accus\u00e9 le mouvement islamiste <a href=\"https:\/\/www.20minutes.fr\/monde\/etat_palestinien\/\" class=\"color-ultramarine c-link\" target=\"_blank\" rel=\"noopener\">palestinien<\/a> <a href=\"https:\/\/www.20minutes.fr\/monde\/hamas\/\" class=\"color-ultramarine c-link\" target=\"_blank\" rel=\"noopener\">Hamas <\/a>d\u2019avoir d\u00e9lib\u00e9r\u00e9ment cr\u00e9\u00e9 une crise.<\/p>\n<\/p>\n<p>\u00ab\u00a0\u00c0 Gaza aujourd\u2019hui il n\u2019y a pas de famine caus\u00e9e par Isra\u00ebl\u00a0\u00bb, a affirm\u00e9 le porte-parole du gouvernement, David Mencer, apr\u00e8s <a href=\"https:\/\/www.20minutes.fr\/monde\/4164904-20250723-gaza-centaine-ong-avertissent-risque-famine-masse\" class=\"color-ultramarine c-link\" target=\"_blank\" rel=\"noopener\">la mise en garde lanc\u00e9e par plus de 100 ONG contre une \u00ab\u00a0famine\u00a0\u00bb g\u00e9n\u00e9ralis\u00e9e<\/a>, exhortant Isra\u00ebl \u00e0 d\u00e9bloquer l\u2019aide humanitaire. \u00ab\u00a0Il s\u2019agit d\u2019une p\u00e9nurie provoqu\u00e9e par le Hamas\u00a0\u00bb, a-t-il ajout\u00e9, accusant le mouvement d\u2019emp\u00eacher la distribution de nourriture et de piller l\u2019aide pour ses propres besoins.<\/p>\n<p>En accord avec \u00ab\u00a0le droit international\u00a0\u00bb<\/p>\n<p>Le pr\u00e9sident isra\u00e9lien Isaac Herzog s\u2019est rendu mercredi \u00e0 Gaza, pour la premi\u00e8re fois depuis le d\u00e9but de la guerre, et a affirm\u00e9 qu\u2019Isra\u00ebl agissait en accord avec \u00ab\u00a0le droit international\u00a0\u00bb, selon un communiqu\u00e9 de son bureau. \u00ab\u00a0Nous agissons ici conform\u00e9ment au droit international. Nous fournissons une aide humanitaire conform\u00e9ment au droit international. Ceux qui tentent de saboter cette aide sont le Hamas et ses partisans\u00a0\u00bb, a d\u00e9clar\u00e9 Isaac Herzog, s\u2019exprimant devant des soldats isra\u00e9liens dans le territoire palestinien ravag\u00e9 par vingt et un mois de guerre.<\/p>\n<p>En parall\u00e8le, le directeur g\u00e9n\u00e9ral de l\u2019Organisation mondiale de la sant\u00e9 (OMS) a alert\u00e9 sur la gravit\u00e9 de la situation humanitaire. \u00ab\u00a0Une grande proportion de la population \u00e0 Gaza mourra de faim\u00a0\u00bb, a affirm\u00e9 mercredi Tedros Adhanom Ghebreyesus lors d\u2019une conf\u00e9rence de presse \u00e0 Gen\u00e8ve. \u00ab\u00a0Je ne sais pas comment on pourrait appeler cela autrement que des gens mourant de faim en masse, et c\u2019est cr\u00e9\u00e9 par l\u2019homme\u00a0\u00bb, a-t-il ajout\u00e9.<\/p>\n","protected":false},"excerpt":{"rendered":"Le gouvernement isra\u00e9lien a d\u00e9clar\u00e9 mercredi qu\u2019il n\u2019\u00e9tait pas responsable de la p\u00e9nurie chronique de nourriture dans la&hellip;\n","protected":false},"author":2,"featured_media":268782,"comment_status":"","ping_status":"","sticky":false,"template":"","format":"standard","meta":{"footnotes":""},"categories":[5],"tags":[47,11,3259,8421,12980,1011,27,665,3519,14,664,74,12,3518,28],"class_list":{"0":"post-268781","1":"post","2":"type-post","3":"status-publish","4":"format-standard","5":"has-post-thumbnail","7":"category-international","8":"tag-actualite","9":"tag-actualites","10":"tag-conflit-israelo-palestinien","11":"tag-etat-palestinien","12":"tag-famine","13":"tag-fr","14":"tag-france","15":"tag-gaza","16":"tag-hamas","17":"tag-international","18":"tag-israel","19":"tag-monde","20":"tag-news","21":"tag-palestine","22":"tag-world"},"share_on_mastodon":{"url":"https:\/\/pubeurope.com\/@fr\/114904258600277885","error":""},"_links":{"self":[{"href":"https:\/\/www.europesays.com\/fr\/wp-json\/wp\/v2\/posts\/268781","targetHints":{"allow":["GET"]}}],"collection":[{"href":"https:\/\/www.europesays.com\/fr\/wp-json\/wp\/v2\/posts"}],"about":[{"href":"https:\/\/www.europesays.com\/fr\/wp-json\/wp\/v2\/types\/post"}],"author":[{"embeddable":true,"href":"https:\/\/www.europesays.com\/fr\/wp-json\/wp\/v2\/users\/2"}],"replies":[{"embeddable":true,"href":"https:\/\/www.europesays.com\/fr\/wp-json\/wp\/v2\/comments?post=268781"}],"version-history":[{"count":0,"href":"https:\/\/www.europesays.com\/fr\/wp-json\/wp\/v2\/posts\/268781\/revisions"}],"wp:featuredmedia":[{"embeddable":true,"href":"https:\/\/www.europesays.com\/fr\/wp-json\/wp\/v2\/media\/268782"}],"wp:attachment":[{"href":"https:\/\/www.europesays.com\/fr\/wp-json\/wp\/v2\/media?parent=268781"}],"wp:term":[{"taxonomy":"category","embeddable":true,"href":"https:\/\/www.europesays.com\/fr\/wp-json\/wp\/v2\/categories?post=268781"},{"taxonomy":"post_tag","embeddable":true,"href":"https:\/\/www.europesays.com\/fr\/wp-json\/wp\/v2\/tags?post=268781"}],"curies":[{"name":"wp","href":"https:\/\/api.w.org\/{rel}","templated":true}]}}