{"id":268789,"date":"2025-07-23T19:46:12","date_gmt":"2025-07-23T19:46:12","guid":{"rendered":"https:\/\/www.europesays.com\/fr\/268789\/"},"modified":"2025-07-23T19:46:12","modified_gmt":"2025-07-23T19:46:12","slug":"loire-attention-orage-des-jeudi","status":"publish","type":"post","link":"https:\/\/www.europesays.com\/fr\/268789\/","title":{"rendered":"LOIRE : ATTENTION ORAGE D\u00c8S JEUDI"},"content":{"rendered":"<p>                <a href=\"https:\/\/cadenceradio.fr\" target=\"_blank\" aria-label=\"Banni\u00e8re Cadence 2025\" rel=\"nofollow noopener\"><img loading=\"lazy\" decoding=\"async\" src=\"https:\/\/www.europesays.com\/fr\/wp-content\/uploads\/2025\/07\/Banniere-Cadence-2025-scaled.jpg\" alt=\"\"   width=\"2560\" height=\"738\"\/><\/a><\/p>\n<p>Les perturbations atmosph\u00e9riques devraient s\u2019intensifier d\u00e8s les premi\u00e8res heures du jour. Une d\u00e9pression d\u2019altitude persistante au-dessus de l\u2019Hexagone maintiendra des conditions propices au d\u00e9veloppement de cellules orageuses, particuli\u00e8rement sur la partie orientale du territoire national.<\/p>\n<p>Le bulletin m\u00e9t\u00e9orologique indique que la quasi-totalit\u00e9 du territoire lig\u00e9rien sera concern\u00e9e par ces manifestations \u00e9lectriques. Seule la commune de Saint-Pierre-de-B\u0153uf et sa p\u00e9riph\u00e9rie imm\u00e9diate pourraient \u00e9chapper aux pr\u00e9cipitations. Les ph\u00e9nom\u00e8nes devraient persister jusqu\u2019en fin d\u2019apr\u00e8s-midi, avec des risques de pr\u00e9cipitations intenses et de chutes de gr\u00ealons.<\/p>\n<p>Les habitants devront \u00e9galement composer avec une baisse sensible des temp\u00e9ratures. Les principales agglom\u00e9rations du d\u00e9partement \u2013 Saint-\u00c9tienne, Feurs et Roanne \u2013 plafonneront \u00e0 23 degr\u00e9s, soit trois degr\u00e9s sous les valeurs habituelles pour cette p\u00e9riode estivale.<\/p>\n<p>Les zones d\u2019altitude subiront un refroidissement encore plus marqu\u00e9. La commune de Saint-Bonnet-le-Ch\u00e2teau enregistrera des maximales limit\u00e9es \u00e0 16 degr\u00e9s, rappelant davantage une journ\u00e9e automnale qu\u2019un mois de juillet.<\/p>\n<p>Cette succession d\u2019\u00e9pisodes orageux t\u00e9moigne de l\u2019instabilit\u00e9 atmosph\u00e9rique persistante qui caract\u00e9rise cette fin juillet dans le d\u00e9partement lig\u00e9rien.<\/p>\n","protected":false},"excerpt":{"rendered":"Les perturbations atmosph\u00e9riques devraient s\u2019intensifier d\u00e8s les premi\u00e8res heures du jour. Une d\u00e9pression d\u2019altitude persistante au-dessus de l\u2019Hexagone&hellip;\n","protected":false},"author":2,"featured_media":268790,"comment_status":"","ping_status":"","sticky":false,"template":"","format":"standard","meta":{"footnotes":""},"categories":[9653],"tags":[1111,11,2430,1777,674,1011,27,3367,2487,12,14113,25,4001],"class_list":{"0":"post-268789","1":"post","2":"type-post","3":"status-publish","4":"format-standard","5":"has-post-thumbnail","7":"category-saint-etienne","8":"tag-actu","9":"tag-actualites","10":"tag-auvergne-rhone-alpes","11":"tag-eu","12":"tag-europe","13":"tag-fr","14":"tag-france","15":"tag-loire","16":"tag-meteo","17":"tag-news","18":"tag-orage","19":"tag-republique-francaise","20":"tag-saint-etienne"},"share_on_mastodon":{"url":"https:\/\/pubeurope.com\/@fr\/114904274242908986","error":""},"_links":{"self":[{"href":"https:\/\/www.europesays.com\/fr\/wp-json\/wp\/v2\/posts\/268789","targetHints":{"allow":["GET"]}}],"collection":[{"href":"https:\/\/www.europesays.com\/fr\/wp-json\/wp\/v2\/posts"}],"about":[{"href":"https:\/\/www.europesays.com\/fr\/wp-json\/wp\/v2\/types\/post"}],"author":[{"embeddable":true,"href":"https:\/\/www.europesays.com\/fr\/wp-json\/wp\/v2\/users\/2"}],"replies":[{"embeddable":true,"href":"https:\/\/www.europesays.com\/fr\/wp-json\/wp\/v2\/comments?post=268789"}],"version-history":[{"count":0,"href":"https:\/\/www.europesays.com\/fr\/wp-json\/wp\/v2\/posts\/268789\/revisions"}],"wp:featuredmedia":[{"embeddable":true,"href":"https:\/\/www.europesays.com\/fr\/wp-json\/wp\/v2\/media\/268790"}],"wp:attachment":[{"href":"https:\/\/www.europesays.com\/fr\/wp-json\/wp\/v2\/media?parent=268789"}],"wp:term":[{"taxonomy":"category","embeddable":true,"href":"https:\/\/www.europesays.com\/fr\/wp-json\/wp\/v2\/categories?post=268789"},{"taxonomy":"post_tag","embeddable":true,"href":"https:\/\/www.europesays.com\/fr\/wp-json\/wp\/v2\/tags?post=268789"}],"curies":[{"name":"wp","href":"https:\/\/api.w.org\/{rel}","templated":true}]}}