{"id":268806,"date":"2025-07-23T19:59:25","date_gmt":"2025-07-23T19:59:25","guid":{"rendered":"https:\/\/www.europesays.com\/fr\/268806\/"},"modified":"2025-07-23T19:59:25","modified_gmt":"2025-07-23T19:59:25","slug":"lappel-de-plusieurs-jeunes-pour-rendre-le-centre-bretagne-plus-accessible","status":"publish","type":"post","link":"https:\/\/www.europesays.com\/fr\/268806\/","title":{"rendered":"L&rsquo;appel de plusieurs jeunes pour rendre le Centre-Bretagne plus accessible"},"content":{"rendered":"<p><img decoding=\"async\" class=\"\" style=\"width:100%\" src=\"https:\/\/www.europesays.com\/fr\/wp-content\/uploads\/2025\/07\/PhotodegroupeUDBjeunes1753287559983.jpeg\" alt=\"Plusieurs jeunes marchent en direction de Rennes \"\/><\/p>\n<p>Plusieurs jeunes marchent en direction de Rennes <\/p>\n<p>Cr\u00e9dit : UDB, Union D\u00e9mocratique Bretonne <\/p>\n<p>Marcher pour alerter sur le manque de transports en Centre-Bretagne. C&rsquo;est l&rsquo;objectif d&rsquo;une mobilisation, initi\u00e9e dimanche 20 juillet \u00e0 Glomel et qui se terminera, mardi 29 juillet \u00e0 Rennes.  <\/p>\n<p style=\"text-align: justify;\">Ils viennent de Carhaix (29), Rostrenen (22) ou encore Pontivy (56), \u00e0 l\u2019initiative de l\u2019UDB, l\u2019Union D\u00e9mocratique Bretonne, plusieurs jeunes marchent depuis dimanche dernier pour d\u00e9noncer le manque de transports au sein du Centre-Bretagne. \u00ab Il y a une ligne de train en Nord Bretagne, une au sud et seulement une toute petite ligne entre Guingamp et Carhaix \u00bb explique Pierre Arzul, porte-parole des jeunes de l&rsquo;Union D\u00e9mocratique Bretonne. \u00ab Cette op\u00e9ration vient apr\u00e8s des t\u00e9moignages concrets de certains jeunes bretons et bretonnes du Centre-Bretagne. Aller voir sa famille, aller \u00e9tudier \u00e0 Rennes, tout peut \u00eatre remis en cause lorsqu&rsquo;on habite en centre-Bretagne et que nous sommes sans permis \u00bb. Cette d\u00e9marche, initi\u00e9e dimanche 20 juillet, a pour but d&rsquo;alerter les politiques. L&rsquo;UDB demande la r\u00e9ouverture de lignes ferroviaires comme celle de Morlaix\u2013Roscoff et le d\u00e9veloppement des transports collectifs en zones rurales.\u00a0<\/p>\n<p>Reportage \u00e0 Gouarec, en Centre-Bretagne Reportage \u00e0 Gouarec, en Centre-Bretagne <\/p>\n<p>Reportage \u00e0 Gouarec, en Centre-Bretagne <\/p>\n<p>Cr\u00e9dit : Romain H<\/p>\n<p><strong>Alerter sur l&rsquo;avenir du Centre-Bretagne\u00a0<\/strong><\/p>\n<p style=\"text-align: justify;\">Au-del\u00e0 des transports, l&rsquo;Union D\u00e9mocratique Bretonne d\u00e9fend une r\u00e9gion plus autonome, notamment pour l&rsquo;avenir et l&rsquo;attractivit\u00e9 du Centre-Bretagne. \u00ab On ne peut pas se permettre de venir en mocassin depuis Paris, faire l&rsquo;aller-retour en avion en une journ\u00e9e, pour construire un territoire comme le Centre-Bretagne. Il faut que la comp\u00e9tence passe \u00e0 la r\u00e9gion \u00bb explique le Porte-Parole de l&rsquo;UDB Jeunes. <\/p>\n<p>La marche se terminera mardi 29 juillet \u00e0 Rennes, entre temps, ils passeront par Caurel, Cl\u00e9gu\u00e9rec, Josselin ou encore Plo\u00ebrmel.<\/p>\n<p>Mobilisation de l&rsquo;UDBMobilisation de l&rsquo;UDB<\/p>\n<p>Cr\u00e9dit : Romain H<\/p>\n","protected":false},"excerpt":{"rendered":"Plusieurs jeunes marchent en direction de Rennes Cr\u00e9dit : UDB, Union D\u00e9mocratique Bretonne Marcher pour alerter sur le&hellip;\n","protected":false},"author":2,"featured_media":268807,"comment_status":"","ping_status":"","sticky":false,"template":"","format":"standard","meta":{"footnotes":""},"categories":[2821],"tags":[1111,11,829,2171,9595,9594,1777,674,9593,3337,2257,1011,27,4044,848,1114,5862,66,3047,1781,3729,766,12,9144,7762,2636,9596,584,25,4937,3272,60,3165],"class_list":{"0":"post-268806","1":"post","2":"type-post","3":"status-publish","4":"format-standard","5":"has-post-thumbnail","7":"category-rennes","8":"tag-actu","9":"tag-actualites","10":"tag-bretagne","11":"tag-cotes-darmor","12":"tag-eag","13":"tag-en-avant-guingamp","14":"tag-eu","15":"tag-europe","16":"tag-fcn","17":"tag-festivals","18":"tag-foot","19":"tag-fr","20":"tag-france","21":"tag-guingamp","22":"tag-ille-et-vilaine","23":"tag-infos","24":"tag-lannion","25":"tag-ligue-1","26":"tag-loire-atlantique","27":"tag-lorient","28":"tag-morbihan","29":"tag-nantes","30":"tag-news","31":"tag-ouest","32":"tag-paimpol","33":"tag-pays-de-la-loire","34":"tag-questembert","35":"tag-rennes","36":"tag-republique-francaise","37":"tag-saint-brieuc","38":"tag-saint-nazaire","39":"tag-sports","40":"tag-vannes"},"share_on_mastodon":{"url":"https:\/\/pubeurope.com\/@fr\/114904325378451314","error":""},"_links":{"self":[{"href":"https:\/\/www.europesays.com\/fr\/wp-json\/wp\/v2\/posts\/268806","targetHints":{"allow":["GET"]}}],"collection":[{"href":"https:\/\/www.europesays.com\/fr\/wp-json\/wp\/v2\/posts"}],"about":[{"href":"https:\/\/www.europesays.com\/fr\/wp-json\/wp\/v2\/types\/post"}],"author":[{"embeddable":true,"href":"https:\/\/www.europesays.com\/fr\/wp-json\/wp\/v2\/users\/2"}],"replies":[{"embeddable":true,"href":"https:\/\/www.europesays.com\/fr\/wp-json\/wp\/v2\/comments?post=268806"}],"version-history":[{"count":0,"href":"https:\/\/www.europesays.com\/fr\/wp-json\/wp\/v2\/posts\/268806\/revisions"}],"wp:featuredmedia":[{"embeddable":true,"href":"https:\/\/www.europesays.com\/fr\/wp-json\/wp\/v2\/media\/268807"}],"wp:attachment":[{"href":"https:\/\/www.europesays.com\/fr\/wp-json\/wp\/v2\/media?parent=268806"}],"wp:term":[{"taxonomy":"category","embeddable":true,"href":"https:\/\/www.europesays.com\/fr\/wp-json\/wp\/v2\/categories?post=268806"},{"taxonomy":"post_tag","embeddable":true,"href":"https:\/\/www.europesays.com\/fr\/wp-json\/wp\/v2\/tags?post=268806"}],"curies":[{"name":"wp","href":"https:\/\/api.w.org\/{rel}","templated":true}]}}