{"id":26881,"date":"2025-04-15T15:47:12","date_gmt":"2025-04-15T15:47:12","guid":{"rendered":"https:\/\/www.europesays.com\/fr\/26881\/"},"modified":"2025-04-15T15:47:12","modified_gmt":"2025-04-15T15:47:12","slug":"cest-quoi-ces-mini-maisons-installees-dans-le-quartier-de-la-robertsau","status":"publish","type":"post","link":"https:\/\/www.europesays.com\/fr\/26881\/","title":{"rendered":"c&rsquo;est quoi ces mini maisons install\u00e9es dans le quartier de la Robertsau\u00a0?"},"content":{"rendered":"<p>            Par<br \/>\n        <strong><br \/>\n            <a href=\"https:\/\/actu.fr\/auteur\/margot-fournie\" title=\"Consulter tous les articles de Margot Fournie\" target=\"_blank\" rel=\"noopener\">Margot Fournie<\/a><br \/>\n        <\/strong><\/p>\n<p>        Publi\u00e9 le<\/p>\n<p>            15 avr. 2025 \u00e0 12h18        <\/p>\n<p>Voil\u00e0 deux semaines que <strong>cinq maisons mobiles<\/strong>, faites de <strong>bois<\/strong> et d\u2019<strong>acier<\/strong>, ont pris place sur un <strong>terrain communal<\/strong>, situ\u00e9 rue de la Carpe-Haute dans le quartier de la Robertsau, \u00e0 <a href=\"https:\/\/actu.fr\/strasbourg\/\" target=\"_blank\" rel=\"noopener\">Strasbourg<\/a>. Ces maisonnettes de <strong>25 m\u00b2<\/strong> y resteront <strong>deux ans<\/strong>.<\/p>\n<p class=\" wall-content\">Elles ont \u00e9t\u00e9 pr\u00e9sent\u00e9es lors d\u2019une conf\u00e9rence de presse le 14\u00a0avril. On vous explique \u00e0 quoi elles vont servir.<\/p>\n<p>Des maisons innovantes pour h\u00e9berger cinq familles sans domicile<\/p>\n<p class=\" wall-content\">Ces maisons mobiles ont co\u00fbt\u00e9 400\u2009000\u00a0euros. Con\u00e7ues par la soci\u00e9t\u00e9 Hekipia, elles vont servir \u00e0 accueillir <strong>cinq familles, avec des enfants<\/strong>, qui <strong>vivaient auparavant dans la rue<\/strong>.<\/p>\n<p class=\" wall-content\">Ces tiny-houses, nomm\u00e9es \u00ab\u2009Bulles d\u2019air\u2009\u00bb, sont toutes meubl\u00e9es, \u00e9quip\u00e9es d\u2019une <strong>pompe \u00e0 chaleur<\/strong> qui fait office \u00e0 la fois de chauffage et de climatiseur.<\/p>\n<p class=\" wall-content\">On y retrouve <strong>deux chambres<\/strong>, un espace <strong>salle \u00e0 manger<\/strong> avec une cuisine, un <strong>petit cellier<\/strong>, mais aussi <strong>une salle de bains<\/strong>. Toutefois, cette derni\u00e8re est inutilisable, car non raccord\u00e9e \u00e0 l\u2019eau. Des douches et des sanitaires se trouvent dans un b\u00e2timent \u00e0 part, sur le m\u00eame terrain.<\/p>\n<p>Vid\u00e9os : en ce moment sur Actu<br \/>\n      <img   decoding=\"async\" loading=\"lazy\" src=\"https:\/\/www.europesays.com\/fr\/wp-content\/uploads\/2025\/04\/temuri-et-son-fils-strasbourg-tiny-house-960x640.jpg\" alt=\"Temuri occupe une des tiny house avec son fils, sa fille et sa femme depuis un peu plus d'une semaine.\" width=\"960\" height=\"640\"\/><br \/>\n    Temuri occupe une des tiny houses avec son fils, sa fille et sa femme depuis un peu plus d\u2019une semaine. (\u00a9Margot Fourni\u00e9 \/ Actu Strasbourg)Des parcours de vie difficiles<\/p>\n<p class=\" wall-content\">Temuri y a emm\u00e9nag\u00e9 avec sa femme et ses deux enfants, \u00e2g\u00e9s de<strong> 7 et 8\u00a0ans<\/strong>, il y a une semaine.<\/p>\n<p class=\" wall-content\">Ce ressortissant g\u00e9orgien raconte qu\u2019il est <strong>arriv\u00e9 en France il y a deux ans<\/strong> et qu\u2019il vivait auparavant dans sa \u00ab\u2009<strong>voiture<\/strong>. Si on a eu cette maison, c\u2019est parce que la <strong>directrice de l\u2019\u00e9cole Langevin<\/strong>, o\u00f9 sont scolaris\u00e9s mes enfants, a discut\u00e9 avec la mairie.\u2009\u00bb<\/p>\n<p>Une politique men\u00e9e par la Ville depuis 2022<\/p>\n<p class=\" wall-content\">Pour b\u00e9n\u00e9ficier de cet accueil, il fallait effectivement que \u00ab\u2009les familles soient <strong>compos\u00e9es de trois ou quatre personnes<\/strong> et que les enfants soient scolaris\u00e9s dans nos \u00e9coles. Apr\u00e8s, c\u2019est <strong>le tissu associatif local<\/strong> qui nous <strong>les a pr\u00e9sent\u00e9s<\/strong>\u2009\u00bb, expose Floriane Varieras, \u00e9lue en charge des solidarit\u00e9s sociales.<\/p>\n<p class=\" wall-content\">Ce projet s\u2019inscrit dans la politique d\u2019habitat intercalaire, c\u2019est-\u00e0-dire de <strong>logements provisoires install\u00e9s sur des terrains inoccup\u00e9s<\/strong>, men\u00e9e par le Ville <strong>depuis 2022<\/strong>.<\/p>\n<p class=\" wall-content\">\u00ab\u2009On a commenc\u00e9 par <strong>nos grands b\u00e2timents<\/strong>. C\u2019est comme \u00e7a que le <a href=\"https:\/\/actu.fr\/grand-est\/strasbourg_67482\/strasbourg-victime-d-un-incendie-ce-centre-d-accueil-pour-sans-abris-ouvre-dans-un-nouveau-quartier_61861871.html\" target=\"_blank\" rel=\"noopener\">centre d\u2019accueil la T\u2019r\u00eave<\/a> a pu voir le jour. Il nous restait la possibilit\u00e9 d\u2019utiliser <strong>nos terrains nus<\/strong> comme celui de la Carpe-Haute\u2009\u00bb, rappelle la maire de Strasbourg, <a href=\"https:\/\/actu.fr\/tag\/jeanne-barseghian\" target=\"_blank\" rel=\"noopener\">Jeanne Barseghian<\/a>.<\/p>\n<p class=\" wall-content\">Suivez toute l\u2019actualit\u00e9 de vos villes et m\u00e9dias favoris en vous inscrivant \u00e0 <a href=\"https:\/\/moncompte.actu.fr\" title=\"D\u00e9couvez Mon Actu\" rel=\"nofollow noopener\" data-trk=\"{&quot;cta&quot;:{&quot;action&quot;:&quot;https:\\\/\\\/moncompte.actu.fr&quot;,&quot;category&quot;:&quot;mon compte&quot;,&quot;from&quot;:&quot;article footer&quot;,&quot;name&quot;:&quot;Mon actu&quot;,&quot;type&quot;:&quot;cta&quot;}}\" target=\"_blank\">Mon Actu<\/a>.<\/p>\n","protected":false},"excerpt":{"rendered":"Par Margot Fournie Publi\u00e9 le 15 avr. 2025 \u00e0 12h18 Voil\u00e0 deux semaines que cinq maisons mobiles, faites&hellip;\n","protected":false},"author":2,"featured_media":26882,"comment_status":"","ping_status":"","sticky":false,"template":"","format":"standard","meta":{"footnotes":""},"categories":[2820],"tags":[1111,11,1777,674,652,1011,27,775,1908,12,25,104,3400,640],"class_list":{"0":"post-26881","1":"post","2":"type-post","3":"status-publish","4":"format-standard","5":"has-post-thumbnail","7":"category-strasbourg","8":"tag-actu","9":"tag-actualites","10":"tag-eu","11":"tag-europe","12":"tag-famille","13":"tag-fr","14":"tag-france","15":"tag-grand-est","16":"tag-logement","17":"tag-news","18":"tag-republique-francaise","19":"tag-societe","20":"tag-solidarite","21":"tag-strasbourg"},"share_on_mastodon":{"url":"https:\/\/pubeurope.com\/@fr\/114342765859303771","error":""},"_links":{"self":[{"href":"https:\/\/www.europesays.com\/fr\/wp-json\/wp\/v2\/posts\/26881","targetHints":{"allow":["GET"]}}],"collection":[{"href":"https:\/\/www.europesays.com\/fr\/wp-json\/wp\/v2\/posts"}],"about":[{"href":"https:\/\/www.europesays.com\/fr\/wp-json\/wp\/v2\/types\/post"}],"author":[{"embeddable":true,"href":"https:\/\/www.europesays.com\/fr\/wp-json\/wp\/v2\/users\/2"}],"replies":[{"embeddable":true,"href":"https:\/\/www.europesays.com\/fr\/wp-json\/wp\/v2\/comments?post=26881"}],"version-history":[{"count":0,"href":"https:\/\/www.europesays.com\/fr\/wp-json\/wp\/v2\/posts\/26881\/revisions"}],"wp:featuredmedia":[{"embeddable":true,"href":"https:\/\/www.europesays.com\/fr\/wp-json\/wp\/v2\/media\/26882"}],"wp:attachment":[{"href":"https:\/\/www.europesays.com\/fr\/wp-json\/wp\/v2\/media?parent=26881"}],"wp:term":[{"taxonomy":"category","embeddable":true,"href":"https:\/\/www.europesays.com\/fr\/wp-json\/wp\/v2\/categories?post=26881"},{"taxonomy":"post_tag","embeddable":true,"href":"https:\/\/www.europesays.com\/fr\/wp-json\/wp\/v2\/tags?post=26881"}],"curies":[{"name":"wp","href":"https:\/\/api.w.org\/{rel}","templated":true}]}}