{"id":268810,"date":"2025-07-23T20:01:11","date_gmt":"2025-07-23T20:01:11","guid":{"rendered":"https:\/\/www.europesays.com\/fr\/268810\/"},"modified":"2025-07-23T20:01:11","modified_gmt":"2025-07-23T20:01:11","slug":"strasbourg-des-activites-ludiques-et-pedagogiques-avec-arachnima","status":"publish","type":"post","link":"https:\/\/www.europesays.com\/fr\/268810\/","title":{"rendered":"Strasbourg. Des activit\u00e9s ludiques et p\u00e9dagogiques avec Arachnima"},"content":{"rendered":"<p>les enfants sont venus en nombre du 16 au 20\u00a0juillet au parc Schulmeister. Autour de jeux de bois propos\u00e9s par les CSC (centres socioculturels) de la Meinau et du Neuhof, des partenaires ont \u00e9galement particip\u00e9 pour offrir des moments hors du temps aux enfants qui n\u2019ont pas forc\u00e9ment l\u2019opportunit\u00e9 de partir en vacances.<\/p>\n<p>Allier p\u00e9dagogie et plaisir est un des piliers d\u2019Arachnima, c\u2019est pourquoi l\u2019Agence du climat a invit\u00e9 les jeunes \u00e0 d\u00e9couvrir comment am\u00e9liorer leur empreinte carbone \u00e0 travers des jeux sur le r\u00e9chauffement climatique. Le Jardin des sciences a familiaris\u00e9 les jeunes \u00e0 l\u2019astronomie avec des exp\u00e9riences autour&#8230;<\/p>\n","protected":false},"excerpt":{"rendered":"les enfants sont venus en nombre du 16 au 20\u00a0juillet au parc Schulmeister. Autour de jeux de bois&hellip;\n","protected":false},"author":2,"featured_media":268811,"comment_status":"","ping_status":"","sticky":false,"template":"","format":"standard","meta":{"footnotes":""},"categories":[2820],"tags":[1111,11,1687,2880,1777,674,1011,27,775,12,25,640,2879],"class_list":{"0":"post-268810","1":"post","2":"type-post","3":"status-publish","4":"format-standard","5":"has-post-thumbnail","7":"category-strasbourg","8":"tag-actu","9":"tag-actualites","10":"tag-culture-loisirs","11":"tag-edition-strasbourg","12":"tag-eu","13":"tag-europe","14":"tag-fr","15":"tag-france","16":"tag-grand-est","17":"tag-news","18":"tag-republique-francaise","19":"tag-strasbourg","20":"tag-strasbourg-ville"},"share_on_mastodon":{"url":"https:\/\/pubeurope.com\/@fr\/114904333447760685","error":""},"_links":{"self":[{"href":"https:\/\/www.europesays.com\/fr\/wp-json\/wp\/v2\/posts\/268810","targetHints":{"allow":["GET"]}}],"collection":[{"href":"https:\/\/www.europesays.com\/fr\/wp-json\/wp\/v2\/posts"}],"about":[{"href":"https:\/\/www.europesays.com\/fr\/wp-json\/wp\/v2\/types\/post"}],"author":[{"embeddable":true,"href":"https:\/\/www.europesays.com\/fr\/wp-json\/wp\/v2\/users\/2"}],"replies":[{"embeddable":true,"href":"https:\/\/www.europesays.com\/fr\/wp-json\/wp\/v2\/comments?post=268810"}],"version-history":[{"count":0,"href":"https:\/\/www.europesays.com\/fr\/wp-json\/wp\/v2\/posts\/268810\/revisions"}],"wp:featuredmedia":[{"embeddable":true,"href":"https:\/\/www.europesays.com\/fr\/wp-json\/wp\/v2\/media\/268811"}],"wp:attachment":[{"href":"https:\/\/www.europesays.com\/fr\/wp-json\/wp\/v2\/media?parent=268810"}],"wp:term":[{"taxonomy":"category","embeddable":true,"href":"https:\/\/www.europesays.com\/fr\/wp-json\/wp\/v2\/categories?post=268810"},{"taxonomy":"post_tag","embeddable":true,"href":"https:\/\/www.europesays.com\/fr\/wp-json\/wp\/v2\/tags?post=268810"}],"curies":[{"name":"wp","href":"https:\/\/api.w.org\/{rel}","templated":true}]}}