{"id":268812,"date":"2025-07-23T20:02:21","date_gmt":"2025-07-23T20:02:21","guid":{"rendered":"https:\/\/www.europesays.com\/fr\/268812\/"},"modified":"2025-07-23T20:02:21","modified_gmt":"2025-07-23T20:02:21","slug":"a-strasbourg-le-restaurant-ondine-nous-invite-a-rencontrer-les-producteurs","status":"publish","type":"post","link":"https:\/\/www.europesays.com\/fr\/268812\/","title":{"rendered":"\u00e0 Strasbourg, le restaurant Ondine nous invite \u00e0 rencontrer les producteurs"},"content":{"rendered":"<p>    <img loading=\"lazy\" width=\"1800\" height=\"900\" src=\"https:\/\/www.europesays.com\/fr\/wp-content\/uploads\/2025\/04\/jeanne-callthepolice.jpg\" class=\"attachment-full size-full\" alt=\"\" id=\"imageLove\" decoding=\"async\"  \/><\/p>\n<p id=\"breadcrumbs\"><a href=\"https:\/\/pokaa.fr\/\" target=\"_blank\" rel=\"noopener\">Accueil<\/a> \/ <a href=\"https:\/\/pokaa.fr\/categories\/ses-sorties\/\" target=\"_blank\" rel=\"noopener\">Sorties<\/a> \/ D\u00eeners d\u2019exception : \u00e0 Strasbourg, le restaurant Ondine nous invite \u00e0 rencontrer les producteurs<\/p>\n<p>                    Sorties<\/p>\n<p><strong>Ondine, c\u2019est cette adresse gastronomique intimiste situ\u00e9e dans la petite rue des Dentelles \u00e0 Strasbourg. C\u2019est dans ce cocon que l\u2019\u00e9quipe organise, chaque mois, un d\u00eener pour mettre en lumi\u00e8re un(e) producteur\/rice, un(e) vigneron(ne) ou un(e) artisan(e) qui fa\u00e7onne la mati\u00e8re premi\u00e8re du restaurant. On vous parle des prochains rendez-vous qui auront lieu les mardis 29 juillet et 12 ao\u00fbt.\u00a0<\/strong><\/p>\n<p>Au c\u0153ur de la Petite France, comme <strong>cach\u00e9 dans l\u2019une des ruelles les plus \u00e9troites de la ville<\/strong>, on d\u00e9couvre Ondine, <strong>un restaurant gastronomique de 12 couverts<\/strong>.<\/p>\n<p>Le credo des chef(fe)s No\u00e9mie D\u2019Hooge et Marin R\u00e9my, c\u2019est de proposer <strong>une cuisine engag\u00e9e et naturelle,<\/strong> qui puise une bonne partie de <strong>son inspiration dans les campagnes alsaciennes.<\/strong><\/p>\n<p>C\u00f4t\u00e9 vins et boissons, en salle, c\u2019est <strong>Valeria Barrera qui d\u00e9niche les justes accords<\/strong> qui se marieront avec chaque instant.<\/p>\n<p>                <img width=\"333\" height=\"500\" src=\"https:\/\/www.europesays.com\/fr\/wp-content\/uploads\/2025\/07\/241002-ondine-plats-133-333x500.jpg\" class=\"attachment-gallery size-gallery\" alt=\"241002_ONDINE_PLATS-133\" data-full-url=\"https:\/\/pokaa.fr\/wp-content\/uploads\/2025\/07\/23\/241002-ondine-plats-133.jpg\" decoding=\"async\" loading=\"lazy\"  \/>            <\/p>\n<p>                <img width=\"331\" height=\"500\" src=\"https:\/\/www.europesays.com\/fr\/wp-content\/uploads\/2025\/07\/241001-ondine-portrait-32-331x500.jpg\" class=\"attachment-gallery size-gallery\" alt=\"241001_ONDINE_PORTRAIT-32\" data-full-url=\"https:\/\/pokaa.fr\/wp-content\/uploads\/2025\/07\/23\/241001-ondine-portrait-32.jpg\" decoding=\"async\" loading=\"lazy\"  \/>            <\/p>\n<p>                <img width=\"333\" height=\"500\" src=\"https:\/\/www.europesays.com\/fr\/wp-content\/uploads\/2025\/07\/231118-ondine-novembre-plats-375-copie-333x500.jpeg\" class=\"attachment-gallery size-gallery\" alt=\"Restaurant Ondine\" data-full-url=\"https:\/\/pokaa.fr\/wp-content\/uploads\/2024\/05\/17\/231118-ondine-novembre-plats-375-copie.jpeg\" decoding=\"async\" loading=\"lazy\"  \/>            <\/p>\n<p>                <img width=\"333\" height=\"500\" src=\"https:\/\/www.europesays.com\/fr\/wp-content\/uploads\/2025\/07\/240304-ondine-ambiance-104-scaled-e1715940549944-333x500.jpeg\" class=\"attachment-gallery size-gallery\" alt=\"Restaurant Ondine\" data-full-url=\"https:\/\/pokaa.fr\/wp-content\/uploads\/2024\/05\/17\/240304-ondine-ambiance-104-1500x2250.jpeg\" decoding=\"async\" loading=\"lazy\"  \/>            <\/p>\n<p>                <img width=\"333\" height=\"500\" src=\"https:\/\/www.europesays.com\/fr\/wp-content\/uploads\/2025\/07\/240304-ondine-ambiance-76-scaled-e1715940566326-333x500.jpeg\" class=\"attachment-gallery size-gallery\" alt=\"Restaurant Ondine\" data-full-url=\"https:\/\/pokaa.fr\/wp-content\/uploads\/2024\/05\/17\/240304-ondine-ambiance-76-1500x2250.jpeg\" decoding=\"async\" loading=\"lazy\"  \/>            <\/p>\n<p>                    \u00a9 Pauline Gouablin \/ Documents remis<\/p>\n<p>Cueillettes, fermentation, boissons sans alcool maison, ici <strong>tout est dans le d\u00e9tail,<\/strong> et l\u2019\u00e9quipe met un point d\u2019honneur \u00e0<strong> valoriser le travail des artisan(e)s et des producteurs\/rices<\/strong>\u00a0qui, \u00e0 leur mani\u00e8re, ont contribu\u00e9 au succ\u00e8s du restaurant.<\/p>\n<p>Voil\u00e0 pourquoi, chaque mois, lors d\u2019une soir\u00e9e sp\u00e9ciale, l\u2019\u00e9quipe d\u2019Ondine met en avant un visage au c\u0153ur du restaurant.<\/p>\n<p>                <img width=\"333\" height=\"500\" src=\"https:\/\/www.europesays.com\/fr\/wp-content\/uploads\/2025\/07\/240304-ondine-plats-109-scaled-e1715940503996-333x500.jpeg\" class=\"attachment-gallery size-gallery\" alt=\"Restaurant Ondine\" data-full-url=\"https:\/\/pokaa.fr\/wp-content\/uploads\/2024\/05\/17\/240304-ondine-plats-109-1500x2250.jpeg\" decoding=\"async\" loading=\"lazy\"  \/>            <\/p>\n<p>                <img width=\"875\" height=\"500\" src=\"https:\/\/www.europesays.com\/fr\/wp-content\/uploads\/2025\/07\/ondine3-875x500.png\" class=\"attachment-gallery size-gallery\" alt=\"Ondine restaurant\" data-full-url=\"https:\/\/pokaa.fr\/wp-content\/uploads\/2024\/05\/21\/ondine3.png\" decoding=\"async\" loading=\"lazy\"  \/>            <\/p>\n<p>                <img width=\"333\" height=\"500\" src=\"https:\/\/www.europesays.com\/fr\/wp-content\/uploads\/2025\/07\/240304-ondine-ambiance-55-scaled-e1715940606471-333x500.jpeg\" class=\"attachment-gallery size-gallery\" alt=\"Restaurant Ondine\" data-full-url=\"https:\/\/pokaa.fr\/wp-content\/uploads\/2024\/05\/17\/240304-ondine-ambiance-55-1500x2250.jpeg\" decoding=\"async\" loading=\"lazy\"  \/>            <\/p>\n<p>                <img width=\"333\" height=\"500\" src=\"https:\/\/www.europesays.com\/fr\/wp-content\/uploads\/2025\/07\/240304-ondine-plats-105-scaled-e1715940519686-333x500.jpeg\" class=\"attachment-gallery size-gallery\" alt=\"Restaurant Ondine\" data-full-url=\"https:\/\/pokaa.fr\/wp-content\/uploads\/2024\/05\/17\/240304-ondine-plats-105-1500x2250.jpeg\" decoding=\"async\" loading=\"lazy\"  \/>            <\/p>\n<p>                <img width=\"333\" height=\"500\" src=\"https:\/\/www.europesays.com\/fr\/wp-content\/uploads\/2025\/07\/231118-ondine-service-86-333x500.jpeg\" class=\"attachment-gallery size-gallery\" alt=\"Ondine restaurant\" data-full-url=\"https:\/\/pokaa.fr\/wp-content\/uploads\/2024\/05\/17\/231118-ondine-service-86.jpeg\" decoding=\"async\" loading=\"lazy\"  \/>            <\/p>\n<p>                    \u00a9 Pauline Gouablin \/ Documents remis<\/p>\n<p>Des soir\u00e9es pour rencontrer, associer, savourer et valoriser <\/p>\n<p>Depuis le mois de juin, Ondine invite une fois par mois <strong>une personnalit\u00e9 qui s\u2019installe au centre du restaurant pour une soir\u00e9e et un d\u00eener anim\u00e9s.<\/strong><\/p>\n<p>Apr\u00e8s Jean Walch, dont vous avez peut-\u00eatre entendu la voix du c\u00f4t\u00e9 du caviste Au Fil du Vin Libre, place \u00e0 trois autres passionn\u00e9(e)s qui viendront pr\u00e9senter leurs cr\u00e9ations : <strong>des vins et des boissons sans alcool en accord avec le menu d\u2019\u00e9t\u00e9 propos\u00e9 en six instants.<\/strong><\/p>\n<p><strong>Le mardi 29 juillet<\/strong>, c\u2019est Charlotte et Antoine Kreydenweiss <strong>du domaine Marc Kreydenweiss<\/strong>, install\u00e9 \u00e0 Andlau, qui pr\u00e9senteront leurs <strong>vins cultiv\u00e9s en biodynamie<\/strong> depuis plus de 30 ans. Travail des sols, \u00e9quilibres et \u00e9nergies du vin <strong>s\u2019accorderont parfaitement avec la fra\u00eecheur du menu.<\/strong><\/p>\n<p>    <img width=\"800\" height=\"600\" src=\"https:\/\/www.europesays.com\/fr\/wp-content\/uploads\/2025\/07\/charlotte-et-antoine-kreydenweiss-cave-a-futs-800x600.jpg\" class=\"attachment-image-size-L size-image-size-L\" alt=\"Charlotte et Antoine Kreydenweiss Cave \u00e0 f\u00fbts\" decoding=\"async\" loading=\"lazy\"  \/>         Charlotte et Antoine Kreydenweiss.\u00a9 Restaurant Ondine \/ Document remis <\/p>\n<p><strong>Le mardi 12 ao\u00fbt<\/strong>, place \u00e0 <strong>Elsa Steullet, une ancienne sommeli\u00e8re<\/strong> qui \u00e9labore des <strong>boissons ferment\u00e9es non alcoolis\u00e9es \u00e0 base de plantes<\/strong>, de fleurs et d\u2019\u00e9pices. Elle propose une approche artisanale, v\u00e9g\u00e9tale et d\u00e9licate de la fermentation. L\u00e0 aussi,<strong> un d\u00eener en six instants sera propos\u00e9 en accord avec ces boissons.<\/strong><\/p>\n<p>\u00c0 l\u2019automne, toujours les mardis, <strong>les domaines Pierre Frick et Christian Binner seront invit\u00e9s<\/strong>, mais les dates ne sont pas encore connues.<\/p>\n<p>Si vous souhaitez tenter l\u2019exp\u00e9rience, et<strong> associer la cuisine d\u2019Ondine \u00e0 un produit, un visage et un savoir-faire<\/strong>, les r\u00e9servations, <strong><a href=\"https:\/\/ondine-strasbourg.fr\/\" target=\"_blank\" rel=\"noopener\">c\u2019est par ici.<\/a><\/strong><\/p>\n<p>            Un d\u00eener chez Ondine avec un(e) producteur\/rice <\/p>\n<p>            Quoi ? <\/p>\n<p>D\u00eener en six temps avec la pr\u00e9sence d\u2019un(e) producteur\/rice<\/p>\n<p>                Quand ?<\/p>\n<p>Les mardis 29 juillet et 12 ao\u00fbt 2025, \u00e0 19h45<\/p>\n<p>            o\u00f9 ?<\/p>\n<p>Ondine, 10 petite rue des Dentelles, \u00e0 Strasbourg<\/p>\n<p>                Plus d&rsquo;infos ?<\/p>\n<p><strong><a href=\"https:\/\/www.google.com\/url?sa=t&amp;source=web&amp;rct=j&amp;opi=89978449&amp;url=https:\/\/ondine-strasbourg.fr\/&amp;ved=2ahUKEwj3mP3FzJSGAxWTBfsDHaqGABUQFnoECBUQAQ&amp;usg=AOvVaw0cW7eINEjriwX992rNRij2\" target=\"_blank\" rel=\"noopener\">Le site web et les r\u00e9servations<\/a><\/strong><\/p>\n<p><strong>T\u00e9l : 03 88 52 02 91<\/strong><\/p>\n","protected":false},"excerpt":{"rendered":"Accueil \/ Sorties \/ D\u00eeners d\u2019exception : \u00e0 Strasbourg, le restaurant Ondine nous invite \u00e0 rencontrer les producteurs&hellip;\n","protected":false},"author":2,"featured_media":268813,"comment_status":"","ping_status":"","sticky":false,"template":"","format":"standard","meta":{"footnotes":""},"categories":[2820],"tags":[1111,11,20070,1777,674,1011,27,775,12,22284,5486,25,640],"class_list":{"0":"post-268812","1":"post","2":"type-post","3":"status-publish","4":"format-standard","5":"has-post-thumbnail","7":"category-strasbourg","8":"tag-actu","9":"tag-actualites","10":"tag-diner","11":"tag-eu","12":"tag-europe","13":"tag-fr","14":"tag-france","15":"tag-grand-est","16":"tag-news","17":"tag-producteur","18":"tag-rencontre","19":"tag-republique-francaise","20":"tag-strasbourg"},"share_on_mastodon":{"url":"https:\/\/pubeurope.com\/@fr\/114904337499677849","error":""},"_links":{"self":[{"href":"https:\/\/www.europesays.com\/fr\/wp-json\/wp\/v2\/posts\/268812","targetHints":{"allow":["GET"]}}],"collection":[{"href":"https:\/\/www.europesays.com\/fr\/wp-json\/wp\/v2\/posts"}],"about":[{"href":"https:\/\/www.europesays.com\/fr\/wp-json\/wp\/v2\/types\/post"}],"author":[{"embeddable":true,"href":"https:\/\/www.europesays.com\/fr\/wp-json\/wp\/v2\/users\/2"}],"replies":[{"embeddable":true,"href":"https:\/\/www.europesays.com\/fr\/wp-json\/wp\/v2\/comments?post=268812"}],"version-history":[{"count":0,"href":"https:\/\/www.europesays.com\/fr\/wp-json\/wp\/v2\/posts\/268812\/revisions"}],"wp:featuredmedia":[{"embeddable":true,"href":"https:\/\/www.europesays.com\/fr\/wp-json\/wp\/v2\/media\/268813"}],"wp:attachment":[{"href":"https:\/\/www.europesays.com\/fr\/wp-json\/wp\/v2\/media?parent=268812"}],"wp:term":[{"taxonomy":"category","embeddable":true,"href":"https:\/\/www.europesays.com\/fr\/wp-json\/wp\/v2\/categories?post=268812"},{"taxonomy":"post_tag","embeddable":true,"href":"https:\/\/www.europesays.com\/fr\/wp-json\/wp\/v2\/tags?post=268812"}],"curies":[{"name":"wp","href":"https:\/\/api.w.org\/{rel}","templated":true}]}}