{"id":268814,"date":"2025-07-23T20:03:11","date_gmt":"2025-07-23T20:03:11","guid":{"rendered":"https:\/\/www.europesays.com\/fr\/268814\/"},"modified":"2025-07-23T20:03:11","modified_gmt":"2025-07-23T20:03:11","slug":"quick-ouvre-un-deuxieme-restaurant-a-nice-voici-ou-et-quand","status":"publish","type":"post","link":"https:\/\/www.europesays.com\/fr\/268814\/","title":{"rendered":"Quick ouvre un deuxi\u00e8me restaurant \u00e0 Nice : voici o\u00f9 et quand"},"content":{"rendered":"<p>            Par<br \/>\n        <strong><br \/>\n            <a href=\"https:\/\/actu.fr\/auteur\/ugo-maillard\" title=\"Consulter tous les articles de Ugo Maillard\" rel=\"nofollow noopener\" target=\"_blank\">Ugo Maillard<\/a><br \/>\n        <\/strong><\/p>\n<p>        Publi\u00e9 le<\/p>\n<p>            23 juil. 2025 \u00e0 16h44        <\/p>\n<p>Un nouveau restaurant <strong>Quick<\/strong> ouvre ses portes au sein du centre commercial Carrefour Lingosti\u00e8re \u00e0 <a href=\"https:\/\/actu.fr\/nice\/\" rel=\"nofollow noopener\" target=\"_blank\">Nice<\/a>, le <strong>jeudi 24\u00a0juillet<\/strong> 2025.<\/p>\n<p>    <a href=\"https:\/\/www.google.com\/maps\/embed?pb=!1m18!1m12!1m3!1d2883.1213944651577!2d7.186217175906799!3d43.72880497109856!2m3!1f0!2f0!3f0!3m2!1i1024!2i768!4f13.1!3m3!1m2!1s0x12cdce0fc15be03f%3A0xe0e6b83325f91601!2sCarrefour%20Nice%20Lingosti%C3%A8re!5e0!3m2!1sfr!2sfr!4v1753280614660!5m2!1sfr!2sfr\" title=\"Ouvrie le lien\" rel=\"nofollow noopener\" target=\"_blank\">Cliquez ici pour visualiser le contenu<\/a><\/p>\n<p class=\" wall-content\">Comme<a href=\"https:\/\/actu.fr\/provence-alpes-cote-d-azur\/nice_06088\/quick-ouvre-un-nouveau-restaurant-a-nice-voici-tout-ce-que-l-on-sait_62660014.html\" rel=\"nofollow noopener\" target=\"_blank\"> annonc\u00e9 sur actu Nice <\/a>d\u00e8s le mois de mai\u00a02025, la franchise de fast-food continue de d\u00e9velopper son maillage dans le sud de la France.<\/p>\n<p class=\" wall-content\">D\u00e9couvrez les d\u00e9tails du nouveau restaurant Quick, \u00e0 l\u2019ouest de Nice.<\/p>\n<p>Plus de 100 places assises<\/p>\n<p class=\" wall-content\">Apr\u00e8s un <a href=\"https:\/\/actu.fr\/provence-alpes-cote-d-azur\/nice_06088\/quick-ouvre-a-nice-le-restaurant-deja-pris-d-assaut-par-les-nicois_62550747.html\" rel=\"nofollow noopener\" target=\"_blank\">retour en grande pompe<\/a>\u00a0le 24\u00a0avril dernier, les \u00e9quipes de Quick s\u2019appr\u00eatent \u00e0 inaugurer un deuxi\u00e8me restaurant dans la capitale de la C\u00f4te d\u2019Azur.<\/p>\n<blockquote class=\"ac-article-quote wall-content\">\n<p>C\u2019est une vraie fiert\u00e9 de participer au rayonnement de la marque dans la r\u00e9gion Provence-Alpes-C\u00f4te d\u2019Azur. Tout est pr\u00eat pour proposer une offre de restauration de qualit\u00e9 et faire (re)d\u00e9couvrir au plus grand nombre nos recettes mythiques comme le Giant ou la gamme des Longs, ou bien encore les derni\u00e8res cr\u00e9ations de l\u2019enseigne.<\/p>\n<p>    <strong>Rokiya Sebag<\/strong><br \/>\n        Franchis\u00e9e Quick    <\/p><\/blockquote>\n<p>    <img   decoding=\"async\" loading=\"lazy\" src=\"https:\/\/www.europesays.com\/fr\/wp-content\/uploads\/2025\/07\/quick-lingostere-nice-960x640.png\" alt=\"Plus de 120 places assises sont mises \u00e0 disposition des clients du restaurant.\" width=\"960\" height=\"640\"\/><br \/>\n    Plus de 120 places assises sont mises \u00e0 disposition des clients du restaurant. (\u00a9HOPSCOTCH Groupe)<\/p>\n<p class=\" wall-content\">Le point de vente dispose de <strong>124 places assises<\/strong>, dont 78 en salle et 46 en terrasse. \u00ab\u2009La client\u00e8le aura \u00e0 sa disposition des bornes de commandes et pourra \u00e9galement b\u00e9n\u00e9ficier de la vente \u00e0 emporter, ainsi que de la livraison \u00e0 domicile\u2009\u00bb, assurent les \u00e9quipes de Quick.<\/p>\n<p class=\" wall-content\">\u00c0 noter que 50\u00a0personnes ont \u00e9t\u00e9 recrut\u00e9es en CDI.<\/p>\n<p class=\" wall-content\">Suivez toute l\u2019actualit\u00e9 de vos villes et m\u00e9dias favoris en vous inscrivant \u00e0 <a href=\"https:\/\/moncompte.actu.fr\" title=\"D\u00e9couvez Mon Actu\" rel=\"nofollow noopener\" data-trk=\"{&quot;cta&quot;:{&quot;action&quot;:&quot;https:\\\/\\\/moncompte.actu.fr&quot;,&quot;category&quot;:&quot;mon compte&quot;,&quot;from&quot;:&quot;article footer&quot;,&quot;name&quot;:&quot;Mon actu&quot;,&quot;type&quot;:&quot;cta&quot;}}\" target=\"_blank\">Mon Actu<\/a>.<\/p>\n","protected":false},"excerpt":{"rendered":"Par Ugo Maillard Publi\u00e9 le 23 juil. 2025 \u00e0 16h44 Un nouveau restaurant Quick ouvre ses portes au&hellip;\n","protected":false},"author":2,"featured_media":268815,"comment_status":"","ping_status":"","sticky":false,"template":"","format":"standard","meta":{"footnotes":""},"categories":[2819],"tags":[1111,11,215,1777,674,1011,27,1305,12,2401,882,25,1340],"class_list":{"0":"post-268814","1":"post","2":"type-post","3":"status-publish","4":"format-standard","5":"has-post-thumbnail","7":"category-nice","8":"tag-actu","9":"tag-actualites","10":"tag-commerce","11":"tag-eu","12":"tag-europe","13":"tag-fr","14":"tag-france","15":"tag-lifestyle","16":"tag-news","17":"tag-nice","18":"tag-provence-alpes-cote-dazur","19":"tag-republique-francaise","20":"tag-restaurant"},"share_on_mastodon":{"url":"https:\/\/pubeurope.com\/@fr\/114904341183722718","error":""},"_links":{"self":[{"href":"https:\/\/www.europesays.com\/fr\/wp-json\/wp\/v2\/posts\/268814","targetHints":{"allow":["GET"]}}],"collection":[{"href":"https:\/\/www.europesays.com\/fr\/wp-json\/wp\/v2\/posts"}],"about":[{"href":"https:\/\/www.europesays.com\/fr\/wp-json\/wp\/v2\/types\/post"}],"author":[{"embeddable":true,"href":"https:\/\/www.europesays.com\/fr\/wp-json\/wp\/v2\/users\/2"}],"replies":[{"embeddable":true,"href":"https:\/\/www.europesays.com\/fr\/wp-json\/wp\/v2\/comments?post=268814"}],"version-history":[{"count":0,"href":"https:\/\/www.europesays.com\/fr\/wp-json\/wp\/v2\/posts\/268814\/revisions"}],"wp:featuredmedia":[{"embeddable":true,"href":"https:\/\/www.europesays.com\/fr\/wp-json\/wp\/v2\/media\/268815"}],"wp:attachment":[{"href":"https:\/\/www.europesays.com\/fr\/wp-json\/wp\/v2\/media?parent=268814"}],"wp:term":[{"taxonomy":"category","embeddable":true,"href":"https:\/\/www.europesays.com\/fr\/wp-json\/wp\/v2\/categories?post=268814"},{"taxonomy":"post_tag","embeddable":true,"href":"https:\/\/www.europesays.com\/fr\/wp-json\/wp\/v2\/tags?post=268814"}],"curies":[{"name":"wp","href":"https:\/\/api.w.org\/{rel}","templated":true}]}}